{"id":59606,"date":"2020-12-21T17:42:22","date_gmt":"2020-12-21T22:42:22","guid":{"rendered":"https:\/\/futbolhoy.co\/?p=59606"},"modified":"2020-12-22T08:43:40","modified_gmt":"2020-12-22T13:43:40","slug":"nuevo-tecnico-para-venezuela-sub-20","status":"publish","type":"post","link":"https:\/\/futbolhoy.co\/index.php\/2020\/12\/21\/nuevo-tecnico-para-venezuela-sub-20\/","title":{"rendered":"Nuevo t\u00e9cnico para Venezuela sub-20"},"content":{"rendered":"<p style=\"text-align: justify;\"><span style=\"font-family: helvetica, arial, sans-serif;\">El entrenador <strong>Mart\u00edn Carrillo<\/strong> dirigir\u00e1 la selecci\u00f3n sub&#8217;20 de <strong>Venezuela<\/strong> que disputar\u00e1 el Suramericano de la categor\u00eda, que otorgar\u00e1 cuatro cupos al <strong>Mundial de Indonesia 2021<\/strong>.<\/span><\/p>\n<p style=\"text-align: justify;\"><span style=\"font-family: helvetica, arial, sans-serif;\">\u00abEse es el objetivo principal, ir al mundial de Indonesia. Ese es nuestro objetivo, no hay otro que clasificar a la copa del mundo\u00bb, dijo en su primera rueda de prensa Carrillo, quien sustituye a Jos\u00e9 Hern\u00e1ndez.<\/span><\/p>\n<p style=\"text-align: justify;\"><span style=\"font-family: helvetica, arial, sans-serif;\">El nuevo entrenador, quien dirigi\u00f3 a <strong>Trujillanos<\/strong> durante un a\u00f1o y medio, anticip\u00f3 que iniciar\u00e1 su preparaci\u00f3n con 44 jugadores entre el 26 y el 30 de diciembre.<\/span><\/p>\n<p style=\"text-align: justify;\"><span style=\"font-family: helvetica, arial, sans-serif;\">El torneo est\u00e1 programado entre el 2 y 27 de febrero en <strong>Colombia<\/strong><\/span><\/p>\n","protected":false},"excerpt":{"rendered":"<p>El entrenador Mart\u00edn Carrillo dirigir\u00e1 la selecci\u00f3n sub&#8217;20 de Venezuela que disputar\u00e1 el Suramericano de la categor\u00eda, que otorgar\u00e1 cuatro cupos al Mundial de Indonesia 2021. \u00abEse es el objetivo principal, ir al mundial de Indonesia. Ese es nuestro objetivo, no hay otro que clasificar a la copa del mundo\u00bb, dijo en su primera rueda [&hellip;]<\/p>\n","protected":false},"author":5,"featured_media":59609,"comment_status":"open","ping_status":"closed","sticky":false,"template":"","format":"standard","meta":{"_acf_changed":false,"footnotes":""},"categories":[152],"tags":[],"class_list":{"0":"post-59606","1":"post","2":"type-post","3":"status-publish","4":"format-standard","5":"has-post-thumbnail","7":"category-mundo-futbol"},"acf":[],"_links":{"self":[{"href":"https:\/\/futbolhoy.co\/index.php\/wp-json\/wp\/v2\/posts\/59606","targetHints":{"allow":["GET"]}}],"collection":[{"href":"https:\/\/futbolhoy.co\/index.php\/wp-json\/wp\/v2\/posts"}],"about":[{"href":"https:\/\/futbolhoy.co\/index.php\/wp-json\/wp\/v2\/types\/post"}],"author":[{"embeddable":true,"href":"https:\/\/futbolhoy.co\/index.php\/wp-json\/wp\/v2\/users\/5"}],"replies":[{"embeddable":true,"href":"https:\/\/futbolhoy.co\/index.php\/wp-json\/wp\/v2\/comments?post=59606"}],"version-history":[{"count":1,"href":"https:\/\/futbolhoy.co\/index.php\/wp-json\/wp\/v2\/posts\/59606\/revisions"}],"predecessor-version":[{"id":59611,"href":"https:\/\/futbolhoy.co\/index.php\/wp-json\/wp\/v2\/posts\/59606\/revisions\/59611"}],"wp:featuredmedia":[{"embeddable":true,"href":"https:\/\/futbolhoy.co\/index.php\/wp-json\/wp\/v2\/media\/59609"}],"wp:attachment":[{"href":"https:\/\/futbolhoy.co\/index.php\/wp-json\/wp\/v2\/media?parent=59606"}],"wp:term":[{"taxonomy":"category","embeddable":true,"href":"https:\/\/futbolhoy.co\/index.php\/wp-json\/wp\/v2\/categories?post=59606"},{"taxonomy":"post_tag","embeddable":true,"href":"https:\/\/futbolhoy.co\/index.php\/wp-json\/wp\/v2\/tags?post=59606"}],"curies":[{"name":"wp","href":"https:\/\/api.w.org\/{rel}","templated":true}]}}