{"id":59702,"date":"2020-12-24T12:08:33","date_gmt":"2020-12-24T17:08:33","guid":{"rendered":"https:\/\/futbolhoy.co\/?p=59702"},"modified":"2020-12-25T18:05:16","modified_gmt":"2020-12-25T23:05:16","slug":"rueda-tiene-plazo-hasta-fin-de-ano-milad","status":"publish","type":"post","link":"https:\/\/futbolhoy.co\/index.php\/2020\/12\/24\/rueda-tiene-plazo-hasta-fin-de-ano-milad\/","title":{"rendered":"Rueda tiene plazo hasta fin de a\u00f1o: Milad"},"content":{"rendered":"<audio class=\"wp-audio-shortcode\" id=\"audio-59702-1\" preload=\"none\" style=\"width: 100%;\" controls=\"controls\"><source type=\"audio\/mpeg\" src=\"https:\/\/futbolhoy.co\/wp-content\/uploads\/2020\/12\/ACERO-PABLO-MILAD2020-12-24.mp3?_=1\" \/><a href=\"https:\/\/futbolhoy.co\/wp-content\/uploads\/2020\/12\/ACERO-PABLO-MILAD2020-12-24.mp3\">https:\/\/futbolhoy.co\/wp-content\/uploads\/2020\/12\/ACERO-PABLO-MILAD2020-12-24.mp3<\/a><\/audio>\n<p>(Pablo Milad, presidente de la ANFP, en di\u00e1logo con Radio Agricultura)<\/p>\n<p style=\"text-align: justify;\"><span style=\"font-family: helvetica, arial, sans-serif;\">El presidente de la <strong>Asociaci\u00f3n Nacional de F\u00fatbol Profesional, Pablo Milad<\/strong>, asegur\u00f3 que <strong>Reinaldo Rueda<\/strong> sigue siendo el seleccionador de <strong>Chile,<\/strong> pero tiene plazo hasta final del a\u00f1o para decidir su futuro.<\/span><\/p>\n<p style=\"text-align: justify;\"><span style=\"font-family: helvetica, arial, sans-serif;\">\u201cSigue siendo (el t\u00e9cnico de la selecci\u00f3n) hasta que se diga lo contrario. No hemos tenido ninguna respuesta de la <strong>Federaci\u00f3n Colombiana<\/strong> ni el t\u00e9cnico, pero nosotros vamos a poner una fecha l\u00edmite porque necesitamos tener certeza de lo que viene para el f\u00fatbol chileno. Como m\u00e1ximo fin de a\u00f1o, la pr\u00f3xima semana que queda poco y nosotros necesitamos trabajar desde ya con un horizonte claro para no tener esta incertidumbre sobre si va a seguir o no el t\u00e9cnico\u201d, dijo Milad en di\u00e1logo con <em>Radio Agricultura<\/em> de <strong>Santiago.<\/strong><\/span><\/p>\n<p style=\"text-align: justify;\"><span style=\"font-family: helvetica, arial, sans-serif;\">\u201cLos jugadores est\u00e1n bastante inquietos, algunos de ellos me han llamado para ver en qu\u00e9 situaci\u00f3n est\u00e1 el t\u00e9cnico y todav\u00eda no les puedo dar ninguna respuesta. Ahora se sum\u00f3 el contagio de <strong>COVID-19<\/strong> del presidente de la <strong>Federaci\u00f3n Colombiana (Ram\u00f3n Jesur\u00fan)\u201d,<\/strong> sostuvo el dirigente.<\/span><\/p>\n<p style=\"text-align: justify;\"><span style=\"font-family: helvetica, arial, sans-serif;\">El dirigente al ser interrogado sobre la continuidad del seleccionador, agreg\u00f3: \u201cnecesitamos tener una definici\u00f3n para ver cu\u00e1l es el proceso que sigue. Pensamos que tiene que ser lo antes posible. Es una pregunta complicada de responder porque siempre soy bien respetuoso con las personas que tienen contrato y uno asume todo lo que viene de una administraci\u00f3n pasada, eso significa que uno tiene que asumir con mucha responsabilidad todo lo que viene\u201d, puntualiz\u00f3.<\/span><\/p>\n<p style=\"text-align: justify;\"><span style=\"font-family: helvetica, arial, sans-serif;\">Rueda lleg\u00f3 el pasado fin de semana al pa\u00eds y la federaci\u00f3n mantiene su silencio sobre la posibilidad de asumir la direcci\u00f3n de la selecci\u00f3n colombiana.<\/span><\/p>\n","protected":false},"excerpt":{"rendered":"<p>(Pablo Milad, presidente de la ANFP, en di\u00e1logo con Radio Agricultura) El presidente de la Asociaci\u00f3n Nacional de F\u00fatbol Profesional, Pablo Milad, asegur\u00f3 que Reinaldo Rueda sigue siendo el seleccionador de Chile, pero tiene plazo hasta final del a\u00f1o para decidir su futuro. \u201cSigue siendo (el t\u00e9cnico de la selecci\u00f3n) hasta que se diga lo [&hellip;]<\/p>\n","protected":false},"author":5,"featured_media":11900,"comment_status":"open","ping_status":"closed","sticky":false,"template":"","format":"video","meta":{"_acf_changed":false,"footnotes":""},"categories":[418],"tags":[316,2013,96],"class_list":{"0":"post-59702","1":"post","2":"type-post","3":"status-publish","4":"format-video","5":"has-post-thumbnail","7":"category-colombia","8":"tag-chile","9":"tag-pablo-milad","10":"tag-reinaldo-rueda","11":"post_format-post-format-video"},"acf":[],"_links":{"self":[{"href":"https:\/\/futbolhoy.co\/index.php\/wp-json\/wp\/v2\/posts\/59702","targetHints":{"allow":["GET"]}}],"collection":[{"href":"https:\/\/futbolhoy.co\/index.php\/wp-json\/wp\/v2\/posts"}],"about":[{"href":"https:\/\/futbolhoy.co\/index.php\/wp-json\/wp\/v2\/types\/post"}],"author":[{"embeddable":true,"href":"https:\/\/futbolhoy.co\/index.php\/wp-json\/wp\/v2\/users\/5"}],"replies":[{"embeddable":true,"href":"https:\/\/futbolhoy.co\/index.php\/wp-json\/wp\/v2\/comments?post=59702"}],"version-history":[{"count":2,"href":"https:\/\/futbolhoy.co\/index.php\/wp-json\/wp\/v2\/posts\/59702\/revisions"}],"predecessor-version":[{"id":59743,"href":"https:\/\/futbolhoy.co\/index.php\/wp-json\/wp\/v2\/posts\/59702\/revisions\/59743"}],"wp:featuredmedia":[{"embeddable":true,"href":"https:\/\/futbolhoy.co\/index.php\/wp-json\/wp\/v2\/media\/11900"}],"wp:attachment":[{"href":"https:\/\/futbolhoy.co\/index.php\/wp-json\/wp\/v2\/media?parent=59702"}],"wp:term":[{"taxonomy":"category","embeddable":true,"href":"https:\/\/futbolhoy.co\/index.php\/wp-json\/wp\/v2\/categories?post=59702"},{"taxonomy":"post_tag","embeddable":true,"href":"https:\/\/futbolhoy.co\/index.php\/wp-json\/wp\/v2\/tags?post=59702"}],"curies":[{"name":"wp","href":"https:\/\/api.w.org\/{rel}","templated":true}]}}