{"id":59705,"date":"2020-12-26T05:34:53","date_gmt":"2020-12-26T10:34:53","guid":{"rendered":"https:\/\/futbolhoy.co\/?p=59705"},"modified":"2020-12-26T20:25:42","modified_gmt":"2020-12-27T01:25:42","slug":"espero-que-santa-fe-tenga-el-protagonismo-y-remonte-gerardo-bedoya","status":"publish","type":"post","link":"https:\/\/futbolhoy.co\/index.php\/2020\/12\/26\/espero-que-santa-fe-tenga-el-protagonismo-y-remonte-gerardo-bedoya\/","title":{"rendered":"Espero que Santa Fe remonte: Gerardo Bedoya\u00a0"},"content":{"rendered":"<audio class=\"wp-audio-shortcode\" id=\"audio-59705-1\" preload=\"none\" style=\"width: 100%;\" controls=\"controls\"><source type=\"audio\/mpeg\" src=\"https:\/\/futbolhoy.co\/wp-content\/uploads\/2020\/12\/ACERO-G.-BEDEOYA2020-12-23.mp3?_=1\" \/><a href=\"https:\/\/futbolhoy.co\/wp-content\/uploads\/2020\/12\/ACERO-G.-BEDEOYA2020-12-23.mp3\">https:\/\/futbolhoy.co\/wp-content\/uploads\/2020\/12\/ACERO-G.-BEDEOYA2020-12-23.mp3<\/a><\/audio>\n<p><span style=\"font-family: helvetica, arial, sans-serif; font-size: 10pt;\"><strong><em>Gerardo Bedoya &#8211; Exjugador Santa Fe<\/em><\/strong><\/span><\/p>\n<p style=\"font-weight: 400; text-align: justify;\"><span style=\"font-family: helvetica, arial, sans-serif;\"><strong>Gerardo Bedoya,<\/strong> exjugador de <strong>Independiente Santa Fe<\/strong>, se refiri\u00f3, en di\u00e1logo con <strong>Futbolhoy.co<\/strong>, al juego de vuelta de la gran final del f\u00fatbol colombiano este domingo entre el cuadro \u2018Cardenal\u2019 y el <strong>Am\u00e9rica<\/strong> de\u00a0<strong>Cali,<\/strong> encuentro donde los bogotanos llegan con una desventaja en el marcador de 0-3.\u00a0<\/span><\/p>\n<p style=\"font-weight: 400; text-align: justify;\"><span style=\"font-family: helvetica, arial, sans-serif;\"><strong>Bedoya<\/strong> destac\u00f3 el planteamiento de <strong>Juan Cruz Real<\/strong> en el juego de ida disputado en el estadio Pascual Guerrero y asegur\u00f3 que para \u00e9l el conjunto vallecuacano no era favorito a ganar la final ni a superar al <strong>Junior,<\/strong> tal y como lo hizo.\u00a0<\/span><\/p>\n<p style=\"font-weight: 400; text-align: justify;\"><span style=\"font-family: helvetica, arial, sans-serif;\">El antioque\u00f1o coment\u00f3 que ser\u00e1 muy dif\u00edcil para <strong>Santa Fe<\/strong> poder revertir la situaci\u00f3n; sin embargo, espera que el equipo de <strong>Harold Rivera<\/strong> asuma el protagonismo el domingo y logre remontar el marcador<\/span>.<\/p>\n<p>&nbsp;<\/p>\n","protected":false},"excerpt":{"rendered":"<p>Gerardo Bedoya &#8211; Exjugador Santa Fe Gerardo Bedoya, exjugador de Independiente Santa Fe, se refiri\u00f3, en di\u00e1logo con Futbolhoy.co, al juego de vuelta de la gran final del f\u00fatbol colombiano este domingo entre el cuadro \u2018Cardenal\u2019 y el Am\u00e9rica de\u00a0Cali, encuentro donde los bogotanos llegan con una desventaja en el marcador de 0-3.\u00a0 Bedoya destac\u00f3 [&hellip;]<\/p>\n","protected":false},"author":5,"featured_media":59710,"comment_status":"open","ping_status":"closed","sticky":false,"template":"","format":"video","meta":{"_acf_changed":false,"footnotes":""},"categories":[7],"tags":[],"class_list":{"0":"post-59705","1":"post","2":"type-post","3":"status-publish","4":"format-video","5":"has-post-thumbnail","7":"category-liga-betplay","8":"post_format-post-format-video"},"acf":[],"_links":{"self":[{"href":"https:\/\/futbolhoy.co\/index.php\/wp-json\/wp\/v2\/posts\/59705","targetHints":{"allow":["GET"]}}],"collection":[{"href":"https:\/\/futbolhoy.co\/index.php\/wp-json\/wp\/v2\/posts"}],"about":[{"href":"https:\/\/futbolhoy.co\/index.php\/wp-json\/wp\/v2\/types\/post"}],"author":[{"embeddable":true,"href":"https:\/\/futbolhoy.co\/index.php\/wp-json\/wp\/v2\/users\/5"}],"replies":[{"embeddable":true,"href":"https:\/\/futbolhoy.co\/index.php\/wp-json\/wp\/v2\/comments?post=59705"}],"version-history":[{"count":2,"href":"https:\/\/futbolhoy.co\/index.php\/wp-json\/wp\/v2\/posts\/59705\/revisions"}],"predecessor-version":[{"id":59758,"href":"https:\/\/futbolhoy.co\/index.php\/wp-json\/wp\/v2\/posts\/59705\/revisions\/59758"}],"wp:featuredmedia":[{"embeddable":true,"href":"https:\/\/futbolhoy.co\/index.php\/wp-json\/wp\/v2\/media\/59710"}],"wp:attachment":[{"href":"https:\/\/futbolhoy.co\/index.php\/wp-json\/wp\/v2\/media?parent=59705"}],"wp:term":[{"taxonomy":"category","embeddable":true,"href":"https:\/\/futbolhoy.co\/index.php\/wp-json\/wp\/v2\/categories?post=59705"},{"taxonomy":"post_tag","embeddable":true,"href":"https:\/\/futbolhoy.co\/index.php\/wp-json\/wp\/v2\/tags?post=59705"}],"curies":[{"name":"wp","href":"https:\/\/api.w.org\/{rel}","templated":true}]}}