{"id":59720,"date":"2020-12-25T11:11:49","date_gmt":"2020-12-25T16:11:49","guid":{"rendered":"https:\/\/futbolhoy.co\/?p=59720"},"modified":"2020-12-26T09:08:11","modified_gmt":"2020-12-26T14:08:11","slug":"james-no-juega-mas-este-ano","status":"publish","type":"post","link":"https:\/\/futbolhoy.co\/index.php\/2020\/12\/25\/james-no-juega-mas-este-ano\/","title":{"rendered":"James no juega m\u00e1s este a\u00f1o"},"content":{"rendered":"<p style=\"text-align: justify;\"><span style=\"font-family: helvetica, arial, sans-serif;\">El t\u00e9cnico italiano\u00a0<b>Carlo Ancelotti<\/b>\u00a0anunci\u00f3 que no podr\u00e1 contar m\u00e1s con el volante colombiano\u00a0<b>James Rodr\u00edguez<\/b> por lo que resta del a\u00f1o, debido a que no se l<\/span><span style=\"font-family: helvetica, arial, sans-serif;\">ogr\u00f3 recuperar de los problemas f\u00edsicos que padece.<\/span><\/p>\n<p style=\"text-align: justify;\"><span style=\"font-family: helvetica, arial, sans-serif;\">James, quien ya se ha perdido cuatro partidos con los\u00a0<b>\u2018Toffees\u2019<\/b>, presenta problemas en la pantorrilla y no estar\u00e1 en los juegos que le restan al equipo azul de Liverpool en la\u00a0<b>Liga Premier<\/b>\u00a0este 2020, el primero de ellos este s\u00e1bado en el\u00a0<b>\u2018Boxing Day\u2019<\/b>\u00a0contra el colero\u00a0<b>Sheffield United<\/b>\u00a0a las 3pm.<\/span><\/p>\n<p style=\"text-align: justify;\"><span style=\"font-family: helvetica, arial, sans-serif;\">\u201cS\u00ed,\u00a0<b>Richarlison<\/b>\u00a0tiene una conmoci\u00f3n cerebral, tiene que quedarse fuera, debemos seguir los protocolos. Adem\u00e1s, durante los pr\u00f3ximos dos partidos,\u00a0<b>James<\/b>\u00a0no estar\u00e1 disponible\u201d, declar\u00f3 Ancelotti en rueda de prensa.<\/span><\/p>\n<p style=\"text-align: justify;\"><span style=\"font-family: helvetica, arial, sans-serif;\">Everton marcha cuarto en el campeonato brit\u00e1nico con 26 puntos, a 5 del l\u00edder\u00a0<b>Liverpool<\/b>.<\/span><\/p>\n","protected":false},"excerpt":{"rendered":"<p>El t\u00e9cnico italiano\u00a0Carlo Ancelotti\u00a0anunci\u00f3 que no podr\u00e1 contar m\u00e1s con el volante colombiano\u00a0James Rodr\u00edguez por lo que resta del a\u00f1o, debido a que no se logr\u00f3 recuperar de los problemas f\u00edsicos que padece. James, quien ya se ha perdido cuatro partidos con los\u00a0\u2018Toffees\u2019, presenta problemas en la pantorrilla y no estar\u00e1 en los juegos que [&hellip;]<\/p>\n","protected":false},"author":5,"featured_media":59721,"comment_status":"open","ping_status":"closed","sticky":false,"template":"","format":"standard","meta":{"_acf_changed":false,"footnotes":""},"categories":[418],"tags":[],"class_list":{"0":"post-59720","1":"post","2":"type-post","3":"status-publish","4":"format-standard","5":"has-post-thumbnail","7":"category-colombia"},"acf":[],"_links":{"self":[{"href":"https:\/\/futbolhoy.co\/index.php\/wp-json\/wp\/v2\/posts\/59720","targetHints":{"allow":["GET"]}}],"collection":[{"href":"https:\/\/futbolhoy.co\/index.php\/wp-json\/wp\/v2\/posts"}],"about":[{"href":"https:\/\/futbolhoy.co\/index.php\/wp-json\/wp\/v2\/types\/post"}],"author":[{"embeddable":true,"href":"https:\/\/futbolhoy.co\/index.php\/wp-json\/wp\/v2\/users\/5"}],"replies":[{"embeddable":true,"href":"https:\/\/futbolhoy.co\/index.php\/wp-json\/wp\/v2\/comments?post=59720"}],"version-history":[{"count":5,"href":"https:\/\/futbolhoy.co\/index.php\/wp-json\/wp\/v2\/posts\/59720\/revisions"}],"predecessor-version":[{"id":59747,"href":"https:\/\/futbolhoy.co\/index.php\/wp-json\/wp\/v2\/posts\/59720\/revisions\/59747"}],"wp:featuredmedia":[{"embeddable":true,"href":"https:\/\/futbolhoy.co\/index.php\/wp-json\/wp\/v2\/media\/59721"}],"wp:attachment":[{"href":"https:\/\/futbolhoy.co\/index.php\/wp-json\/wp\/v2\/media?parent=59720"}],"wp:term":[{"taxonomy":"category","embeddable":true,"href":"https:\/\/futbolhoy.co\/index.php\/wp-json\/wp\/v2\/categories?post=59720"},{"taxonomy":"post_tag","embeddable":true,"href":"https:\/\/futbolhoy.co\/index.php\/wp-json\/wp\/v2\/tags?post=59720"}],"curies":[{"name":"wp","href":"https:\/\/api.w.org\/{rel}","templated":true}]}}