{"id":59725,"date":"2020-12-25T11:09:24","date_gmt":"2020-12-25T16:09:24","guid":{"rendered":"https:\/\/futbolhoy.co\/?p=59725"},"modified":"2020-12-25T20:02:34","modified_gmt":"2020-12-26T01:02:34","slug":"real-madrid-perdio-a-rodrygo","status":"publish","type":"post","link":"https:\/\/futbolhoy.co\/index.php\/2020\/12\/25\/real-madrid-perdio-a-rodrygo\/","title":{"rendered":"Real Madrid perdi\u00f3 a Rodrygo"},"content":{"rendered":"<p style=\"text-align: justify;\"><span style=\"font-family: helvetica, arial, sans-serif;\">El atacante brasile\u00f1o del\u00a0<b>Real Madrid<\/b>,\u00a0<b>Rodrygo Goes<\/b>\u00a0sufre una lesi\u00f3n muscular en el tend\u00f3n del b\u00edceps femoral de la pierna derecha que afecta el tend\u00f3n y estar\u00e1 ausente de las canchas cerca de tres meses.<\/span><\/p>\n<p style=\"text-align: justify;\"><span style=\"font-family: helvetica, arial, sans-serif;\">Rodrygo se lesion\u00f3 en el partido de\u00a0<b>LaLiga<\/b>\u00a0ante el\u00a0<b>Granada<\/b>, donde los\u00a0<b>\u2018merengues\u2019<\/b>\u00a0se impusieron 2-0.<\/span><\/p>\n<p style=\"text-align: justify;\"><span style=\"font-family: helvetica, arial, sans-serif;\">Rodrygo sufri\u00f3 la dolencia en la primera parte del partido disputado en el estadio\u00a0<b>Alfredo Di Stefano<\/b>, en una carrera que no pudo terminar.<\/span><\/p>\n","protected":false},"excerpt":{"rendered":"<p>El atacante brasile\u00f1o del\u00a0Real Madrid,\u00a0Rodrygo Goes\u00a0sufre una lesi\u00f3n muscular en el tend\u00f3n del b\u00edceps femoral de la pierna derecha que afecta el tend\u00f3n y estar\u00e1 ausente de las canchas cerca de tres meses. Rodrygo se lesion\u00f3 en el partido de\u00a0LaLiga\u00a0ante el\u00a0Granada, donde los\u00a0\u2018merengues\u2019\u00a0se impusieron 2-0. Rodrygo sufri\u00f3 la dolencia en la primera parte del partido [&hellip;]<\/p>\n","protected":false},"author":5,"featured_media":59728,"comment_status":"open","ping_status":"closed","sticky":false,"template":"","format":"standard","meta":{"_acf_changed":false,"footnotes":""},"categories":[152],"tags":[],"class_list":{"0":"post-59725","1":"post","2":"type-post","3":"status-publish","4":"format-standard","5":"has-post-thumbnail","7":"category-mundo-futbol"},"acf":[],"_links":{"self":[{"href":"https:\/\/futbolhoy.co\/index.php\/wp-json\/wp\/v2\/posts\/59725","targetHints":{"allow":["GET"]}}],"collection":[{"href":"https:\/\/futbolhoy.co\/index.php\/wp-json\/wp\/v2\/posts"}],"about":[{"href":"https:\/\/futbolhoy.co\/index.php\/wp-json\/wp\/v2\/types\/post"}],"author":[{"embeddable":true,"href":"https:\/\/futbolhoy.co\/index.php\/wp-json\/wp\/v2\/users\/5"}],"replies":[{"embeddable":true,"href":"https:\/\/futbolhoy.co\/index.php\/wp-json\/wp\/v2\/comments?post=59725"}],"version-history":[{"count":1,"href":"https:\/\/futbolhoy.co\/index.php\/wp-json\/wp\/v2\/posts\/59725\/revisions"}],"predecessor-version":[{"id":59729,"href":"https:\/\/futbolhoy.co\/index.php\/wp-json\/wp\/v2\/posts\/59725\/revisions\/59729"}],"wp:featuredmedia":[{"embeddable":true,"href":"https:\/\/futbolhoy.co\/index.php\/wp-json\/wp\/v2\/media\/59728"}],"wp:attachment":[{"href":"https:\/\/futbolhoy.co\/index.php\/wp-json\/wp\/v2\/media?parent=59725"}],"wp:term":[{"taxonomy":"category","embeddable":true,"href":"https:\/\/futbolhoy.co\/index.php\/wp-json\/wp\/v2\/categories?post=59725"},{"taxonomy":"post_tag","embeddable":true,"href":"https:\/\/futbolhoy.co\/index.php\/wp-json\/wp\/v2\/tags?post=59725"}],"curies":[{"name":"wp","href":"https:\/\/api.w.org\/{rel}","templated":true}]}}