{"id":59726,"date":"2020-12-25T11:09:34","date_gmt":"2020-12-25T16:09:34","guid":{"rendered":"https:\/\/futbolhoy.co\/?p=59726"},"modified":"2020-12-26T07:36:04","modified_gmt":"2020-12-26T12:36:04","slug":"positivos-en-el-city","status":"publish","type":"post","link":"https:\/\/futbolhoy.co\/index.php\/2020\/12\/25\/positivos-en-el-city\/","title":{"rendered":"Positivos en el City"},"content":{"rendered":"<p style=\"text-align: justify;\"><span style=\"font-family: helvetica, arial, sans-serif;\">El\u00a0<b>Manchester City<\/b>\u00a0anunci\u00f3 que el delantero brasile\u00f1o\u00a0<b>Gabriel Jes\u00fas<\/b>\u00a0y el defensa ingl\u00e9s\u00a0<b>Kyle Walker<\/b>\u00a0dieron positivo a un test de\u00a0<b>Covid-19<\/b>, as\u00ed como dos miembros del cuerpo t\u00e9cnico del club.<\/span><\/p>\n<p style=\"text-align: justify;\"><span style=\"font-family: helvetica, arial, sans-serif;\">\u00abLos cuatro\u00a0afectados est\u00e1n en aislamiento, de acuerdo al protocolo de cuarentena establecido por la\u00a0<b>Liga Premier<\/b>\u00a0y el gobierno brit\u00e1nico\u00bb, indic\u00f3 el club en un comunicado oficial en el cual les desea una \u00abr\u00e1pida recuperaci\u00f3n\u00bb.<\/span><\/p>\n<p style=\"text-align: justify;\"><span style=\"font-family: helvetica, arial, sans-serif;\">Los futbolistas deber\u00e1n aislarse al menos diez d\u00edas, lo que significa que ambos se perder\u00e1n el partido de este s\u00e1bado contra el\u00a0<b>Newcastle<\/b>, el duelo como visitante ante el\u00a0<b>Everton<\/b>\u00a0el 28 de diciembre y el compromiso del 3 de enero contra el\u00a0<b>Chelsea<\/b>.<\/span><\/p>\n","protected":false},"excerpt":{"rendered":"<p>El\u00a0Manchester City\u00a0anunci\u00f3 que el delantero brasile\u00f1o\u00a0Gabriel Jes\u00fas\u00a0y el defensa ingl\u00e9s\u00a0Kyle Walker\u00a0dieron positivo a un test de\u00a0Covid-19, as\u00ed como dos miembros del cuerpo t\u00e9cnico del club. \u00abLos cuatro\u00a0afectados est\u00e1n en aislamiento, de acuerdo al protocolo de cuarentena establecido por la\u00a0Liga Premier\u00a0y el gobierno brit\u00e1nico\u00bb, indic\u00f3 el club en un comunicado oficial en el cual les desea [&hellip;]<\/p>\n","protected":false},"author":5,"featured_media":59730,"comment_status":"open","ping_status":"closed","sticky":false,"template":"","format":"standard","meta":{"_acf_changed":false,"footnotes":""},"categories":[152],"tags":[],"class_list":{"0":"post-59726","1":"post","2":"type-post","3":"status-publish","4":"format-standard","5":"has-post-thumbnail","7":"category-mundo-futbol"},"acf":[],"_links":{"self":[{"href":"https:\/\/futbolhoy.co\/index.php\/wp-json\/wp\/v2\/posts\/59726","targetHints":{"allow":["GET"]}}],"collection":[{"href":"https:\/\/futbolhoy.co\/index.php\/wp-json\/wp\/v2\/posts"}],"about":[{"href":"https:\/\/futbolhoy.co\/index.php\/wp-json\/wp\/v2\/types\/post"}],"author":[{"embeddable":true,"href":"https:\/\/futbolhoy.co\/index.php\/wp-json\/wp\/v2\/users\/5"}],"replies":[{"embeddable":true,"href":"https:\/\/futbolhoy.co\/index.php\/wp-json\/wp\/v2\/comments?post=59726"}],"version-history":[{"count":2,"href":"https:\/\/futbolhoy.co\/index.php\/wp-json\/wp\/v2\/posts\/59726\/revisions"}],"predecessor-version":[{"id":59755,"href":"https:\/\/futbolhoy.co\/index.php\/wp-json\/wp\/v2\/posts\/59726\/revisions\/59755"}],"wp:featuredmedia":[{"embeddable":true,"href":"https:\/\/futbolhoy.co\/index.php\/wp-json\/wp\/v2\/media\/59730"}],"wp:attachment":[{"href":"https:\/\/futbolhoy.co\/index.php\/wp-json\/wp\/v2\/media?parent=59726"}],"wp:term":[{"taxonomy":"category","embeddable":true,"href":"https:\/\/futbolhoy.co\/index.php\/wp-json\/wp\/v2\/categories?post=59726"},{"taxonomy":"post_tag","embeddable":true,"href":"https:\/\/futbolhoy.co\/index.php\/wp-json\/wp\/v2\/tags?post=59726"}],"curies":[{"name":"wp","href":"https:\/\/api.w.org\/{rel}","templated":true}]}}