{"id":59744,"date":"2020-12-25T20:02:36","date_gmt":"2020-12-26T01:02:36","guid":{"rendered":"https:\/\/futbolhoy.co\/?p=59744"},"modified":"2020-12-26T17:23:40","modified_gmt":"2020-12-26T22:23:40","slug":"manager-de-borghi-anuncio-reunion-con-la-colfutbol","status":"publish","type":"post","link":"https:\/\/futbolhoy.co\/index.php\/2020\/12\/25\/manager-de-borghi-anuncio-reunion-con-la-colfutbol\/","title":{"rendered":"Manager de Borghi anunci\u00f3 reuni\u00f3n con la Colf\u00fatbol"},"content":{"rendered":"<p style=\"text-align: justify;\"><span style=\"font-family: helvetica, arial, sans-serif;\">Cristian Argiz, representante del t\u00e9cnico argentino\u00a0Claudio Borghi, asegur\u00f3 que la\u00a0Federaci\u00f3n Colombiana de F\u00fatbol\u00a0tomar\u00eda la pr\u00f3xima semana la decisi\u00f3n definitiva respecto al nombre de su nuevo seleccionado nacional, donde\u00a0Reinaldo Rueda\u00a0es favorito al cargo, pero su cliente no est\u00e1 descartado.<\/span><\/p>\n<p style=\"text-align: justify;\"><span style=\"font-family: helvetica, arial, sans-serif;\">\u201cHe estado conversando con\u00a0Iv\u00e1n Novella\u00a0(Director de Desarrollo y Selecciones Nacionales de Colombia), mano derecha del presidente\u00a0Ram\u00f3n Jerus\u00fan, quien seg\u00fan tengo entendido todav\u00eda est\u00e1 convaleciente de coronavirus. Seg\u00fan me dijo Novella, la pr\u00f3xima semana Jesur\u00fan estar\u00e1 en condiciones de sostener una reuni\u00f3n telem\u00e1tica con Borghi y conmigo. Ah\u00ed podremos conversar sobre el inter\u00e9s que existe para tenerlo. Seg\u00fan lo que s\u00e9, hay tres candidatos m\u00e1s firmes, uno colombiano y dos extranjeros. Yo no pregunto qui\u00e9nes son los candidatos, porque no me corresponde hacerlo. Sin embargo, en\u00a0Colombia\u00a0se sabe que el postulante local es Reinaldo Rueda, el t\u00e9cnico de la selecci\u00f3n chilena. Entre los extranjeros est\u00e1 el \u2018Bichi\u2019, eso es as\u00ed\u201d, aclara el empresario argentino a La Cuarta en territorio austral.<\/span><\/p>\n<p style=\"text-align: justify;\"><span style=\"font-family: helvetica, arial, sans-serif;\">Argiz confirm\u00f3 que la opci\u00f3n de llegar a la selecci\u00f3n colombiana le agrada al\u00a0\u2018Bichi\u2019. Sin embargo, confirma que no es la \u00fanica opci\u00f3n que tiene para \u00e9l. Seg\u00fan confirm\u00f3, existen un par de oportunidades en Europa que bien podr\u00edan concretarse, de no fructificar la oportunidad de llegar al combinado nacional.<\/span><\/p>\n<p style=\"text-align: justify;\"><span style=\"font-family: helvetica, arial, sans-serif;\">\u201cClaudio (Borghi) ya lo ha dicho p\u00fablicamente en otras ocasiones, le gusta mucho la idea de llegar a una selecci\u00f3n tan importante como la colombiana. Es un proyecto interesante para \u00e9l, donde encajar\u00eda perfectamente. Pero no es la \u00fanica oportunidad que manejamos en este momento. Existe un club de Espa\u00f1a y otra en la liga portuguesa que tambi\u00e9n preguntaron por el \u2018Bichi\u2019. Estamos a la espera de que se resuelva lo de Colombia y ah\u00ed veremos\u201d, sentenci\u00f3 el empresario.<\/span><\/p>\n","protected":false},"excerpt":{"rendered":"<p>Cristian Argiz, representante del t\u00e9cnico argentino\u00a0Claudio Borghi, asegur\u00f3 que la\u00a0Federaci\u00f3n Colombiana de F\u00fatbol\u00a0tomar\u00eda la pr\u00f3xima semana la decisi\u00f3n definitiva respecto al nombre de su nuevo seleccionado nacional, donde\u00a0Reinaldo Rueda\u00a0es favorito al cargo, pero su cliente no est\u00e1 descartado. \u201cHe estado conversando con\u00a0Iv\u00e1n Novella\u00a0(Director de Desarrollo y Selecciones Nacionales de Colombia), mano derecha del presidente\u00a0Ram\u00f3n Jerus\u00fan, [&hellip;]<\/p>\n","protected":false},"author":5,"featured_media":59745,"comment_status":"open","ping_status":"closed","sticky":false,"template":"","format":"standard","meta":{"_acf_changed":false,"footnotes":""},"categories":[418],"tags":[],"class_list":{"0":"post-59744","1":"post","2":"type-post","3":"status-publish","4":"format-standard","5":"has-post-thumbnail","7":"category-colombia"},"acf":[],"_links":{"self":[{"href":"https:\/\/futbolhoy.co\/index.php\/wp-json\/wp\/v2\/posts\/59744","targetHints":{"allow":["GET"]}}],"collection":[{"href":"https:\/\/futbolhoy.co\/index.php\/wp-json\/wp\/v2\/posts"}],"about":[{"href":"https:\/\/futbolhoy.co\/index.php\/wp-json\/wp\/v2\/types\/post"}],"author":[{"embeddable":true,"href":"https:\/\/futbolhoy.co\/index.php\/wp-json\/wp\/v2\/users\/5"}],"replies":[{"embeddable":true,"href":"https:\/\/futbolhoy.co\/index.php\/wp-json\/wp\/v2\/comments?post=59744"}],"version-history":[{"count":2,"href":"https:\/\/futbolhoy.co\/index.php\/wp-json\/wp\/v2\/posts\/59744\/revisions"}],"predecessor-version":[{"id":59754,"href":"https:\/\/futbolhoy.co\/index.php\/wp-json\/wp\/v2\/posts\/59744\/revisions\/59754"}],"wp:featuredmedia":[{"embeddable":true,"href":"https:\/\/futbolhoy.co\/index.php\/wp-json\/wp\/v2\/media\/59745"}],"wp:attachment":[{"href":"https:\/\/futbolhoy.co\/index.php\/wp-json\/wp\/v2\/media?parent=59744"}],"wp:term":[{"taxonomy":"category","embeddable":true,"href":"https:\/\/futbolhoy.co\/index.php\/wp-json\/wp\/v2\/categories?post=59744"},{"taxonomy":"post_tag","embeddable":true,"href":"https:\/\/futbolhoy.co\/index.php\/wp-json\/wp\/v2\/tags?post=59744"}],"curies":[{"name":"wp","href":"https:\/\/api.w.org\/{rel}","templated":true}]}}