{"id":59765,"date":"2020-12-26T07:10:48","date_gmt":"2020-12-26T12:10:48","guid":{"rendered":"https:\/\/futbolhoy.co\/?p=59765"},"modified":"2020-12-26T19:06:15","modified_gmt":"2020-12-27T00:06:15","slug":"se-va-beccacece","status":"publish","type":"post","link":"https:\/\/futbolhoy.co\/index.php\/2020\/12\/26\/se-va-beccacece\/","title":{"rendered":"Se va Beccacece"},"content":{"rendered":"<p style=\"text-align: justify;\"><span lang=\"ES\" style=\"font-family: helvetica, arial, sans-serif;\">El entrenador argentino\u00a0<b>Sebasti\u00e1n Beccacece<\/b>\u00a0renunci\u00f3 a la direcci\u00f3n t\u00e9cnica de\u00a0<b>Racing Club<\/b>, luego de la eliminaci\u00f3n en cuartos de final de la\u00a0<b>Copa Libertadores<\/b>\u00a0a manos de\u00a0<b>Boca Juniors<\/b>\u00a0y tras la partida del director deportivo\u00a0<b>Diego Milito<\/b>.<\/span><\/p>\n<p style=\"text-align: justify;\"><span lang=\"ES\" style=\"font-family: helvetica, arial, sans-serif;\">Beccacece, de 40 a\u00f1os, asegur\u00f3 que la salida de Milito, quien lo llev\u00f3 a la\u00a0<b>\u2018Academia\u2019<\/b>\u00a0forz\u00f3 su partida, la cual ya la comunic\u00f3 de manera formal a la junta directiva del club y a la plantilla de jugadores.<\/span><\/p>\n<p style=\"text-align: justify;\"><span lang=\"ES\" style=\"font-family: helvetica, arial, sans-serif;\">Bajo las \u00f3rdenes de Beccacece, Racing disput\u00f3 26 partidos, gan\u00f3 11, empat\u00f3 7 y perdi\u00f3 8, marcando 28 goles y recibiendo 30, para un rendimiento del 51,2 %.<\/span><\/p>\n<p style=\"text-align: justify;\"><span lang=\"ES\" style=\"font-family: helvetica, arial, sans-serif;\">El t\u00e9cnico permanecer\u00e1 en el cargo hasta que termine la\u00a0<b>Copa Maradona<\/b>, donde le resta enfrentar a\u00a0<b>Godoy Cruz<\/b>,\u00a0<b>Central C\u00f3rdoba<\/b>\u00a0y\u00a0<b>Newell\u2019s Old Boys.<\/b><\/span><\/p>\n","protected":false},"excerpt":{"rendered":"<p>El entrenador argentino\u00a0Sebasti\u00e1n Beccacece\u00a0renunci\u00f3 a la direcci\u00f3n t\u00e9cnica de\u00a0Racing Club, luego de la eliminaci\u00f3n en cuartos de final de la\u00a0Copa Libertadores\u00a0a manos de\u00a0Boca Juniors\u00a0y tras la partida del director deportivo\u00a0Diego Milito. Beccacece, de 40 a\u00f1os, asegur\u00f3 que la salida de Milito, quien lo llev\u00f3 a la\u00a0\u2018Academia\u2019\u00a0forz\u00f3 su partida, la cual ya la comunic\u00f3 de manera [&hellip;]<\/p>\n","protected":false},"author":5,"featured_media":59766,"comment_status":"open","ping_status":"closed","sticky":false,"template":"","format":"standard","meta":{"_acf_changed":false,"footnotes":""},"categories":[152],"tags":[],"class_list":{"0":"post-59765","1":"post","2":"type-post","3":"status-publish","4":"format-standard","5":"has-post-thumbnail","7":"category-mundo-futbol"},"acf":[],"_links":{"self":[{"href":"https:\/\/futbolhoy.co\/index.php\/wp-json\/wp\/v2\/posts\/59765","targetHints":{"allow":["GET"]}}],"collection":[{"href":"https:\/\/futbolhoy.co\/index.php\/wp-json\/wp\/v2\/posts"}],"about":[{"href":"https:\/\/futbolhoy.co\/index.php\/wp-json\/wp\/v2\/types\/post"}],"author":[{"embeddable":true,"href":"https:\/\/futbolhoy.co\/index.php\/wp-json\/wp\/v2\/users\/5"}],"replies":[{"embeddable":true,"href":"https:\/\/futbolhoy.co\/index.php\/wp-json\/wp\/v2\/comments?post=59765"}],"version-history":[{"count":1,"href":"https:\/\/futbolhoy.co\/index.php\/wp-json\/wp\/v2\/posts\/59765\/revisions"}],"predecessor-version":[{"id":59767,"href":"https:\/\/futbolhoy.co\/index.php\/wp-json\/wp\/v2\/posts\/59765\/revisions\/59767"}],"wp:featuredmedia":[{"embeddable":true,"href":"https:\/\/futbolhoy.co\/index.php\/wp-json\/wp\/v2\/media\/59766"}],"wp:attachment":[{"href":"https:\/\/futbolhoy.co\/index.php\/wp-json\/wp\/v2\/media?parent=59765"}],"wp:term":[{"taxonomy":"category","embeddable":true,"href":"https:\/\/futbolhoy.co\/index.php\/wp-json\/wp\/v2\/categories?post=59765"},{"taxonomy":"post_tag","embeddable":true,"href":"https:\/\/futbolhoy.co\/index.php\/wp-json\/wp\/v2\/tags?post=59765"}],"curies":[{"name":"wp","href":"https:\/\/api.w.org\/{rel}","templated":true}]}}