{"id":6005,"date":"2017-09-20T09:40:20","date_gmt":"2017-09-20T14:40:20","guid":{"rendered":"http:\/\/futbolhoy.co\/?p=6005"},"modified":"2017-09-20T12:49:38","modified_gmt":"2017-09-20T17:49:38","slug":"nelson-abadia-nuevo-tecnico-de-la-seleccion-femenina","status":"publish","type":"post","link":"https:\/\/futbolhoy.co\/index.php\/2017\/09\/20\/nelson-abadia-nuevo-tecnico-de-la-seleccion-femenina\/","title":{"rendered":"Nelson Abad\u00eda nuevo t\u00e9cnico de la Selecci\u00f3n femenina"},"content":{"rendered":"<p style=\"text-align: justify;\">El comit\u00e9 ejecutivo de la Federaci\u00f3n Colombiana de f\u00fatbol eligi\u00f3 a Nelson Abad\u00eda como nuevo seleccionador del combinado nacional femenino.<\/p>\n<p style=\"text-align: justify;\">El primer reto del entrenador ser\u00e1 la Copa Am\u00e9rica que se disputar\u00e1 en Chile en abril del pr\u00f3ximo a\u00f1o.<\/p>\n<p style=\"text-align: justify;\">Abad\u00eda cuenta con experiencia en la seleccion, fue asistente t\u00e9cnico en la Copa Am\u00e9rica de 2014, que posteriormente entreg\u00f3 la clasificaci\u00f3n al Mundial de Canad\u00e1 en el a\u00f1o 2015, los panamericanos de Toronto 2015 y los juegos ol\u00edmpicos de R\u00edo en 2016.<\/p>\n<p style=\"text-align: justify;\">En el palmar\u00e9s del t\u00e9cnico est\u00e1 la medalla de plata en los Juegos Centroamericanos y del Caribe Veracruz 2014 y en los Panamericanos de 2015. Adem\u00e1s de alcanzar los octavos de final en el mundial.<\/p>\n<p>&nbsp;<\/p>\n","protected":false},"excerpt":{"rendered":"<p>El comit\u00e9 ejecutivo de la Federaci\u00f3n Colombiana de f\u00fatbol eligi\u00f3 a Nelson Abad\u00eda como nuevo seleccionador del combinado nacional femenino. El primer reto del entrenador ser\u00e1 la Copa Am\u00e9rica que se disputar\u00e1 en Chile en abril del pr\u00f3ximo a\u00f1o. Abad\u00eda cuenta con experiencia en la seleccion, fue asistente t\u00e9cnico en la Copa Am\u00e9rica de 2014, [&hellip;]<\/p>\n","protected":false},"author":5,"featured_media":6006,"comment_status":"open","ping_status":"closed","sticky":false,"template":"","format":"standard","meta":{"_acf_changed":false,"footnotes":""},"categories":[8,152],"tags":[127,202],"class_list":{"0":"post-6005","1":"post","2":"type-post","3":"status-publish","4":"format-standard","5":"has-post-thumbnail","7":"category-liga-femenina","8":"category-mundo-futbol","9":"tag-seleccion-colombia","10":"tag-seleccion-femenina"},"acf":[],"_links":{"self":[{"href":"https:\/\/futbolhoy.co\/index.php\/wp-json\/wp\/v2\/posts\/6005","targetHints":{"allow":["GET"]}}],"collection":[{"href":"https:\/\/futbolhoy.co\/index.php\/wp-json\/wp\/v2\/posts"}],"about":[{"href":"https:\/\/futbolhoy.co\/index.php\/wp-json\/wp\/v2\/types\/post"}],"author":[{"embeddable":true,"href":"https:\/\/futbolhoy.co\/index.php\/wp-json\/wp\/v2\/users\/5"}],"replies":[{"embeddable":true,"href":"https:\/\/futbolhoy.co\/index.php\/wp-json\/wp\/v2\/comments?post=6005"}],"version-history":[{"count":2,"href":"https:\/\/futbolhoy.co\/index.php\/wp-json\/wp\/v2\/posts\/6005\/revisions"}],"predecessor-version":[{"id":6008,"href":"https:\/\/futbolhoy.co\/index.php\/wp-json\/wp\/v2\/posts\/6005\/revisions\/6008"}],"wp:featuredmedia":[{"embeddable":true,"href":"https:\/\/futbolhoy.co\/index.php\/wp-json\/wp\/v2\/media\/6006"}],"wp:attachment":[{"href":"https:\/\/futbolhoy.co\/index.php\/wp-json\/wp\/v2\/media?parent=6005"}],"wp:term":[{"taxonomy":"category","embeddable":true,"href":"https:\/\/futbolhoy.co\/index.php\/wp-json\/wp\/v2\/categories?post=6005"},{"taxonomy":"post_tag","embeddable":true,"href":"https:\/\/futbolhoy.co\/index.php\/wp-json\/wp\/v2\/tags?post=6005"}],"curies":[{"name":"wp","href":"https:\/\/api.w.org\/{rel}","templated":true}]}}