{"id":6101,"date":"2017-09-21T17:58:35","date_gmt":"2017-09-21T22:58:35","guid":{"rendered":"http:\/\/futbolhoy.co\/?p=6101"},"modified":"2017-09-22T09:52:15","modified_gmt":"2017-09-22T14:52:15","slug":"morelos-sera-provocado-por-celtic-tecnico-de-rangers","status":"publish","type":"post","link":"https:\/\/futbolhoy.co\/index.php\/2017\/09\/21\/morelos-sera-provocado-por-celtic-tecnico-de-rangers\/","title":{"rendered":"\u201cMorelos ser\u00e1 provocado por Celtic\u201d, t\u00e9cnico de Rangers"},"content":{"rendered":"<p style=\"text-align: justify;\">Pedro Caixinha, t\u00e9cnico portugu\u00e9s del Glasgow Rangers de Escocia, advirti\u00f3 sobre las posibles provocaciones\u00a0de las cuales ser\u00e1 objeto el delantero colombiano Alfredo Morelos en el partido de este s\u00e1bado contra el Celtic a las 6 de la ma\u00f1ana\u00a0hora colombiana por la s\u00e9ptima fecha de la Liga.<\/p>\n<p style=\"text-align: justify;\">\u00abEs joven, est\u00e1 anotando muchos goles, est\u00e1 disfrutando el jugar los partidos;\u00a0pero necesita controlar su lado emocional. Necesito enviar una alerta y esa alerta es que s\u00e9 que va a ser provocado. Mi preocupaci\u00f3n y mi trabajo lo est\u00e1n calmando, pero \u00e9l es un tipo que cuando las cosas se van calentando, no retrocede y enfrenta el reto\u00bb, declar\u00f3 Caixinha.<\/p>\n<p style=\"text-align: justify;\">Morelos, de 21 a\u00f1os,\u00a0lleg\u00f3 al f\u00fatbol escoc\u00e9s despu\u00e9s de brillar en Finlandia y ya es el m\u00e1ximo goleador de la Liga con 6 anotaciones en igual n\u00famero de partidos. Rangers ocupa el tercer lugar del campeonato con 11 puntos; mientras que su rival en el cl\u00e1sico es l\u00edder con 16 unidades.<\/p>\n","protected":false},"excerpt":{"rendered":"<p>Pedro Caixinha, t\u00e9cnico portugu\u00e9s del Glasgow Rangers de Escocia, advirti\u00f3 sobre las posibles provocaciones\u00a0de las cuales ser\u00e1 objeto el delantero colombiano Alfredo Morelos en el partido de este s\u00e1bado contra el Celtic a las 6 de la ma\u00f1ana\u00a0hora colombiana por la s\u00e9ptima fecha de la Liga. \u00abEs joven, est\u00e1 anotando muchos goles, est\u00e1 disfrutando el [&hellip;]<\/p>\n","protected":false},"author":4,"featured_media":6102,"comment_status":"open","ping_status":"closed","sticky":false,"template":"","format":"standard","meta":{"_acf_changed":false,"footnotes":""},"categories":[152],"tags":[165],"class_list":{"0":"post-6101","1":"post","2":"type-post","3":"status-publish","4":"format-standard","5":"has-post-thumbnail","7":"category-mundo-futbol","8":"tag-jugadores-colombianos"},"acf":[],"_links":{"self":[{"href":"https:\/\/futbolhoy.co\/index.php\/wp-json\/wp\/v2\/posts\/6101","targetHints":{"allow":["GET"]}}],"collection":[{"href":"https:\/\/futbolhoy.co\/index.php\/wp-json\/wp\/v2\/posts"}],"about":[{"href":"https:\/\/futbolhoy.co\/index.php\/wp-json\/wp\/v2\/types\/post"}],"author":[{"embeddable":true,"href":"https:\/\/futbolhoy.co\/index.php\/wp-json\/wp\/v2\/users\/4"}],"replies":[{"embeddable":true,"href":"https:\/\/futbolhoy.co\/index.php\/wp-json\/wp\/v2\/comments?post=6101"}],"version-history":[{"count":1,"href":"https:\/\/futbolhoy.co\/index.php\/wp-json\/wp\/v2\/posts\/6101\/revisions"}],"predecessor-version":[{"id":6103,"href":"https:\/\/futbolhoy.co\/index.php\/wp-json\/wp\/v2\/posts\/6101\/revisions\/6103"}],"wp:featuredmedia":[{"embeddable":true,"href":"https:\/\/futbolhoy.co\/index.php\/wp-json\/wp\/v2\/media\/6102"}],"wp:attachment":[{"href":"https:\/\/futbolhoy.co\/index.php\/wp-json\/wp\/v2\/media?parent=6101"}],"wp:term":[{"taxonomy":"category","embeddable":true,"href":"https:\/\/futbolhoy.co\/index.php\/wp-json\/wp\/v2\/categories?post=6101"},{"taxonomy":"post_tag","embeddable":true,"href":"https:\/\/futbolhoy.co\/index.php\/wp-json\/wp\/v2\/tags?post=6101"}],"curies":[{"name":"wp","href":"https:\/\/api.w.org\/{rel}","templated":true}]}}