{"id":61197,"date":"2021-02-08T22:00:34","date_gmt":"2021-02-09T03:00:34","guid":{"rendered":"https:\/\/futbolhoy.co\/?p=61197"},"modified":"2021-02-09T18:30:03","modified_gmt":"2021-02-09T23:30:03","slug":"empate-palido-entre-bucaramanga-y-equidad","status":"publish","type":"post","link":"https:\/\/futbolhoy.co\/index.php\/2021\/02\/08\/empate-palido-entre-bucaramanga-y-equidad\/","title":{"rendered":"Empate p\u00e1lido entre Bucaramanga y Equidad"},"content":{"rendered":"<p style=\"text-align: justify;\"><span style=\"font-family: helvetica, arial, sans-serif;\"><strong>Atl\u00e9tico Bucaramanga<\/strong> y La <strong>Equidad<\/strong> empataron 0-0 en el estadio <strong>Alfonso L\u00f3pez<\/strong> de la capital santandereana, en juego v\u00e1lido por la quinta fecha del f\u00fatbol colombiano. El partido careci\u00f3 de aproximaciones en las \u00e1reas.<\/span><\/p>\n<p style=\"text-align: justify;\"><span style=\"font-family: helvetica, arial, sans-serif;\">El primer tiempo tuvo algunas jugadas aisladas para el equipo de casa, liderado por el volante <strong>Santiago Montoya.<\/strong><\/span><\/p>\n<p style=\"text-align: justify;\"><span style=\"font-family: helvetica, arial, sans-serif;\"><strong>La Equidad<\/strong> centr\u00f3 sus esfuerzos en la zona defensiva y en la etapa complementaria, sobre el cierre del partido, tuvo las principales ocasiones del juego.<\/span><\/p>\n<p style=\"text-align: justify;\"><span style=\"font-family: helvetica, arial, sans-serif;\">Primero con un remate de cabeza de <strong>Hansel Zapata<\/strong> y posteriormente con otro cabezazo de <strong>Jean Pesta\u00f1a,<\/strong> en ambas como gran protagonista el portero \u2018Leopardo\u2019 <strong>Juan<\/strong>\u00a0<strong>Camilo Chaverra.<\/strong><\/span><\/p>\n<p style=\"text-align: justify;\"><span style=\"font-family: helvetica, arial, sans-serif;\"><strong>Equidad<\/strong> sigue invicto en la Liga con 8 puntos y el pr\u00f3ximo s\u00e1bado ser\u00e1 local ante <strong>Millonarios; Bucaramanga<\/strong> completa cuatro jornadas sin ganar, suma 5 unidades y el pr\u00f3ximo domingo visitar\u00e1 a <strong>Santa Fe.<\/strong><\/span><\/p>\n","protected":false},"excerpt":{"rendered":"<p>Atl\u00e9tico Bucaramanga y La Equidad empataron 0-0 en el estadio Alfonso L\u00f3pez de la capital santandereana, en juego v\u00e1lido por la quinta fecha del f\u00fatbol colombiano. El partido careci\u00f3 de aproximaciones en las \u00e1reas. El primer tiempo tuvo algunas jugadas aisladas para el equipo de casa, liderado por el volante Santiago Montoya. La Equidad centr\u00f3 [&hellip;]<\/p>\n","protected":false},"author":5,"featured_media":61198,"comment_status":"open","ping_status":"open","sticky":false,"template":"","format":"standard","meta":{"_acf_changed":false,"footnotes":""},"categories":[7],"tags":[],"class_list":{"0":"post-61197","1":"post","2":"type-post","3":"status-publish","4":"format-standard","5":"has-post-thumbnail","7":"category-liga-betplay"},"acf":[],"yoast_head":"<!-- This site is optimized with the Yoast SEO plugin v26.8 - https:\/\/yoast.com\/product\/yoast-seo-wordpress\/ -->\n<title>Empate p\u00e1lido entre Bucaramanga y Equidad -<\/title>\n<meta name=\"robots\" content=\"index, follow, max-snippet:-1, max-image-preview:large, max-video-preview:-1\" \/>\n<link rel=\"canonical\" href=\"https:\/\/futbolhoy.co\/index.php\/2021\/02\/08\/empate-palido-entre-bucaramanga-y-equidad\/\" \/>\n<meta property=\"og:locale\" content=\"es_ES\" \/>\n<meta property=\"og:type\" content=\"article\" \/>\n<meta property=\"og:title\" content=\"Empate p\u00e1lido entre Bucaramanga y Equidad -\" \/>\n<meta property=\"og:description\" content=\"Atl\u00e9tico Bucaramanga y La Equidad empataron 0-0 en el estadio Alfonso L\u00f3pez de la capital santandereana, en juego v\u00e1lido por la quinta fecha del f\u00fatbol colombiano. El partido careci\u00f3 de aproximaciones en las \u00e1reas. El primer tiempo tuvo algunas jugadas aisladas para el equipo de casa, liderado por el volante Santiago Montoya. La Equidad centr\u00f3 [&hellip;]\" \/>\n<meta property=\"og:url\" content=\"https:\/\/futbolhoy.co\/index.php\/2021\/02\/08\/empate-palido-entre-bucaramanga-y-equidad\/\" \/>\n<meta property=\"article:publisher\" content=\"https:\/\/www.facebook.com\/FutbolHoyCol\/\" \/>\n<meta property=\"article:published_time\" content=\"2021-02-09T03:00:34+00:00\" \/>\n<meta property=\"article:modified_time\" content=\"2021-02-09T23:30:03+00:00\" \/>\n<meta property=\"og:image\" content=\"https:\/\/futbolhoy.co\/wp-content\/uploads\/2021\/02\/BpKOXyfb.jpeg\" \/>\n\t<meta property=\"og:image:width\" content=\"1280\" \/>\n\t<meta property=\"og:image:height\" content=\"859\" \/>\n\t<meta property=\"og:image:type\" content=\"image\/jpeg\" \/>\n<meta name=\"author\" content=\"Laura Hern\u00e1ndez\" \/>\n<meta name=\"twitter:card\" content=\"summary_large_image\" \/>\n<meta name=\"twitter:creator\" content=\"@FutbolHoyCol\" \/>\n<meta name=\"twitter:site\" content=\"@FutbolHoyCol\" \/>\n<meta name=\"twitter:label1\" content=\"Escrito por\" \/>\n\t<meta name=\"twitter:data1\" content=\"Laura Hern\u00e1ndez\" \/>\n\t<meta name=\"twitter:label2\" content=\"Tiempo de lectura\" \/>\n\t<meta name=\"twitter:data2\" content=\"1 minuto\" \/>\n<script type=\"application\/ld+json\" class=\"yoast-schema-graph\">{\"@context\":\"https:\/\/schema.org\",\"@graph\":[{\"@type\":\"Article\",\"@id\":\"https:\/\/futbolhoy.co\/index.php\/2021\/02\/08\/empate-palido-entre-bucaramanga-y-equidad\/#article\",\"isPartOf\":{\"@id\":\"https:\/\/futbolhoy.co\/index.php\/2021\/02\/08\/empate-palido-entre-bucaramanga-y-equidad\/\"},\"author\":{\"name\":\"Laura Hern\u00e1ndez\",\"@id\":\"https:\/\/futbolhoy.co\/#\/schema\/person\/c4a353a512b127643723a34bb1812f7d\"},\"headline\":\"Empate p\u00e1lido entre Bucaramanga y Equidad\",\"datePublished\":\"2021-02-09T03:00:34+00:00\",\"dateModified\":\"2021-02-09T23:30:03+00:00\",\"mainEntityOfPage\":{\"@id\":\"https:\/\/futbolhoy.co\/index.php\/2021\/02\/08\/empate-palido-entre-bucaramanga-y-equidad\/\"},\"wordCount\":152,\"commentCount\":0,\"publisher\":{\"@id\":\"https:\/\/futbolhoy.co\/#organization\"},\"image\":{\"@id\":\"https:\/\/futbolhoy.co\/index.php\/2021\/02\/08\/empate-palido-entre-bucaramanga-y-equidad\/#primaryimage\"},\"thumbnailUrl\":\"https:\/\/futbolhoy.co\/wp-content\/uploads\/2021\/02\/BpKOXyfb.jpeg\",\"articleSection\":[\"Liga BetPlay\"],\"inLanguage\":\"es\",\"potentialAction\":[{\"@type\":\"CommentAction\",\"name\":\"Comment\",\"target\":[\"https:\/\/futbolhoy.co\/index.php\/2021\/02\/08\/empate-palido-entre-bucaramanga-y-equidad\/#respond\"]}]},{\"@type\":\"WebPage\",\"@id\":\"https:\/\/futbolhoy.co\/index.php\/2021\/02\/08\/empate-palido-entre-bucaramanga-y-equidad\/\",\"url\":\"https:\/\/futbolhoy.co\/index.php\/2021\/02\/08\/empate-palido-entre-bucaramanga-y-equidad\/\",\"name\":\"Empate p\u00e1lido entre Bucaramanga y Equidad -\",\"isPartOf\":{\"@id\":\"https:\/\/futbolhoy.co\/#website\"},\"primaryImageOfPage\":{\"@id\":\"https:\/\/futbolhoy.co\/index.php\/2021\/02\/08\/empate-palido-entre-bucaramanga-y-equidad\/#primaryimage\"},\"image\":{\"@id\":\"https:\/\/futbolhoy.co\/index.php\/2021\/02\/08\/empate-palido-entre-bucaramanga-y-equidad\/#primaryimage\"},\"thumbnailUrl\":\"https:\/\/futbolhoy.co\/wp-content\/uploads\/2021\/02\/BpKOXyfb.jpeg\",\"datePublished\":\"2021-02-09T03:00:34+00:00\",\"dateModified\":\"2021-02-09T23:30:03+00:00\",\"breadcrumb\":{\"@id\":\"https:\/\/futbolhoy.co\/index.php\/2021\/02\/08\/empate-palido-entre-bucaramanga-y-equidad\/#breadcrumb\"},\"inLanguage\":\"es\",\"potentialAction\":[{\"@type\":\"ReadAction\",\"target\":[\"https:\/\/futbolhoy.co\/index.php\/2021\/02\/08\/empate-palido-entre-bucaramanga-y-equidad\/\"]}]},{\"@type\":\"ImageObject\",\"inLanguage\":\"es\",\"@id\":\"https:\/\/futbolhoy.co\/index.php\/2021\/02\/08\/empate-palido-entre-bucaramanga-y-equidad\/#primaryimage\",\"url\":\"https:\/\/futbolhoy.co\/wp-content\/uploads\/2021\/02\/BpKOXyfb.jpeg\",\"contentUrl\":\"https:\/\/futbolhoy.co\/wp-content\/uploads\/2021\/02\/BpKOXyfb.jpeg\",\"width\":1280,\"height\":859},{\"@type\":\"BreadcrumbList\",\"@id\":\"https:\/\/futbolhoy.co\/index.php\/2021\/02\/08\/empate-palido-entre-bucaramanga-y-equidad\/#breadcrumb\",\"itemListElement\":[{\"@type\":\"ListItem\",\"position\":1,\"name\":\"Portada\",\"item\":\"https:\/\/futbolhoy.co\/\"},{\"@type\":\"ListItem\",\"position\":2,\"name\":\"Empate p\u00e1lido entre Bucaramanga y Equidad\"}]},{\"@type\":\"WebSite\",\"@id\":\"https:\/\/futbolhoy.co\/#website\",\"url\":\"https:\/\/futbolhoy.co\/\",\"name\":\"FutbolHoy\",\"description\":\"\",\"publisher\":{\"@id\":\"https:\/\/futbolhoy.co\/#organization\"},\"potentialAction\":[{\"@type\":\"SearchAction\",\"target\":{\"@type\":\"EntryPoint\",\"urlTemplate\":\"https:\/\/futbolhoy.co\/?s={search_term_string}\"},\"query-input\":{\"@type\":\"PropertyValueSpecification\",\"valueRequired\":true,\"valueName\":\"search_term_string\"}}],\"inLanguage\":\"es\"},{\"@type\":\"Organization\",\"@id\":\"https:\/\/futbolhoy.co\/#organization\",\"name\":\"Futbolhoy.co\",\"url\":\"https:\/\/futbolhoy.co\/\",\"logo\":{\"@type\":\"ImageObject\",\"inLanguage\":\"es\",\"@id\":\"https:\/\/futbolhoy.co\/#\/schema\/logo\/image\/\",\"url\":\"https:\/\/futbolhoy.co\/wp-content\/uploads\/2018\/08\/17426380_1906371736249227_6326180412931521141_n.jpg\",\"contentUrl\":\"https:\/\/futbolhoy.co\/wp-content\/uploads\/2018\/08\/17426380_1906371736249227_6326180412931521141_n.jpg\",\"width\":960,\"height\":960,\"caption\":\"Futbolhoy.co\"},\"image\":{\"@id\":\"https:\/\/futbolhoy.co\/#\/schema\/logo\/image\/\"},\"sameAs\":[\"https:\/\/www.facebook.com\/FutbolHoyCol\/\",\"https:\/\/x.com\/FutbolHoyCol\",\"https:\/\/www.instagram.com\/futbolhoycol\/\"]},{\"@type\":\"Person\",\"@id\":\"https:\/\/futbolhoy.co\/#\/schema\/person\/c4a353a512b127643723a34bb1812f7d\",\"name\":\"Laura Hern\u00e1ndez\",\"image\":{\"@type\":\"ImageObject\",\"inLanguage\":\"es\",\"@id\":\"https:\/\/futbolhoy.co\/#\/schema\/person\/image\/\",\"url\":\"https:\/\/secure.gravatar.com\/avatar\/d25959a15b9b293a743f99181c7cfd01?s=96&d=mm&r=g\",\"contentUrl\":\"https:\/\/secure.gravatar.com\/avatar\/d25959a15b9b293a743f99181c7cfd01?s=96&d=mm&r=g\",\"caption\":\"Laura Hern\u00e1ndez\"}}]}<\/script>\n<!-- \/ Yoast SEO plugin. -->","yoast_head_json":{"title":"Empate p\u00e1lido entre Bucaramanga y Equidad -","robots":{"index":"index","follow":"follow","max-snippet":"max-snippet:-1","max-image-preview":"max-image-preview:large","max-video-preview":"max-video-preview:-1"},"canonical":"https:\/\/futbolhoy.co\/index.php\/2021\/02\/08\/empate-palido-entre-bucaramanga-y-equidad\/","og_locale":"es_ES","og_type":"article","og_title":"Empate p\u00e1lido entre Bucaramanga y Equidad -","og_description":"Atl\u00e9tico Bucaramanga y La Equidad empataron 0-0 en el estadio Alfonso L\u00f3pez de la capital santandereana, en juego v\u00e1lido por la quinta fecha del f\u00fatbol colombiano. El partido careci\u00f3 de aproximaciones en las \u00e1reas. El primer tiempo tuvo algunas jugadas aisladas para el equipo de casa, liderado por el volante Santiago Montoya. La Equidad centr\u00f3 [&hellip;]","og_url":"https:\/\/futbolhoy.co\/index.php\/2021\/02\/08\/empate-palido-entre-bucaramanga-y-equidad\/","article_publisher":"https:\/\/www.facebook.com\/FutbolHoyCol\/","article_published_time":"2021-02-09T03:00:34+00:00","article_modified_time":"2021-02-09T23:30:03+00:00","og_image":[{"width":1280,"height":859,"url":"https:\/\/futbolhoy.co\/wp-content\/uploads\/2021\/02\/BpKOXyfb.jpeg","type":"image\/jpeg"}],"author":"Laura Hern\u00e1ndez","twitter_card":"summary_large_image","twitter_creator":"@FutbolHoyCol","twitter_site":"@FutbolHoyCol","twitter_misc":{"Escrito por":"Laura Hern\u00e1ndez","Tiempo de lectura":"1 minuto"},"schema":{"@context":"https:\/\/schema.org","@graph":[{"@type":"Article","@id":"https:\/\/futbolhoy.co\/index.php\/2021\/02\/08\/empate-palido-entre-bucaramanga-y-equidad\/#article","isPartOf":{"@id":"https:\/\/futbolhoy.co\/index.php\/2021\/02\/08\/empate-palido-entre-bucaramanga-y-equidad\/"},"author":{"name":"Laura Hern\u00e1ndez","@id":"https:\/\/futbolhoy.co\/#\/schema\/person\/c4a353a512b127643723a34bb1812f7d"},"headline":"Empate p\u00e1lido entre Bucaramanga y Equidad","datePublished":"2021-02-09T03:00:34+00:00","dateModified":"2021-02-09T23:30:03+00:00","mainEntityOfPage":{"@id":"https:\/\/futbolhoy.co\/index.php\/2021\/02\/08\/empate-palido-entre-bucaramanga-y-equidad\/"},"wordCount":152,"commentCount":0,"publisher":{"@id":"https:\/\/futbolhoy.co\/#organization"},"image":{"@id":"https:\/\/futbolhoy.co\/index.php\/2021\/02\/08\/empate-palido-entre-bucaramanga-y-equidad\/#primaryimage"},"thumbnailUrl":"https:\/\/futbolhoy.co\/wp-content\/uploads\/2021\/02\/BpKOXyfb.jpeg","articleSection":["Liga BetPlay"],"inLanguage":"es","potentialAction":[{"@type":"CommentAction","name":"Comment","target":["https:\/\/futbolhoy.co\/index.php\/2021\/02\/08\/empate-palido-entre-bucaramanga-y-equidad\/#respond"]}]},{"@type":"WebPage","@id":"https:\/\/futbolhoy.co\/index.php\/2021\/02\/08\/empate-palido-entre-bucaramanga-y-equidad\/","url":"https:\/\/futbolhoy.co\/index.php\/2021\/02\/08\/empate-palido-entre-bucaramanga-y-equidad\/","name":"Empate p\u00e1lido entre Bucaramanga y Equidad -","isPartOf":{"@id":"https:\/\/futbolhoy.co\/#website"},"primaryImageOfPage":{"@id":"https:\/\/futbolhoy.co\/index.php\/2021\/02\/08\/empate-palido-entre-bucaramanga-y-equidad\/#primaryimage"},"image":{"@id":"https:\/\/futbolhoy.co\/index.php\/2021\/02\/08\/empate-palido-entre-bucaramanga-y-equidad\/#primaryimage"},"thumbnailUrl":"https:\/\/futbolhoy.co\/wp-content\/uploads\/2021\/02\/BpKOXyfb.jpeg","datePublished":"2021-02-09T03:00:34+00:00","dateModified":"2021-02-09T23:30:03+00:00","breadcrumb":{"@id":"https:\/\/futbolhoy.co\/index.php\/2021\/02\/08\/empate-palido-entre-bucaramanga-y-equidad\/#breadcrumb"},"inLanguage":"es","potentialAction":[{"@type":"ReadAction","target":["https:\/\/futbolhoy.co\/index.php\/2021\/02\/08\/empate-palido-entre-bucaramanga-y-equidad\/"]}]},{"@type":"ImageObject","inLanguage":"es","@id":"https:\/\/futbolhoy.co\/index.php\/2021\/02\/08\/empate-palido-entre-bucaramanga-y-equidad\/#primaryimage","url":"https:\/\/futbolhoy.co\/wp-content\/uploads\/2021\/02\/BpKOXyfb.jpeg","contentUrl":"https:\/\/futbolhoy.co\/wp-content\/uploads\/2021\/02\/BpKOXyfb.jpeg","width":1280,"height":859},{"@type":"BreadcrumbList","@id":"https:\/\/futbolhoy.co\/index.php\/2021\/02\/08\/empate-palido-entre-bucaramanga-y-equidad\/#breadcrumb","itemListElement":[{"@type":"ListItem","position":1,"name":"Portada","item":"https:\/\/futbolhoy.co\/"},{"@type":"ListItem","position":2,"name":"Empate p\u00e1lido entre Bucaramanga y Equidad"}]},{"@type":"WebSite","@id":"https:\/\/futbolhoy.co\/#website","url":"https:\/\/futbolhoy.co\/","name":"FutbolHoy","description":"","publisher":{"@id":"https:\/\/futbolhoy.co\/#organization"},"potentialAction":[{"@type":"SearchAction","target":{"@type":"EntryPoint","urlTemplate":"https:\/\/futbolhoy.co\/?s={search_term_string}"},"query-input":{"@type":"PropertyValueSpecification","valueRequired":true,"valueName":"search_term_string"}}],"inLanguage":"es"},{"@type":"Organization","@id":"https:\/\/futbolhoy.co\/#organization","name":"Futbolhoy.co","url":"https:\/\/futbolhoy.co\/","logo":{"@type":"ImageObject","inLanguage":"es","@id":"https:\/\/futbolhoy.co\/#\/schema\/logo\/image\/","url":"https:\/\/futbolhoy.co\/wp-content\/uploads\/2018\/08\/17426380_1906371736249227_6326180412931521141_n.jpg","contentUrl":"https:\/\/futbolhoy.co\/wp-content\/uploads\/2018\/08\/17426380_1906371736249227_6326180412931521141_n.jpg","width":960,"height":960,"caption":"Futbolhoy.co"},"image":{"@id":"https:\/\/futbolhoy.co\/#\/schema\/logo\/image\/"},"sameAs":["https:\/\/www.facebook.com\/FutbolHoyCol\/","https:\/\/x.com\/FutbolHoyCol","https:\/\/www.instagram.com\/futbolhoycol\/"]},{"@type":"Person","@id":"https:\/\/futbolhoy.co\/#\/schema\/person\/c4a353a512b127643723a34bb1812f7d","name":"Laura Hern\u00e1ndez","image":{"@type":"ImageObject","inLanguage":"es","@id":"https:\/\/futbolhoy.co\/#\/schema\/person\/image\/","url":"https:\/\/secure.gravatar.com\/avatar\/d25959a15b9b293a743f99181c7cfd01?s=96&d=mm&r=g","contentUrl":"https:\/\/secure.gravatar.com\/avatar\/d25959a15b9b293a743f99181c7cfd01?s=96&d=mm&r=g","caption":"Laura Hern\u00e1ndez"}}]}},"publishpress_future_action":{"enabled":false,"date":"2026-05-05 18:22:40","action":"change-status","newStatus":"draft","terms":[],"taxonomy":"category","extraData":[]},"publishpress_future_workflow_manual_trigger":{"enabledWorkflows":[]},"_links":{"self":[{"href":"https:\/\/futbolhoy.co\/index.php\/wp-json\/wp\/v2\/posts\/61197","targetHints":{"allow":["GET"]}}],"collection":[{"href":"https:\/\/futbolhoy.co\/index.php\/wp-json\/wp\/v2\/posts"}],"about":[{"href":"https:\/\/futbolhoy.co\/index.php\/wp-json\/wp\/v2\/types\/post"}],"author":[{"embeddable":true,"href":"https:\/\/futbolhoy.co\/index.php\/wp-json\/wp\/v2\/users\/5"}],"replies":[{"embeddable":true,"href":"https:\/\/futbolhoy.co\/index.php\/wp-json\/wp\/v2\/comments?post=61197"}],"version-history":[{"count":1,"href":"https:\/\/futbolhoy.co\/index.php\/wp-json\/wp\/v2\/posts\/61197\/revisions"}],"predecessor-version":[{"id":61199,"href":"https:\/\/futbolhoy.co\/index.php\/wp-json\/wp\/v2\/posts\/61197\/revisions\/61199"}],"wp:featuredmedia":[{"embeddable":true,"href":"https:\/\/futbolhoy.co\/index.php\/wp-json\/wp\/v2\/media\/61198"}],"wp:attachment":[{"href":"https:\/\/futbolhoy.co\/index.php\/wp-json\/wp\/v2\/media?parent=61197"}],"wp:term":[{"taxonomy":"category","embeddable":true,"href":"https:\/\/futbolhoy.co\/index.php\/wp-json\/wp\/v2\/categories?post=61197"},{"taxonomy":"post_tag","embeddable":true,"href":"https:\/\/futbolhoy.co\/index.php\/wp-json\/wp\/v2\/tags?post=61197"}],"curies":[{"name":"wp","href":"https:\/\/api.w.org\/{rel}","templated":true}]}}