{"id":6162,"date":"2017-09-22T03:37:40","date_gmt":"2017-09-22T08:37:40","guid":{"rendered":"http:\/\/futbolhoy.co\/?p=6162"},"modified":"2017-09-23T13:33:43","modified_gmt":"2017-09-23T18:33:43","slug":"falcao-primer-colombiano-en-pasar-de-200-goles-en-europa","status":"publish","type":"post","link":"https:\/\/futbolhoy.co\/index.php\/2017\/09\/22\/falcao-primer-colombiano-en-pasar-de-200-goles-en-europa\/","title":{"rendered":"Falcao, primer colombiano en pasar de 200 goles en Europa"},"content":{"rendered":"<div style=\"text-align: justify;\">El delantero colombiano Falcao Garc\u00eda marc\u00f3 dos goles, uno de pena m\u00e1xima, en la victoria del M\u00f3naco como visitante 0-4 sobre el Lille en la s\u00e9ptima jornada de la Liga francesa y complet\u00f3 201 en su paso por Europa.<\/div>\n<div style=\"text-align: justify;\"><\/div>\n<div>\n<p style=\"text-align: justify;\">\u00abEl Tigre\u00bb colombiano adem\u00e1s sum\u00f3 11 anotaciones en la temporada de Liga, siendo el m\u00e1ximo artillero del campeonato.<\/p>\n<p style=\"text-align: justify;\">\u00abGracias al Dios que ayuda a cumplir los sue\u00f1os he llegado a 201 goles en Europa\u00bb, escribi\u00f3 Falcao en su cuenta de Twitter<\/p>\n<p style=\"text-align: justify;\">Stevan Jovetic y Rachid Ghezzal completaron los goles del equipo del principado que sum\u00f3 18 puntos en la tabla de posiciones y alcanz\u00f3 temporalmente al Par\u00eds Saint Germain.<\/p>\n<\/div>\n","protected":false},"excerpt":{"rendered":"<p>El delantero colombiano Falcao Garc\u00eda marc\u00f3 dos goles, uno de pena m\u00e1xima, en la victoria del M\u00f3naco como visitante 0-4 sobre el Lille en la s\u00e9ptima jornada de la Liga francesa y complet\u00f3 201 en su paso por Europa. \u00abEl Tigre\u00bb colombiano adem\u00e1s sum\u00f3 11 anotaciones en la temporada de Liga, siendo el m\u00e1ximo artillero [&hellip;]<\/p>\n","protected":false},"author":5,"featured_media":6163,"comment_status":"open","ping_status":"closed","sticky":false,"template":"","format":"standard","meta":{"_acf_changed":false,"footnotes":""},"categories":[153],"tags":[141,142],"class_list":{"0":"post-6162","1":"post","2":"type-post","3":"status-publish","4":"format-standard","5":"has-post-thumbnail","7":"category-selecion-colombia","8":"tag-falcao-garcia","9":"tag-ligue-1"},"acf":[],"_links":{"self":[{"href":"https:\/\/futbolhoy.co\/index.php\/wp-json\/wp\/v2\/posts\/6162","targetHints":{"allow":["GET"]}}],"collection":[{"href":"https:\/\/futbolhoy.co\/index.php\/wp-json\/wp\/v2\/posts"}],"about":[{"href":"https:\/\/futbolhoy.co\/index.php\/wp-json\/wp\/v2\/types\/post"}],"author":[{"embeddable":true,"href":"https:\/\/futbolhoy.co\/index.php\/wp-json\/wp\/v2\/users\/5"}],"replies":[{"embeddable":true,"href":"https:\/\/futbolhoy.co\/index.php\/wp-json\/wp\/v2\/comments?post=6162"}],"version-history":[{"count":1,"href":"https:\/\/futbolhoy.co\/index.php\/wp-json\/wp\/v2\/posts\/6162\/revisions"}],"predecessor-version":[{"id":6234,"href":"https:\/\/futbolhoy.co\/index.php\/wp-json\/wp\/v2\/posts\/6162\/revisions\/6234"}],"wp:featuredmedia":[{"embeddable":true,"href":"https:\/\/futbolhoy.co\/index.php\/wp-json\/wp\/v2\/media\/6163"}],"wp:attachment":[{"href":"https:\/\/futbolhoy.co\/index.php\/wp-json\/wp\/v2\/media?parent=6162"}],"wp:term":[{"taxonomy":"category","embeddable":true,"href":"https:\/\/futbolhoy.co\/index.php\/wp-json\/wp\/v2\/categories?post=6162"},{"taxonomy":"post_tag","embeddable":true,"href":"https:\/\/futbolhoy.co\/index.php\/wp-json\/wp\/v2\/tags?post=6162"}],"curies":[{"name":"wp","href":"https:\/\/api.w.org\/{rel}","templated":true}]}}