{"id":64409,"date":"2021-05-03T13:01:52","date_gmt":"2021-05-03T18:01:52","guid":{"rendered":"https:\/\/futbolhoy.co\/?p=64409"},"modified":"2021-05-03T19:10:17","modified_gmt":"2021-05-04T00:10:17","slug":"en-riesgo-santa-fe-river-plate","status":"publish","type":"post","link":"https:\/\/futbolhoy.co\/index.php\/2021\/05\/03\/en-riesgo-santa-fe-river-plate\/","title":{"rendered":"En riesgo Santa Fe-River Plate"},"content":{"rendered":"<!--[if lt IE 9]><script>document.createElement('audio');<\/script><![endif]-->\n<audio class=\"wp-audio-shortcode\" id=\"audio-64409-1\" preload=\"none\" style=\"width: 100%;\" controls=\"controls\"><source type=\"audio\/mpeg\" src=\"https:\/\/futbolhoy.co\/wp-content\/uploads\/2021\/05\/ACERO-JAMES-PADILLA2021-05-03.mp3?_=1\" \/><a href=\"https:\/\/futbolhoy.co\/wp-content\/uploads\/2021\/05\/ACERO-JAMES-PADILLA2021-05-03.mp3\">https:\/\/futbolhoy.co\/wp-content\/uploads\/2021\/05\/ACERO-JAMES-PADILLA2021-05-03.mp3<\/a><\/audio>\n<p class=\"x_ydp29ee1041MsoNormal\" style=\"text-align: justify;\"><span style=\"font-family: helvetica, arial, sans-serif;\">(James Padilla, director del IMDERA)<br \/>\nEl partido que deben sostener <b>Santa Fe<\/b> y <b>River Plate\u00a0<\/b>este mi\u00e9rcoles en el estadio Centenario de Armenia, por la tercera fecha de la <b>Copa Libertadores<\/b>, est\u00e1 en duda, ante la situaci\u00f3n de orden p\u00fablico por la que atraviesa <b>Colombia<\/b>.<\/span><\/p>\n<p class=\"x_ydp29ee1041MsoNormal\" style=\"text-align: justify;\"><span style=\"font-family: helvetica, arial, sans-serif;\">Las autoridades de la capital quindiana no permitieron la realizaci\u00f3n del juego entre <b>Quind\u00edo<\/b> y <b>Atl\u00e9tico<\/b> por los cuadrangulares semifinales del <b>Torneo de Ascenso<\/b> este lunes y pusieron en duda la celebraci\u00f3n del compromiso internacional.<\/span><\/p>\n<p class=\"x_ydp29ee1041MsoNormal\" style=\"text-align: justify;\"><span style=\"font-family: helvetica, arial, sans-serif;\">Santa Fe debi\u00f3 recurrir a jugar en esta ciudad por las medidas anti pandemia que se impusieron en <b>Bogot\u00e1<\/b>.<\/span><\/p>\n<p class=\"x_ydp29ee1041MsoNormal\" style=\"text-align: justify;\"><span style=\"font-family: helvetica, arial, sans-serif;\">El director del <b>IMDERA<\/b>, <b>James Padilla<\/b>, asegur\u00f3 adem\u00e1s que la situaci\u00f3n est\u00e1 en permanente revisi\u00f3n y se adoptar\u00e1 una definitiva el martes.<\/span><\/p>\n","protected":false},"excerpt":{"rendered":"<p>(James Padilla, director del IMDERA) El partido que deben sostener Santa Fe y River Plate\u00a0este mi\u00e9rcoles en el estadio Centenario de Armenia, por la tercera fecha de la Copa Libertadores, est\u00e1 en duda, ante la situaci\u00f3n de orden p\u00fablico por la que atraviesa Colombia. Las autoridades de la capital quindiana no permitieron la realizaci\u00f3n del [&hellip;]<\/p>\n","protected":false},"author":5,"featured_media":64410,"comment_status":"open","ping_status":"open","sticky":false,"template":"","format":"video","meta":{"_acf_changed":false,"footnotes":""},"categories":[653],"tags":[],"class_list":{"0":"post-64409","1":"post","2":"type-post","3":"status-publish","4":"format-video","5":"has-post-thumbnail","7":"category-copa-libertadores","8":"post_format-post-format-video"},"acf":[],"yoast_head":"<!-- This site is optimized with the Yoast SEO plugin v26.8 - https:\/\/yoast.com\/product\/yoast-seo-wordpress\/ -->\n<title>En riesgo Santa Fe-River Plate -<\/title>\n<meta name=\"robots\" content=\"index, follow, max-snippet:-1, max-image-preview:large, max-video-preview:-1\" \/>\n<link rel=\"canonical\" href=\"https:\/\/futbolhoy.co\/index.php\/2021\/05\/03\/en-riesgo-santa-fe-river-plate\/\" \/>\n<meta property=\"og:locale\" content=\"es_ES\" \/>\n<meta property=\"og:type\" content=\"article\" \/>\n<meta property=\"og:title\" content=\"En riesgo Santa Fe-River Plate -\" \/>\n<meta property=\"og:description\" content=\"(James Padilla, director del IMDERA) El partido que deben sostener Santa Fe y River Plate\u00a0este mi\u00e9rcoles en el estadio Centenario de Armenia, por la tercera fecha de la Copa Libertadores, est\u00e1 en duda, ante la situaci\u00f3n de orden p\u00fablico por la que atraviesa Colombia. Las autoridades de la capital quindiana no permitieron la realizaci\u00f3n del [&hellip;]\" \/>\n<meta property=\"og:url\" content=\"https:\/\/futbolhoy.co\/index.php\/2021\/05\/03\/en-riesgo-santa-fe-river-plate\/\" \/>\n<meta property=\"article:publisher\" content=\"https:\/\/www.facebook.com\/FutbolHoyCol\/\" \/>\n<meta property=\"article:published_time\" content=\"2021-05-03T18:01:52+00:00\" \/>\n<meta property=\"article:modified_time\" content=\"2021-05-04T00:10:17+00:00\" \/>\n<meta property=\"og:image\" content=\"https:\/\/futbolhoy.co\/wp-content\/uploads\/2021\/05\/90DD2C71-698E-4C08-BD3D-55D18EC817C0.jpeg\" \/>\n\t<meta property=\"og:image:width\" content=\"1280\" \/>\n\t<meta property=\"og:image:height\" content=\"850\" \/>\n\t<meta property=\"og:image:type\" content=\"image\/jpeg\" \/>\n<meta name=\"author\" content=\"Laura Hern\u00e1ndez\" \/>\n<meta name=\"twitter:card\" content=\"summary_large_image\" \/>\n<meta name=\"twitter:creator\" content=\"@FutbolHoyCol\" \/>\n<meta name=\"twitter:site\" content=\"@FutbolHoyCol\" \/>\n<meta name=\"twitter:label1\" content=\"Escrito por\" \/>\n\t<meta name=\"twitter:data1\" content=\"Laura Hern\u00e1ndez\" \/>\n\t<meta name=\"twitter:label2\" content=\"Tiempo de lectura\" \/>\n\t<meta name=\"twitter:data2\" content=\"1 minuto\" \/>\n<script type=\"application\/ld+json\" class=\"yoast-schema-graph\">{\"@context\":\"https:\/\/schema.org\",\"@graph\":[{\"@type\":\"Article\",\"@id\":\"https:\/\/futbolhoy.co\/index.php\/2021\/05\/03\/en-riesgo-santa-fe-river-plate\/#article\",\"isPartOf\":{\"@id\":\"https:\/\/futbolhoy.co\/index.php\/2021\/05\/03\/en-riesgo-santa-fe-river-plate\/\"},\"author\":{\"name\":\"Laura Hern\u00e1ndez\",\"@id\":\"https:\/\/futbolhoy.co\/#\/schema\/person\/c4a353a512b127643723a34bb1812f7d\"},\"headline\":\"En riesgo Santa Fe-River Plate\",\"datePublished\":\"2021-05-03T18:01:52+00:00\",\"dateModified\":\"2021-05-04T00:10:17+00:00\",\"mainEntityOfPage\":{\"@id\":\"https:\/\/futbolhoy.co\/index.php\/2021\/05\/03\/en-riesgo-santa-fe-river-plate\/\"},\"wordCount\":148,\"commentCount\":0,\"publisher\":{\"@id\":\"https:\/\/futbolhoy.co\/#organization\"},\"image\":{\"@id\":\"https:\/\/futbolhoy.co\/index.php\/2021\/05\/03\/en-riesgo-santa-fe-river-plate\/#primaryimage\"},\"thumbnailUrl\":\"https:\/\/futbolhoy.co\/wp-content\/uploads\/2021\/05\/90DD2C71-698E-4C08-BD3D-55D18EC817C0.jpeg\",\"articleSection\":[\"Libertadores\"],\"inLanguage\":\"es\",\"potentialAction\":[{\"@type\":\"CommentAction\",\"name\":\"Comment\",\"target\":[\"https:\/\/futbolhoy.co\/index.php\/2021\/05\/03\/en-riesgo-santa-fe-river-plate\/#respond\"]}]},{\"@type\":\"WebPage\",\"@id\":\"https:\/\/futbolhoy.co\/index.php\/2021\/05\/03\/en-riesgo-santa-fe-river-plate\/\",\"url\":\"https:\/\/futbolhoy.co\/index.php\/2021\/05\/03\/en-riesgo-santa-fe-river-plate\/\",\"name\":\"En riesgo Santa Fe-River Plate -\",\"isPartOf\":{\"@id\":\"https:\/\/futbolhoy.co\/#website\"},\"primaryImageOfPage\":{\"@id\":\"https:\/\/futbolhoy.co\/index.php\/2021\/05\/03\/en-riesgo-santa-fe-river-plate\/#primaryimage\"},\"image\":{\"@id\":\"https:\/\/futbolhoy.co\/index.php\/2021\/05\/03\/en-riesgo-santa-fe-river-plate\/#primaryimage\"},\"thumbnailUrl\":\"https:\/\/futbolhoy.co\/wp-content\/uploads\/2021\/05\/90DD2C71-698E-4C08-BD3D-55D18EC817C0.jpeg\",\"datePublished\":\"2021-05-03T18:01:52+00:00\",\"dateModified\":\"2021-05-04T00:10:17+00:00\",\"breadcrumb\":{\"@id\":\"https:\/\/futbolhoy.co\/index.php\/2021\/05\/03\/en-riesgo-santa-fe-river-plate\/#breadcrumb\"},\"inLanguage\":\"es\",\"potentialAction\":[{\"@type\":\"ReadAction\",\"target\":[\"https:\/\/futbolhoy.co\/index.php\/2021\/05\/03\/en-riesgo-santa-fe-river-plate\/\"]}]},{\"@type\":\"ImageObject\",\"inLanguage\":\"es\",\"@id\":\"https:\/\/futbolhoy.co\/index.php\/2021\/05\/03\/en-riesgo-santa-fe-river-plate\/#primaryimage\",\"url\":\"https:\/\/futbolhoy.co\/wp-content\/uploads\/2021\/05\/90DD2C71-698E-4C08-BD3D-55D18EC817C0.jpeg\",\"contentUrl\":\"https:\/\/futbolhoy.co\/wp-content\/uploads\/2021\/05\/90DD2C71-698E-4C08-BD3D-55D18EC817C0.jpeg\",\"width\":1280,\"height\":850},{\"@type\":\"BreadcrumbList\",\"@id\":\"https:\/\/futbolhoy.co\/index.php\/2021\/05\/03\/en-riesgo-santa-fe-river-plate\/#breadcrumb\",\"itemListElement\":[{\"@type\":\"ListItem\",\"position\":1,\"name\":\"Portada\",\"item\":\"https:\/\/futbolhoy.co\/\"},{\"@type\":\"ListItem\",\"position\":2,\"name\":\"En riesgo Santa Fe-River Plate\"}]},{\"@type\":\"WebSite\",\"@id\":\"https:\/\/futbolhoy.co\/#website\",\"url\":\"https:\/\/futbolhoy.co\/\",\"name\":\"FutbolHoy\",\"description\":\"\",\"publisher\":{\"@id\":\"https:\/\/futbolhoy.co\/#organization\"},\"potentialAction\":[{\"@type\":\"SearchAction\",\"target\":{\"@type\":\"EntryPoint\",\"urlTemplate\":\"https:\/\/futbolhoy.co\/?s={search_term_string}\"},\"query-input\":{\"@type\":\"PropertyValueSpecification\",\"valueRequired\":true,\"valueName\":\"search_term_string\"}}],\"inLanguage\":\"es\"},{\"@type\":\"Organization\",\"@id\":\"https:\/\/futbolhoy.co\/#organization\",\"name\":\"Futbolhoy.co\",\"url\":\"https:\/\/futbolhoy.co\/\",\"logo\":{\"@type\":\"ImageObject\",\"inLanguage\":\"es\",\"@id\":\"https:\/\/futbolhoy.co\/#\/schema\/logo\/image\/\",\"url\":\"https:\/\/futbolhoy.co\/wp-content\/uploads\/2018\/08\/17426380_1906371736249227_6326180412931521141_n.jpg\",\"contentUrl\":\"https:\/\/futbolhoy.co\/wp-content\/uploads\/2018\/08\/17426380_1906371736249227_6326180412931521141_n.jpg\",\"width\":960,\"height\":960,\"caption\":\"Futbolhoy.co\"},\"image\":{\"@id\":\"https:\/\/futbolhoy.co\/#\/schema\/logo\/image\/\"},\"sameAs\":[\"https:\/\/www.facebook.com\/FutbolHoyCol\/\",\"https:\/\/x.com\/FutbolHoyCol\",\"https:\/\/www.instagram.com\/futbolhoycol\/\"]},{\"@type\":\"Person\",\"@id\":\"https:\/\/futbolhoy.co\/#\/schema\/person\/c4a353a512b127643723a34bb1812f7d\",\"name\":\"Laura Hern\u00e1ndez\",\"image\":{\"@type\":\"ImageObject\",\"inLanguage\":\"es\",\"@id\":\"https:\/\/futbolhoy.co\/#\/schema\/person\/image\/\",\"url\":\"https:\/\/secure.gravatar.com\/avatar\/d25959a15b9b293a743f99181c7cfd01?s=96&d=mm&r=g\",\"contentUrl\":\"https:\/\/secure.gravatar.com\/avatar\/d25959a15b9b293a743f99181c7cfd01?s=96&d=mm&r=g\",\"caption\":\"Laura Hern\u00e1ndez\"}}]}<\/script>\n<!-- \/ Yoast SEO plugin. -->","yoast_head_json":{"title":"En riesgo Santa Fe-River Plate -","robots":{"index":"index","follow":"follow","max-snippet":"max-snippet:-1","max-image-preview":"max-image-preview:large","max-video-preview":"max-video-preview:-1"},"canonical":"https:\/\/futbolhoy.co\/index.php\/2021\/05\/03\/en-riesgo-santa-fe-river-plate\/","og_locale":"es_ES","og_type":"article","og_title":"En riesgo Santa Fe-River Plate -","og_description":"(James Padilla, director del IMDERA) El partido que deben sostener Santa Fe y River Plate\u00a0este mi\u00e9rcoles en el estadio Centenario de Armenia, por la tercera fecha de la Copa Libertadores, est\u00e1 en duda, ante la situaci\u00f3n de orden p\u00fablico por la que atraviesa Colombia. Las autoridades de la capital quindiana no permitieron la realizaci\u00f3n del [&hellip;]","og_url":"https:\/\/futbolhoy.co\/index.php\/2021\/05\/03\/en-riesgo-santa-fe-river-plate\/","article_publisher":"https:\/\/www.facebook.com\/FutbolHoyCol\/","article_published_time":"2021-05-03T18:01:52+00:00","article_modified_time":"2021-05-04T00:10:17+00:00","og_image":[{"width":1280,"height":850,"url":"https:\/\/futbolhoy.co\/wp-content\/uploads\/2021\/05\/90DD2C71-698E-4C08-BD3D-55D18EC817C0.jpeg","type":"image\/jpeg"}],"author":"Laura Hern\u00e1ndez","twitter_card":"summary_large_image","twitter_creator":"@FutbolHoyCol","twitter_site":"@FutbolHoyCol","twitter_misc":{"Escrito por":"Laura Hern\u00e1ndez","Tiempo de lectura":"1 minuto"},"schema":{"@context":"https:\/\/schema.org","@graph":[{"@type":"Article","@id":"https:\/\/futbolhoy.co\/index.php\/2021\/05\/03\/en-riesgo-santa-fe-river-plate\/#article","isPartOf":{"@id":"https:\/\/futbolhoy.co\/index.php\/2021\/05\/03\/en-riesgo-santa-fe-river-plate\/"},"author":{"name":"Laura Hern\u00e1ndez","@id":"https:\/\/futbolhoy.co\/#\/schema\/person\/c4a353a512b127643723a34bb1812f7d"},"headline":"En riesgo Santa Fe-River Plate","datePublished":"2021-05-03T18:01:52+00:00","dateModified":"2021-05-04T00:10:17+00:00","mainEntityOfPage":{"@id":"https:\/\/futbolhoy.co\/index.php\/2021\/05\/03\/en-riesgo-santa-fe-river-plate\/"},"wordCount":148,"commentCount":0,"publisher":{"@id":"https:\/\/futbolhoy.co\/#organization"},"image":{"@id":"https:\/\/futbolhoy.co\/index.php\/2021\/05\/03\/en-riesgo-santa-fe-river-plate\/#primaryimage"},"thumbnailUrl":"https:\/\/futbolhoy.co\/wp-content\/uploads\/2021\/05\/90DD2C71-698E-4C08-BD3D-55D18EC817C0.jpeg","articleSection":["Libertadores"],"inLanguage":"es","potentialAction":[{"@type":"CommentAction","name":"Comment","target":["https:\/\/futbolhoy.co\/index.php\/2021\/05\/03\/en-riesgo-santa-fe-river-plate\/#respond"]}]},{"@type":"WebPage","@id":"https:\/\/futbolhoy.co\/index.php\/2021\/05\/03\/en-riesgo-santa-fe-river-plate\/","url":"https:\/\/futbolhoy.co\/index.php\/2021\/05\/03\/en-riesgo-santa-fe-river-plate\/","name":"En riesgo Santa Fe-River Plate -","isPartOf":{"@id":"https:\/\/futbolhoy.co\/#website"},"primaryImageOfPage":{"@id":"https:\/\/futbolhoy.co\/index.php\/2021\/05\/03\/en-riesgo-santa-fe-river-plate\/#primaryimage"},"image":{"@id":"https:\/\/futbolhoy.co\/index.php\/2021\/05\/03\/en-riesgo-santa-fe-river-plate\/#primaryimage"},"thumbnailUrl":"https:\/\/futbolhoy.co\/wp-content\/uploads\/2021\/05\/90DD2C71-698E-4C08-BD3D-55D18EC817C0.jpeg","datePublished":"2021-05-03T18:01:52+00:00","dateModified":"2021-05-04T00:10:17+00:00","breadcrumb":{"@id":"https:\/\/futbolhoy.co\/index.php\/2021\/05\/03\/en-riesgo-santa-fe-river-plate\/#breadcrumb"},"inLanguage":"es","potentialAction":[{"@type":"ReadAction","target":["https:\/\/futbolhoy.co\/index.php\/2021\/05\/03\/en-riesgo-santa-fe-river-plate\/"]}]},{"@type":"ImageObject","inLanguage":"es","@id":"https:\/\/futbolhoy.co\/index.php\/2021\/05\/03\/en-riesgo-santa-fe-river-plate\/#primaryimage","url":"https:\/\/futbolhoy.co\/wp-content\/uploads\/2021\/05\/90DD2C71-698E-4C08-BD3D-55D18EC817C0.jpeg","contentUrl":"https:\/\/futbolhoy.co\/wp-content\/uploads\/2021\/05\/90DD2C71-698E-4C08-BD3D-55D18EC817C0.jpeg","width":1280,"height":850},{"@type":"BreadcrumbList","@id":"https:\/\/futbolhoy.co\/index.php\/2021\/05\/03\/en-riesgo-santa-fe-river-plate\/#breadcrumb","itemListElement":[{"@type":"ListItem","position":1,"name":"Portada","item":"https:\/\/futbolhoy.co\/"},{"@type":"ListItem","position":2,"name":"En riesgo Santa Fe-River Plate"}]},{"@type":"WebSite","@id":"https:\/\/futbolhoy.co\/#website","url":"https:\/\/futbolhoy.co\/","name":"FutbolHoy","description":"","publisher":{"@id":"https:\/\/futbolhoy.co\/#organization"},"potentialAction":[{"@type":"SearchAction","target":{"@type":"EntryPoint","urlTemplate":"https:\/\/futbolhoy.co\/?s={search_term_string}"},"query-input":{"@type":"PropertyValueSpecification","valueRequired":true,"valueName":"search_term_string"}}],"inLanguage":"es"},{"@type":"Organization","@id":"https:\/\/futbolhoy.co\/#organization","name":"Futbolhoy.co","url":"https:\/\/futbolhoy.co\/","logo":{"@type":"ImageObject","inLanguage":"es","@id":"https:\/\/futbolhoy.co\/#\/schema\/logo\/image\/","url":"https:\/\/futbolhoy.co\/wp-content\/uploads\/2018\/08\/17426380_1906371736249227_6326180412931521141_n.jpg","contentUrl":"https:\/\/futbolhoy.co\/wp-content\/uploads\/2018\/08\/17426380_1906371736249227_6326180412931521141_n.jpg","width":960,"height":960,"caption":"Futbolhoy.co"},"image":{"@id":"https:\/\/futbolhoy.co\/#\/schema\/logo\/image\/"},"sameAs":["https:\/\/www.facebook.com\/FutbolHoyCol\/","https:\/\/x.com\/FutbolHoyCol","https:\/\/www.instagram.com\/futbolhoycol\/"]},{"@type":"Person","@id":"https:\/\/futbolhoy.co\/#\/schema\/person\/c4a353a512b127643723a34bb1812f7d","name":"Laura Hern\u00e1ndez","image":{"@type":"ImageObject","inLanguage":"es","@id":"https:\/\/futbolhoy.co\/#\/schema\/person\/image\/","url":"https:\/\/secure.gravatar.com\/avatar\/d25959a15b9b293a743f99181c7cfd01?s=96&d=mm&r=g","contentUrl":"https:\/\/secure.gravatar.com\/avatar\/d25959a15b9b293a743f99181c7cfd01?s=96&d=mm&r=g","caption":"Laura Hern\u00e1ndez"}}]}},"publishpress_future_action":{"enabled":false,"date":"2026-05-03 12:07:45","action":"change-status","newStatus":"draft","terms":[],"taxonomy":"category","extraData":[]},"publishpress_future_workflow_manual_trigger":{"enabledWorkflows":[]},"_links":{"self":[{"href":"https:\/\/futbolhoy.co\/index.php\/wp-json\/wp\/v2\/posts\/64409","targetHints":{"allow":["GET"]}}],"collection":[{"href":"https:\/\/futbolhoy.co\/index.php\/wp-json\/wp\/v2\/posts"}],"about":[{"href":"https:\/\/futbolhoy.co\/index.php\/wp-json\/wp\/v2\/types\/post"}],"author":[{"embeddable":true,"href":"https:\/\/futbolhoy.co\/index.php\/wp-json\/wp\/v2\/users\/5"}],"replies":[{"embeddable":true,"href":"https:\/\/futbolhoy.co\/index.php\/wp-json\/wp\/v2\/comments?post=64409"}],"version-history":[{"count":3,"href":"https:\/\/futbolhoy.co\/index.php\/wp-json\/wp\/v2\/posts\/64409\/revisions"}],"predecessor-version":[{"id":64414,"href":"https:\/\/futbolhoy.co\/index.php\/wp-json\/wp\/v2\/posts\/64409\/revisions\/64414"}],"wp:featuredmedia":[{"embeddable":true,"href":"https:\/\/futbolhoy.co\/index.php\/wp-json\/wp\/v2\/media\/64410"}],"wp:attachment":[{"href":"https:\/\/futbolhoy.co\/index.php\/wp-json\/wp\/v2\/media?parent=64409"}],"wp:term":[{"taxonomy":"category","embeddable":true,"href":"https:\/\/futbolhoy.co\/index.php\/wp-json\/wp\/v2\/categories?post=64409"},{"taxonomy":"post_tag","embeddable":true,"href":"https:\/\/futbolhoy.co\/index.php\/wp-json\/wp\/v2\/tags?post=64409"}],"curies":[{"name":"wp","href":"https:\/\/api.w.org\/{rel}","templated":true}]}}