{"id":64431,"date":"2021-05-03T16:53:38","date_gmt":"2021-05-03T21:53:38","guid":{"rendered":"https:\/\/futbolhoy.co\/?p=64431"},"modified":"2021-05-04T09:03:51","modified_gmt":"2021-05-04T14:03:51","slug":"dos-colombianos-en-el-top-50-de-goleadores","status":"publish","type":"post","link":"https:\/\/futbolhoy.co\/index.php\/2021\/05\/03\/dos-colombianos-en-el-top-50-de-goleadores\/","title":{"rendered":"Dos colombianos en el Top 50 de goleadores"},"content":{"rendered":"<p style=\"text-align: justify;\"><span style=\"font-family: helvetica, arial, sans-serif;\">Los colombianos<strong> Luis Fernando Muriel<\/strong>, del <strong>Atalanta<\/strong> de Italia, y <strong>Jefferson Duque,<\/strong> de <strong>Atl\u00e9tico<\/strong> <strong>Nacional,<\/strong> figuran en el Top 50 de los goleadores del mundo en 2021, seg\u00fan la <strong>Federaci\u00f3n Internacional<\/strong> de <strong>Historia<\/strong> y <strong>Estad\u00edstica<\/strong> del <strong>F\u00fatbol, IFFHS.<\/strong><\/span><\/p>\n<p style=\"text-align: justify;\"><span style=\"font-family: helvetica, arial, sans-serif;\"><strong>Muriel<\/strong> ocupa la casilla 38 de la clasificaci\u00f3n que domina el polaco <strong>Robert Lewandowski,<\/strong> del <strong>Bayer M\u00fanich<\/strong> con 26 goles.<\/span><\/p>\n<p style=\"text-align: justify;\"><span style=\"font-family: helvetica, arial, sans-serif;\">El jugador, nacido en <strong>Santo Tomas,<\/strong> Atl\u00e1ntico, es el m\u00e1ximo artillero de su club con 14 goles: 12 en <strong>Serie<\/strong> <strong>A,<\/strong> 1 en Copa y 1 en <strong>Liga de Campeones.<\/strong><\/span><\/p>\n<p style=\"text-align: justify;\"><span style=\"font-family: helvetica, arial, sans-serif;\">Entretanto, <strong>Duque<\/strong> est\u00e1 en el puesto 44 con 13 goles: 11 en Liga colombiana y 2 en Copa Libertadores.<\/span><\/p>\n<p style=\"text-align: justify;\"><span style=\"font-family: helvetica, arial, sans-serif;\">En el Top 10 se destaca la presencia del argentino Lionel Messi, del Barcelona, con 24 goles; el franc\u00e9s <strong>Kylian Mbapp\u00e9,<\/strong> del PSG, con 23; y el noruego <strong>Erling Haaland,<\/strong> del <strong>Borrussia Dortmund,<\/strong> con 20.<\/span><\/p>\n<p style=\"text-align: justify;\"><span style=\"font-family: helvetica, arial, sans-serif;\">Principales goleadores del mundo:<\/span><\/p>\n<table style=\"border-collapse: collapse; width: 60.7029%; height: 368px;\">\n<tbody>\n<tr style=\"height: 23px;\">\n<td style=\"width: 4.70765%; height: 23px;\"><\/td>\n<td style=\"width: 18.2328%; height: 23px;\"><strong><span style=\"font-family: helvetica, arial, sans-serif;\">JUGADOR<\/span><\/strong><\/td>\n<td style=\"width: 21.5199%; height: 23px;\"><strong><span style=\"font-family: helvetica, arial, sans-serif;\">EQUIPO<\/span><\/strong><\/td>\n<td style=\"width: 3.09276%; height: 23px;\"><strong><span style=\"font-family: helvetica, arial, sans-serif;\">GOLES<\/span><\/strong><\/td>\n<\/tr>\n<tr style=\"height: 23px;\">\n<td style=\"width: 4.70765%; height: 23px;\"><strong><span style=\"font-family: helvetica, arial, sans-serif;\">1<\/span><\/strong><\/td>\n<td style=\"width: 18.2328%; height: 23px;\"><span style=\"font-family: helvetica, arial, sans-serif;\">Robert Lewandowski<\/span><\/td>\n<td style=\"width: 21.5199%; height: 23px;\"><span style=\"font-family: helvetica, arial, sans-serif;\">Bayern (ALE)<\/span><\/td>\n<td style=\"width: 3.09276%; height: 23px;\"><span style=\"font-family: helvetica, arial, sans-serif;\">26<\/span><\/td>\n<\/tr>\n<tr style=\"height: 23px;\">\n<td style=\"width: 4.70765%; height: 23px;\"><strong><span style=\"font-family: helvetica, arial, sans-serif;\">2<\/span><\/strong><\/td>\n<td style=\"width: 18.2328%; height: 23px;\"><span style=\"font-family: helvetica, arial, sans-serif;\">Lionel Messi<\/span><\/td>\n<td style=\"width: 21.5199%; height: 23px;\"><span style=\"font-family: helvetica, arial, sans-serif;\">Barcelona (ESP)<\/span><\/td>\n<td style=\"width: 3.09276%; height: 23px;\"><span style=\"font-family: helvetica, arial, sans-serif;\">24<\/span><\/td>\n<\/tr>\n<tr style=\"height: 23px;\">\n<td style=\"width: 4.70765%; height: 23px;\"><strong><span style=\"font-family: helvetica, arial, sans-serif;\">3<\/span><\/strong><\/td>\n<td style=\"width: 18.2328%; height: 23px;\"><span style=\"font-family: helvetica, arial, sans-serif;\">Kylian Mbapp\u00e9<\/span><\/td>\n<td style=\"width: 21.5199%; height: 23px;\"><span style=\"font-family: helvetica, arial, sans-serif;\">PSG (FRA)<\/span><\/td>\n<td style=\"width: 3.09276%; height: 23px;\"><span style=\"font-family: helvetica, arial, sans-serif;\">23<\/span><\/td>\n<\/tr>\n<tr style=\"height: 23px;\">\n<td style=\"width: 4.70765%; height: 23px;\"><strong><span style=\"font-family: helvetica, arial, sans-serif;\">4<\/span><\/strong><\/td>\n<td class=\"xl70\" style=\"width: 18.2328%; height: 23px;\" width=\"220\"><span style=\"font-family: helvetica, arial, sans-serif;\">Baghdad Bounedjah<\/span><\/td>\n<td style=\"width: 21.5199%; height: 23px;\"><span style=\"font-family: helvetica, arial, sans-serif;\">Al Sadd (QAT)<\/span><\/td>\n<td style=\"width: 3.09276%; height: 23px;\"><span style=\"font-family: helvetica, arial, sans-serif;\">21<\/span><\/td>\n<\/tr>\n<tr style=\"height: 23px;\">\n<td style=\"width: 4.70765%; height: 23px;\"><strong><span style=\"font-family: helvetica, arial, sans-serif;\">5<\/span><\/strong><\/td>\n<td class=\"xl70\" style=\"width: 18.2328%; height: 23px;\" width=\"220\"><span style=\"font-family: helvetica, arial, sans-serif;\">Patson Daka<\/span><\/td>\n<td class=\"xl70\" style=\"width: 21.5199%; height: 23px;\" width=\"277\"><span style=\"font-family: helvetica, arial, sans-serif;\">Salzburg (AUS)<\/span><\/td>\n<td style=\"width: 3.09276%; height: 23px;\"><span style=\"font-family: helvetica, arial, sans-serif;\">20<\/span><\/td>\n<\/tr>\n<tr style=\"height: 23px;\">\n<td style=\"width: 4.70765%; height: 23px;\"><strong><span style=\"font-family: helvetica, arial, sans-serif;\">6<\/span><\/strong><\/td>\n<td class=\"xl70\" style=\"width: 18.2328%; height: 23px;\" width=\"220\"><span style=\"font-family: helvetica, arial, sans-serif;\">Erling Haaland<\/span><\/td>\n<td class=\"xl70\" style=\"width: 21.5199%; height: 23px;\" width=\"277\"><span style=\"font-family: helvetica, arial, sans-serif;\">Borussia Dortmund (ALE)<\/span><\/td>\n<td style=\"width: 3.09276%; height: 23px;\"><span style=\"font-family: helvetica, arial, sans-serif;\">20\u00a0<\/span><\/td>\n<\/tr>\n<tr style=\"height: 23px;\">\n<td style=\"width: 4.70765%; height: 23px;\"><strong><span style=\"font-family: helvetica, arial, sans-serif;\">12<\/span><\/strong><\/td>\n<td class=\"xl70\" style=\"width: 18.2328%; height: 23px;\" width=\"220\"><span style=\"font-family: helvetica, arial, sans-serif;\">Harry Kane\u00a0<\/span><\/td>\n<td style=\"width: 21.5199%; height: 23px;\"><span style=\"font-family: helvetica, arial, sans-serif;\">Tottenham (ING)<\/span><\/td>\n<td style=\"width: 3.09276%; height: 23px;\"><span style=\"font-family: helvetica, arial, sans-serif;\">17<\/span><\/td>\n<\/tr>\n<tr style=\"height: 23px;\">\n<td style=\"width: 4.70765%; height: 23px;\"><strong><span style=\"font-family: helvetica, arial, sans-serif;\">13<\/span><\/strong><\/td>\n<td class=\"xl70\" style=\"width: 18.2328%;\" width=\"220\"><span style=\"font-family: helvetica, arial, sans-serif;\">Cristiano Ronaldo<\/span><\/td>\n<td style=\"width: 21.5199%; height: 23px;\"><span style=\"font-family: helvetica, arial, sans-serif;\">Juventus (ITA)\u00a0<\/span><\/td>\n<td style=\"width: 3.09276%; height: 23px;\"><span style=\"font-family: helvetica, arial, sans-serif;\">17<\/span><\/td>\n<\/tr>\n<tr style=\"height: 23px;\">\n<td style=\"width: 4.70765%; height: 23px;\"><strong><span style=\"font-family: helvetica, arial, sans-serif;\">17<\/span><\/strong><\/td>\n<td style=\"width: 18.2328%; height: 23px;\"><span style=\"font-family: helvetica, arial, sans-serif;\">Karim Benzema<\/span><\/td>\n<td style=\"width: 21.5199%; height: 23px;\"><span style=\"font-family: helvetica, arial, sans-serif;\">Real Madrid (ESP)<\/span><\/td>\n<td style=\"width: 3.09276%; height: 23px;\"><span style=\"font-family: helvetica, arial, sans-serif;\">16<\/span><\/td>\n<\/tr>\n<tr style=\"height: 23px;\">\n<td style=\"width: 4.70765%; height: 23px;\"><strong><span style=\"font-family: helvetica, arial, sans-serif;\">22<\/span><\/strong><\/td>\n<td class=\"xl70\" style=\"width: 18.2328%;\" width=\"220\"><span style=\"font-family: helvetica, arial, sans-serif;\">Mohamed Salah<\/span><\/td>\n<td class=\"xl70\" style=\"width: 21.5199%;\" width=\"277\"><span style=\"font-family: helvetica, arial, sans-serif;\">Liverpool (ING)<\/span><\/td>\n<td style=\"width: 3.09276%; height: 23px;\"><span style=\"font-family: helvetica, arial, sans-serif;\">15<\/span><\/td>\n<\/tr>\n<tr style=\"height: 23px;\">\n<td style=\"width: 4.70765%; height: 23px;\"><strong><span style=\"font-family: helvetica, arial, sans-serif;\">24<\/span><\/strong><\/td>\n<td class=\"xl70\" style=\"width: 18.2328%;\" width=\"220\"><span style=\"font-family: helvetica, arial, sans-serif;\">Antoine Griezmann<\/span><\/td>\n<td style=\"width: 21.5199%; height: 23px;\"><span style=\"font-family: helvetica, arial, sans-serif;\">Barcelona (ESP)<\/span><\/td>\n<td style=\"width: 3.09276%; height: 23px;\"><span style=\"font-family: helvetica, arial, sans-serif;\">15<\/span><\/td>\n<\/tr>\n<tr style=\"height: 23px;\">\n<td style=\"width: 4.70765%; height: 23px;\"><strong><span style=\"font-family: helvetica, arial, sans-serif;\">34<\/span><\/strong><\/td>\n<td class=\"xl70\" style=\"width: 18.2328%;\" width=\"220\"><span style=\"font-family: helvetica, arial, sans-serif;\">Romelu Lukaku\u00a0<\/span><\/td>\n<td style=\"width: 21.5199%; height: 23px;\"><span style=\"font-family: helvetica, arial, sans-serif;\">Inter (ITA)<\/span><\/td>\n<td style=\"width: 3.09276%; height: 23px;\"><span style=\"font-family: helvetica, arial, sans-serif;\">14<\/span><\/td>\n<\/tr>\n<tr style=\"height: 23px;\">\n<td style=\"width: 4.70765%; height: 23px;\"><strong><span style=\"font-family: helvetica, arial, sans-serif;\">35<\/span><\/strong><\/td>\n<td class=\"xl70\" style=\"width: 18.2328%;\" width=\"220\"><span style=\"font-family: helvetica, arial, sans-serif;\">Memphis Depay<\/span><\/td>\n<td style=\"width: 21.5199%; height: 23px;\"><span style=\"font-family: helvetica, arial, sans-serif;\">Lyon (FRA)<\/span><\/td>\n<td style=\"width: 3.09276%; height: 23px;\"><span style=\"font-family: helvetica, arial, sans-serif;\">14<\/span><\/td>\n<\/tr>\n<tr style=\"height: 23px;\">\n<td style=\"width: 4.70765%; height: 23px;\"><strong><span style=\"font-family: helvetica, arial, sans-serif;\">38<\/span><\/strong><\/td>\n<td class=\"xl70\" style=\"width: 18.2328%;\" width=\"220\"><span style=\"font-family: helvetica, arial, sans-serif;\">Luis Muriel<\/span><\/td>\n<td style=\"width: 21.5199%; height: 23px;\"><span style=\"font-family: helvetica, arial, sans-serif;\">Atalanta (ITA)<\/span><\/td>\n<td style=\"width: 3.09276%; height: 23px;\"><span style=\"font-family: helvetica, arial, sans-serif;\">14<\/span><\/td>\n<\/tr>\n<tr style=\"height: 23px;\">\n<td style=\"width: 4.70765%; height: 23px;\"><strong><span style=\"font-family: helvetica, arial, sans-serif;\">44<\/span><\/strong><\/td>\n<td class=\"xl70\" style=\"width: 18.2328%;\" width=\"220\"><span style=\"font-family: helvetica, arial, sans-serif;\">Jefferson Duque<\/span><\/td>\n<td style=\"width: 21.5199%; height: 23px;\"><span style=\"font-family: helvetica, arial, sans-serif;\">Nacional (COL)<\/span><\/td>\n<td style=\"width: 3.09276%; height: 23px;\"><span style=\"font-family: helvetica, arial, sans-serif;\">13<\/span><\/td>\n<\/tr>\n<\/tbody>\n<\/table>\n","protected":false},"excerpt":{"rendered":"<p>Los colombianos Luis Fernando Muriel, del Atalanta de Italia, y Jefferson Duque, de Atl\u00e9tico Nacional, figuran en el Top 50 de los goleadores del mundo en 2021, seg\u00fan la Federaci\u00f3n Internacional de Historia y Estad\u00edstica del F\u00fatbol, IFFHS. Muriel ocupa la casilla 38 de la clasificaci\u00f3n que domina el polaco Robert Lewandowski, del Bayer M\u00fanich [&hellip;]<\/p>\n","protected":false},"author":5,"featured_media":64433,"comment_status":"open","ping_status":"open","sticky":false,"template":"","format":"standard","meta":{"_acf_changed":false,"footnotes":""},"categories":[152],"tags":[],"class_list":{"0":"post-64431","1":"post","2":"type-post","3":"status-publish","4":"format-standard","5":"has-post-thumbnail","7":"category-mundo-futbol"},"acf":[],"yoast_head":"<!-- This site is optimized with the Yoast SEO plugin v26.8 - https:\/\/yoast.com\/product\/yoast-seo-wordpress\/ -->\n<title>Dos colombianos en el Top 50 de goleadores -<\/title>\n<meta name=\"robots\" content=\"index, follow, max-snippet:-1, max-image-preview:large, max-video-preview:-1\" \/>\n<link rel=\"canonical\" href=\"https:\/\/futbolhoy.co\/index.php\/2021\/05\/03\/dos-colombianos-en-el-top-50-de-goleadores\/\" \/>\n<meta property=\"og:locale\" content=\"es_ES\" \/>\n<meta property=\"og:type\" content=\"article\" \/>\n<meta property=\"og:title\" content=\"Dos colombianos en el Top 50 de goleadores -\" \/>\n<meta property=\"og:description\" content=\"Los colombianos Luis Fernando Muriel, del Atalanta de Italia, y Jefferson Duque, de Atl\u00e9tico Nacional, figuran en el Top 50 de los goleadores del mundo en 2021, seg\u00fan la Federaci\u00f3n Internacional de Historia y Estad\u00edstica del F\u00fatbol, IFFHS. Muriel ocupa la casilla 38 de la clasificaci\u00f3n que domina el polaco Robert Lewandowski, del Bayer M\u00fanich [&hellip;]\" \/>\n<meta property=\"og:url\" content=\"https:\/\/futbolhoy.co\/index.php\/2021\/05\/03\/dos-colombianos-en-el-top-50-de-goleadores\/\" \/>\n<meta property=\"article:publisher\" content=\"https:\/\/www.facebook.com\/FutbolHoyCol\/\" \/>\n<meta property=\"article:published_time\" content=\"2021-05-03T21:53:38+00:00\" \/>\n<meta property=\"article:modified_time\" content=\"2021-05-04T14:03:51+00:00\" \/>\n<meta property=\"og:image\" content=\"https:\/\/futbolhoy.co\/wp-content\/uploads\/2021\/05\/E0OIb8vXIAIMZuf.jpg\" \/>\n\t<meta property=\"og:image:width\" content=\"679\" \/>\n\t<meta property=\"og:image:height\" content=\"382\" \/>\n\t<meta property=\"og:image:type\" content=\"image\/jpeg\" \/>\n<meta name=\"author\" content=\"Laura Hern\u00e1ndez\" \/>\n<meta name=\"twitter:card\" content=\"summary_large_image\" \/>\n<meta name=\"twitter:creator\" content=\"@FutbolHoyCol\" \/>\n<meta name=\"twitter:site\" content=\"@FutbolHoyCol\" \/>\n<meta name=\"twitter:label1\" content=\"Escrito por\" \/>\n\t<meta name=\"twitter:data1\" content=\"Laura Hern\u00e1ndez\" \/>\n\t<meta name=\"twitter:label2\" content=\"Tiempo de lectura\" \/>\n\t<meta name=\"twitter:data2\" content=\"1 minuto\" \/>\n<script type=\"application\/ld+json\" class=\"yoast-schema-graph\">{\"@context\":\"https:\/\/schema.org\",\"@graph\":[{\"@type\":\"Article\",\"@id\":\"https:\/\/futbolhoy.co\/index.php\/2021\/05\/03\/dos-colombianos-en-el-top-50-de-goleadores\/#article\",\"isPartOf\":{\"@id\":\"https:\/\/futbolhoy.co\/index.php\/2021\/05\/03\/dos-colombianos-en-el-top-50-de-goleadores\/\"},\"author\":{\"name\":\"Laura Hern\u00e1ndez\",\"@id\":\"https:\/\/futbolhoy.co\/#\/schema\/person\/c4a353a512b127643723a34bb1812f7d\"},\"headline\":\"Dos colombianos en el Top 50 de goleadores\",\"datePublished\":\"2021-05-03T21:53:38+00:00\",\"dateModified\":\"2021-05-04T14:03:51+00:00\",\"mainEntityOfPage\":{\"@id\":\"https:\/\/futbolhoy.co\/index.php\/2021\/05\/03\/dos-colombianos-en-el-top-50-de-goleadores\/\"},\"wordCount\":213,\"commentCount\":0,\"publisher\":{\"@id\":\"https:\/\/futbolhoy.co\/#organization\"},\"image\":{\"@id\":\"https:\/\/futbolhoy.co\/index.php\/2021\/05\/03\/dos-colombianos-en-el-top-50-de-goleadores\/#primaryimage\"},\"thumbnailUrl\":\"https:\/\/futbolhoy.co\/wp-content\/uploads\/2021\/05\/E0OIb8vXIAIMZuf.jpg\",\"articleSection\":[\"Mundo Futbol\"],\"inLanguage\":\"es\",\"potentialAction\":[{\"@type\":\"CommentAction\",\"name\":\"Comment\",\"target\":[\"https:\/\/futbolhoy.co\/index.php\/2021\/05\/03\/dos-colombianos-en-el-top-50-de-goleadores\/#respond\"]}]},{\"@type\":\"WebPage\",\"@id\":\"https:\/\/futbolhoy.co\/index.php\/2021\/05\/03\/dos-colombianos-en-el-top-50-de-goleadores\/\",\"url\":\"https:\/\/futbolhoy.co\/index.php\/2021\/05\/03\/dos-colombianos-en-el-top-50-de-goleadores\/\",\"name\":\"Dos colombianos en el Top 50 de goleadores -\",\"isPartOf\":{\"@id\":\"https:\/\/futbolhoy.co\/#website\"},\"primaryImageOfPage\":{\"@id\":\"https:\/\/futbolhoy.co\/index.php\/2021\/05\/03\/dos-colombianos-en-el-top-50-de-goleadores\/#primaryimage\"},\"image\":{\"@id\":\"https:\/\/futbolhoy.co\/index.php\/2021\/05\/03\/dos-colombianos-en-el-top-50-de-goleadores\/#primaryimage\"},\"thumbnailUrl\":\"https:\/\/futbolhoy.co\/wp-content\/uploads\/2021\/05\/E0OIb8vXIAIMZuf.jpg\",\"datePublished\":\"2021-05-03T21:53:38+00:00\",\"dateModified\":\"2021-05-04T14:03:51+00:00\",\"breadcrumb\":{\"@id\":\"https:\/\/futbolhoy.co\/index.php\/2021\/05\/03\/dos-colombianos-en-el-top-50-de-goleadores\/#breadcrumb\"},\"inLanguage\":\"es\",\"potentialAction\":[{\"@type\":\"ReadAction\",\"target\":[\"https:\/\/futbolhoy.co\/index.php\/2021\/05\/03\/dos-colombianos-en-el-top-50-de-goleadores\/\"]}]},{\"@type\":\"ImageObject\",\"inLanguage\":\"es\",\"@id\":\"https:\/\/futbolhoy.co\/index.php\/2021\/05\/03\/dos-colombianos-en-el-top-50-de-goleadores\/#primaryimage\",\"url\":\"https:\/\/futbolhoy.co\/wp-content\/uploads\/2021\/05\/E0OIb8vXIAIMZuf.jpg\",\"contentUrl\":\"https:\/\/futbolhoy.co\/wp-content\/uploads\/2021\/05\/E0OIb8vXIAIMZuf.jpg\",\"width\":679,\"height\":382},{\"@type\":\"BreadcrumbList\",\"@id\":\"https:\/\/futbolhoy.co\/index.php\/2021\/05\/03\/dos-colombianos-en-el-top-50-de-goleadores\/#breadcrumb\",\"itemListElement\":[{\"@type\":\"ListItem\",\"position\":1,\"name\":\"Portada\",\"item\":\"https:\/\/futbolhoy.co\/\"},{\"@type\":\"ListItem\",\"position\":2,\"name\":\"Dos colombianos en el Top 50 de goleadores\"}]},{\"@type\":\"WebSite\",\"@id\":\"https:\/\/futbolhoy.co\/#website\",\"url\":\"https:\/\/futbolhoy.co\/\",\"name\":\"FutbolHoy\",\"description\":\"\",\"publisher\":{\"@id\":\"https:\/\/futbolhoy.co\/#organization\"},\"potentialAction\":[{\"@type\":\"SearchAction\",\"target\":{\"@type\":\"EntryPoint\",\"urlTemplate\":\"https:\/\/futbolhoy.co\/?s={search_term_string}\"},\"query-input\":{\"@type\":\"PropertyValueSpecification\",\"valueRequired\":true,\"valueName\":\"search_term_string\"}}],\"inLanguage\":\"es\"},{\"@type\":\"Organization\",\"@id\":\"https:\/\/futbolhoy.co\/#organization\",\"name\":\"Futbolhoy.co\",\"url\":\"https:\/\/futbolhoy.co\/\",\"logo\":{\"@type\":\"ImageObject\",\"inLanguage\":\"es\",\"@id\":\"https:\/\/futbolhoy.co\/#\/schema\/logo\/image\/\",\"url\":\"https:\/\/futbolhoy.co\/wp-content\/uploads\/2018\/08\/17426380_1906371736249227_6326180412931521141_n.jpg\",\"contentUrl\":\"https:\/\/futbolhoy.co\/wp-content\/uploads\/2018\/08\/17426380_1906371736249227_6326180412931521141_n.jpg\",\"width\":960,\"height\":960,\"caption\":\"Futbolhoy.co\"},\"image\":{\"@id\":\"https:\/\/futbolhoy.co\/#\/schema\/logo\/image\/\"},\"sameAs\":[\"https:\/\/www.facebook.com\/FutbolHoyCol\/\",\"https:\/\/x.com\/FutbolHoyCol\",\"https:\/\/www.instagram.com\/futbolhoycol\/\"]},{\"@type\":\"Person\",\"@id\":\"https:\/\/futbolhoy.co\/#\/schema\/person\/c4a353a512b127643723a34bb1812f7d\",\"name\":\"Laura Hern\u00e1ndez\",\"image\":{\"@type\":\"ImageObject\",\"inLanguage\":\"es\",\"@id\":\"https:\/\/futbolhoy.co\/#\/schema\/person\/image\/\",\"url\":\"https:\/\/secure.gravatar.com\/avatar\/d25959a15b9b293a743f99181c7cfd01?s=96&d=mm&r=g\",\"contentUrl\":\"https:\/\/secure.gravatar.com\/avatar\/d25959a15b9b293a743f99181c7cfd01?s=96&d=mm&r=g\",\"caption\":\"Laura Hern\u00e1ndez\"}}]}<\/script>\n<!-- \/ Yoast SEO plugin. -->","yoast_head_json":{"title":"Dos colombianos en el Top 50 de goleadores -","robots":{"index":"index","follow":"follow","max-snippet":"max-snippet:-1","max-image-preview":"max-image-preview:large","max-video-preview":"max-video-preview:-1"},"canonical":"https:\/\/futbolhoy.co\/index.php\/2021\/05\/03\/dos-colombianos-en-el-top-50-de-goleadores\/","og_locale":"es_ES","og_type":"article","og_title":"Dos colombianos en el Top 50 de goleadores -","og_description":"Los colombianos Luis Fernando Muriel, del Atalanta de Italia, y Jefferson Duque, de Atl\u00e9tico Nacional, figuran en el Top 50 de los goleadores del mundo en 2021, seg\u00fan la Federaci\u00f3n Internacional de Historia y Estad\u00edstica del F\u00fatbol, IFFHS. Muriel ocupa la casilla 38 de la clasificaci\u00f3n que domina el polaco Robert Lewandowski, del Bayer M\u00fanich [&hellip;]","og_url":"https:\/\/futbolhoy.co\/index.php\/2021\/05\/03\/dos-colombianos-en-el-top-50-de-goleadores\/","article_publisher":"https:\/\/www.facebook.com\/FutbolHoyCol\/","article_published_time":"2021-05-03T21:53:38+00:00","article_modified_time":"2021-05-04T14:03:51+00:00","og_image":[{"width":679,"height":382,"url":"https:\/\/futbolhoy.co\/wp-content\/uploads\/2021\/05\/E0OIb8vXIAIMZuf.jpg","type":"image\/jpeg"}],"author":"Laura Hern\u00e1ndez","twitter_card":"summary_large_image","twitter_creator":"@FutbolHoyCol","twitter_site":"@FutbolHoyCol","twitter_misc":{"Escrito por":"Laura Hern\u00e1ndez","Tiempo de lectura":"1 minuto"},"schema":{"@context":"https:\/\/schema.org","@graph":[{"@type":"Article","@id":"https:\/\/futbolhoy.co\/index.php\/2021\/05\/03\/dos-colombianos-en-el-top-50-de-goleadores\/#article","isPartOf":{"@id":"https:\/\/futbolhoy.co\/index.php\/2021\/05\/03\/dos-colombianos-en-el-top-50-de-goleadores\/"},"author":{"name":"Laura Hern\u00e1ndez","@id":"https:\/\/futbolhoy.co\/#\/schema\/person\/c4a353a512b127643723a34bb1812f7d"},"headline":"Dos colombianos en el Top 50 de goleadores","datePublished":"2021-05-03T21:53:38+00:00","dateModified":"2021-05-04T14:03:51+00:00","mainEntityOfPage":{"@id":"https:\/\/futbolhoy.co\/index.php\/2021\/05\/03\/dos-colombianos-en-el-top-50-de-goleadores\/"},"wordCount":213,"commentCount":0,"publisher":{"@id":"https:\/\/futbolhoy.co\/#organization"},"image":{"@id":"https:\/\/futbolhoy.co\/index.php\/2021\/05\/03\/dos-colombianos-en-el-top-50-de-goleadores\/#primaryimage"},"thumbnailUrl":"https:\/\/futbolhoy.co\/wp-content\/uploads\/2021\/05\/E0OIb8vXIAIMZuf.jpg","articleSection":["Mundo Futbol"],"inLanguage":"es","potentialAction":[{"@type":"CommentAction","name":"Comment","target":["https:\/\/futbolhoy.co\/index.php\/2021\/05\/03\/dos-colombianos-en-el-top-50-de-goleadores\/#respond"]}]},{"@type":"WebPage","@id":"https:\/\/futbolhoy.co\/index.php\/2021\/05\/03\/dos-colombianos-en-el-top-50-de-goleadores\/","url":"https:\/\/futbolhoy.co\/index.php\/2021\/05\/03\/dos-colombianos-en-el-top-50-de-goleadores\/","name":"Dos colombianos en el Top 50 de goleadores -","isPartOf":{"@id":"https:\/\/futbolhoy.co\/#website"},"primaryImageOfPage":{"@id":"https:\/\/futbolhoy.co\/index.php\/2021\/05\/03\/dos-colombianos-en-el-top-50-de-goleadores\/#primaryimage"},"image":{"@id":"https:\/\/futbolhoy.co\/index.php\/2021\/05\/03\/dos-colombianos-en-el-top-50-de-goleadores\/#primaryimage"},"thumbnailUrl":"https:\/\/futbolhoy.co\/wp-content\/uploads\/2021\/05\/E0OIb8vXIAIMZuf.jpg","datePublished":"2021-05-03T21:53:38+00:00","dateModified":"2021-05-04T14:03:51+00:00","breadcrumb":{"@id":"https:\/\/futbolhoy.co\/index.php\/2021\/05\/03\/dos-colombianos-en-el-top-50-de-goleadores\/#breadcrumb"},"inLanguage":"es","potentialAction":[{"@type":"ReadAction","target":["https:\/\/futbolhoy.co\/index.php\/2021\/05\/03\/dos-colombianos-en-el-top-50-de-goleadores\/"]}]},{"@type":"ImageObject","inLanguage":"es","@id":"https:\/\/futbolhoy.co\/index.php\/2021\/05\/03\/dos-colombianos-en-el-top-50-de-goleadores\/#primaryimage","url":"https:\/\/futbolhoy.co\/wp-content\/uploads\/2021\/05\/E0OIb8vXIAIMZuf.jpg","contentUrl":"https:\/\/futbolhoy.co\/wp-content\/uploads\/2021\/05\/E0OIb8vXIAIMZuf.jpg","width":679,"height":382},{"@type":"BreadcrumbList","@id":"https:\/\/futbolhoy.co\/index.php\/2021\/05\/03\/dos-colombianos-en-el-top-50-de-goleadores\/#breadcrumb","itemListElement":[{"@type":"ListItem","position":1,"name":"Portada","item":"https:\/\/futbolhoy.co\/"},{"@type":"ListItem","position":2,"name":"Dos colombianos en el Top 50 de goleadores"}]},{"@type":"WebSite","@id":"https:\/\/futbolhoy.co\/#website","url":"https:\/\/futbolhoy.co\/","name":"FutbolHoy","description":"","publisher":{"@id":"https:\/\/futbolhoy.co\/#organization"},"potentialAction":[{"@type":"SearchAction","target":{"@type":"EntryPoint","urlTemplate":"https:\/\/futbolhoy.co\/?s={search_term_string}"},"query-input":{"@type":"PropertyValueSpecification","valueRequired":true,"valueName":"search_term_string"}}],"inLanguage":"es"},{"@type":"Organization","@id":"https:\/\/futbolhoy.co\/#organization","name":"Futbolhoy.co","url":"https:\/\/futbolhoy.co\/","logo":{"@type":"ImageObject","inLanguage":"es","@id":"https:\/\/futbolhoy.co\/#\/schema\/logo\/image\/","url":"https:\/\/futbolhoy.co\/wp-content\/uploads\/2018\/08\/17426380_1906371736249227_6326180412931521141_n.jpg","contentUrl":"https:\/\/futbolhoy.co\/wp-content\/uploads\/2018\/08\/17426380_1906371736249227_6326180412931521141_n.jpg","width":960,"height":960,"caption":"Futbolhoy.co"},"image":{"@id":"https:\/\/futbolhoy.co\/#\/schema\/logo\/image\/"},"sameAs":["https:\/\/www.facebook.com\/FutbolHoyCol\/","https:\/\/x.com\/FutbolHoyCol","https:\/\/www.instagram.com\/futbolhoycol\/"]},{"@type":"Person","@id":"https:\/\/futbolhoy.co\/#\/schema\/person\/c4a353a512b127643723a34bb1812f7d","name":"Laura Hern\u00e1ndez","image":{"@type":"ImageObject","inLanguage":"es","@id":"https:\/\/futbolhoy.co\/#\/schema\/person\/image\/","url":"https:\/\/secure.gravatar.com\/avatar\/d25959a15b9b293a743f99181c7cfd01?s=96&d=mm&r=g","contentUrl":"https:\/\/secure.gravatar.com\/avatar\/d25959a15b9b293a743f99181c7cfd01?s=96&d=mm&r=g","caption":"Laura Hern\u00e1ndez"}}]}},"publishpress_future_action":{"enabled":false,"date":"2026-05-03 15:10:52","action":"change-status","newStatus":"draft","terms":[],"taxonomy":"category","extraData":[]},"publishpress_future_workflow_manual_trigger":{"enabledWorkflows":[]},"_links":{"self":[{"href":"https:\/\/futbolhoy.co\/index.php\/wp-json\/wp\/v2\/posts\/64431","targetHints":{"allow":["GET"]}}],"collection":[{"href":"https:\/\/futbolhoy.co\/index.php\/wp-json\/wp\/v2\/posts"}],"about":[{"href":"https:\/\/futbolhoy.co\/index.php\/wp-json\/wp\/v2\/types\/post"}],"author":[{"embeddable":true,"href":"https:\/\/futbolhoy.co\/index.php\/wp-json\/wp\/v2\/users\/5"}],"replies":[{"embeddable":true,"href":"https:\/\/futbolhoy.co\/index.php\/wp-json\/wp\/v2\/comments?post=64431"}],"version-history":[{"count":2,"href":"https:\/\/futbolhoy.co\/index.php\/wp-json\/wp\/v2\/posts\/64431\/revisions"}],"predecessor-version":[{"id":64434,"href":"https:\/\/futbolhoy.co\/index.php\/wp-json\/wp\/v2\/posts\/64431\/revisions\/64434"}],"wp:featuredmedia":[{"embeddable":true,"href":"https:\/\/futbolhoy.co\/index.php\/wp-json\/wp\/v2\/media\/64433"}],"wp:attachment":[{"href":"https:\/\/futbolhoy.co\/index.php\/wp-json\/wp\/v2\/media?parent=64431"}],"wp:term":[{"taxonomy":"category","embeddable":true,"href":"https:\/\/futbolhoy.co\/index.php\/wp-json\/wp\/v2\/categories?post=64431"},{"taxonomy":"post_tag","embeddable":true,"href":"https:\/\/futbolhoy.co\/index.php\/wp-json\/wp\/v2\/tags?post=64431"}],"curies":[{"name":"wp","href":"https:\/\/api.w.org\/{rel}","templated":true}]}}