{"id":64439,"date":"2021-05-03T18:05:54","date_gmt":"2021-05-03T23:05:54","guid":{"rendered":"https:\/\/futbolhoy.co\/?p=64439"},"modified":"2021-05-04T16:03:46","modified_gmt":"2021-05-04T21:03:46","slug":"borre-no-estara-con-river-ante-santa-fe","status":"publish","type":"post","link":"https:\/\/futbolhoy.co\/index.php\/2021\/05\/03\/borre-no-estara-con-river-ante-santa-fe\/","title":{"rendered":"Borr\u00e9 no estar\u00e1 con River ante Santa Fe"},"content":{"rendered":"<p style=\"text-align: justify;\"><b><i><\/i><\/b><span style=\"font-family: helvetica, arial, sans-serif;\">El delantero barranquillero<strong> Rafael Santos Borr\u00e9<\/strong> no fue incluido en el grupo que cit\u00f3 <strong>River Plate<\/strong> de Argentina para visitar a Santa Fe, por la tercera fecha de la fase de grupos de <strong>Copa Libertadores.<\/strong><\/span><\/p>\n<p style=\"text-align: justify;\"><span style=\"font-family: helvetica, arial, sans-serif;\">Junto a <strong>Borr\u00e9,<\/strong> tampoco fueron convocados\u00a0\u00a0los defensas <strong>Paulo D\u00edaz<\/strong> y <strong>Fabrizio Angileri,<\/strong> y los volantes <strong>Enzo P\u00e9rez<\/strong> y <strong>Nicol\u00e1s de la Cruz.<\/strong> Entre los viajeros si est\u00e1 el cartagenero <strong>Jorge Carrascal.<\/strong><\/span><\/p>\n<p style=\"text-align: justify;\"><span style=\"font-family: helvetica, arial, sans-serif;\"><strong>Fluminense<\/strong> de Brasil y <strong>River<\/strong> lideran el grupo D de la Copa, con 4 puntos cada uno.<\/span><\/p>\n<p style=\"text-align: justify;\"><span style=\"font-family: helvetica, arial, sans-serif;\">El juego <strong>Santa Fe - River Plate<\/strong> est\u00e1 programado para este mi\u00e9rcoles desde las 7pm, en el estadio Centenario de Armenia.<\/span><\/p>\n<p style=\"text-align: justify;\"><span style=\"font-family: helvetica, arial, sans-serif;\">En la Copa Profesional de la Liga de Argentina, <strong>River<\/strong> viene de caer el fin de semana 1-0 ante <strong>Banfield<\/strong> y requiere de una victoria el pr\u00f3ximo s\u00e1bado frente a <strong>Aldosivi,<\/strong> para clasificar a cuartos de final del campeonato local.<\/span><\/p>\n<blockquote class=\"twitter-tweet\" data-width=\"550\" data-dnt=\"true\">\n<p lang=\"es\" dir=\"ltr\">\ud83d\udccb Los convocados para enfrentar a <a href=\"https:\/\/twitter.com\/SantaFe?ref_src=twsrc%5Etfw\">@SantaFe<\/a> en una nueva jornada de Copa Libertadores \ud83d\udcaa<a href=\"https:\/\/twitter.com\/hashtag\/VamosRiver?src=hash&amp;ref_src=twsrc%5Etfw\">#VamosRiver<\/a> \u26aa\ufe0f\ud83d\udd34\u26aa\ufe0f <a href=\"https:\/\/t.co\/gD7UzWmZRP\">pic.twitter.com\/gD7UzWmZRP<\/a><\/p>\n<p>&mdash; River Plate (@RiverPlate) <a href=\"https:\/\/twitter.com\/RiverPlate\/status\/1389329700602929156?ref_src=twsrc%5Etfw\">May 3, 2021<\/a><\/p><\/blockquote>\n<p><script async src=\"https:\/\/platform.twitter.com\/widgets.js\" charset=\"utf-8\"><\/script><\/p>\n<p>&nbsp;<\/p>\n","protected":false},"excerpt":{"rendered":"<p>El delantero barranquillero Rafael Santos Borr\u00e9 no fue incluido en el grupo que cit\u00f3 River Plate de Argentina para visitar a Santa Fe, por la tercera fecha de la fase de grupos de Copa Libertadores. Junto a Borr\u00e9, tampoco fueron convocados\u00a0\u00a0los defensas Paulo D\u00edaz y Fabrizio Angileri, y los volantes Enzo P\u00e9rez y Nicol\u00e1s de [&hellip;]<\/p>\n","protected":false},"author":5,"featured_media":64440,"comment_status":"open","ping_status":"open","sticky":false,"template":"","format":"standard","meta":{"_acf_changed":false,"footnotes":""},"categories":[653],"tags":[],"class_list":{"0":"post-64439","1":"post","2":"type-post","3":"status-publish","4":"format-standard","5":"has-post-thumbnail","7":"category-copa-libertadores"},"acf":[],"yoast_head":"<!-- This site is optimized with the Yoast SEO plugin v26.8 - https:\/\/yoast.com\/product\/yoast-seo-wordpress\/ -->\n<title>Borr\u00e9 no estar\u00e1 con River ante Santa Fe -<\/title>\n<meta name=\"robots\" content=\"index, follow, max-snippet:-1, max-image-preview:large, max-video-preview:-1\" \/>\n<link rel=\"canonical\" href=\"https:\/\/futbolhoy.co\/index.php\/2021\/05\/03\/borre-no-estara-con-river-ante-santa-fe\/\" \/>\n<meta property=\"og:locale\" content=\"es_ES\" \/>\n<meta property=\"og:type\" content=\"article\" \/>\n<meta property=\"og:title\" content=\"Borr\u00e9 no estar\u00e1 con River ante Santa Fe -\" \/>\n<meta property=\"og:description\" content=\"El delantero barranquillero Rafael Santos Borr\u00e9 no fue incluido en el grupo que cit\u00f3 River Plate de Argentina para visitar a Santa Fe, por la tercera fecha de la fase de grupos de Copa Libertadores. Junto a Borr\u00e9, tampoco fueron convocados\u00a0\u00a0los defensas Paulo D\u00edaz y Fabrizio Angileri, y los volantes Enzo P\u00e9rez y Nicol\u00e1s de [&hellip;]\" \/>\n<meta property=\"og:url\" content=\"https:\/\/futbolhoy.co\/index.php\/2021\/05\/03\/borre-no-estara-con-river-ante-santa-fe\/\" \/>\n<meta property=\"article:publisher\" content=\"https:\/\/www.facebook.com\/FutbolHoyCol\/\" \/>\n<meta property=\"article:published_time\" content=\"2021-05-03T23:05:54+00:00\" \/>\n<meta property=\"article:modified_time\" content=\"2021-05-04T21:03:46+00:00\" \/>\n<meta property=\"og:image\" content=\"https:\/\/futbolhoy.co\/wp-content\/uploads\/2021\/05\/Ez-_Ww8X0AMtSH_.jpg\" \/>\n\t<meta property=\"og:image:width\" content=\"680\" \/>\n\t<meta property=\"og:image:height\" content=\"454\" \/>\n\t<meta property=\"og:image:type\" content=\"image\/jpeg\" \/>\n<meta name=\"author\" content=\"Laura Hern\u00e1ndez\" \/>\n<meta name=\"twitter:card\" content=\"summary_large_image\" \/>\n<meta name=\"twitter:creator\" content=\"@FutbolHoyCol\" \/>\n<meta name=\"twitter:site\" content=\"@FutbolHoyCol\" \/>\n<meta name=\"twitter:label1\" content=\"Escrito por\" \/>\n\t<meta name=\"twitter:data1\" content=\"Laura Hern\u00e1ndez\" \/>\n\t<meta name=\"twitter:label2\" content=\"Tiempo de lectura\" \/>\n\t<meta name=\"twitter:data2\" content=\"1 minuto\" \/>\n<script type=\"application\/ld+json\" class=\"yoast-schema-graph\">{\"@context\":\"https:\/\/schema.org\",\"@graph\":[{\"@type\":\"Article\",\"@id\":\"https:\/\/futbolhoy.co\/index.php\/2021\/05\/03\/borre-no-estara-con-river-ante-santa-fe\/#article\",\"isPartOf\":{\"@id\":\"https:\/\/futbolhoy.co\/index.php\/2021\/05\/03\/borre-no-estara-con-river-ante-santa-fe\/\"},\"author\":{\"name\":\"Laura Hern\u00e1ndez\",\"@id\":\"https:\/\/futbolhoy.co\/#\/schema\/person\/c4a353a512b127643723a34bb1812f7d\"},\"headline\":\"Borr\u00e9 no estar\u00e1 con River ante Santa Fe\",\"datePublished\":\"2021-05-03T23:05:54+00:00\",\"dateModified\":\"2021-05-04T21:03:46+00:00\",\"mainEntityOfPage\":{\"@id\":\"https:\/\/futbolhoy.co\/index.php\/2021\/05\/03\/borre-no-estara-con-river-ante-santa-fe\/\"},\"wordCount\":165,\"commentCount\":0,\"publisher\":{\"@id\":\"https:\/\/futbolhoy.co\/#organization\"},\"image\":{\"@id\":\"https:\/\/futbolhoy.co\/index.php\/2021\/05\/03\/borre-no-estara-con-river-ante-santa-fe\/#primaryimage\"},\"thumbnailUrl\":\"https:\/\/futbolhoy.co\/wp-content\/uploads\/2021\/05\/Ez-_Ww8X0AMtSH_.jpg\",\"articleSection\":[\"Libertadores\"],\"inLanguage\":\"es\",\"potentialAction\":[{\"@type\":\"CommentAction\",\"name\":\"Comment\",\"target\":[\"https:\/\/futbolhoy.co\/index.php\/2021\/05\/03\/borre-no-estara-con-river-ante-santa-fe\/#respond\"]}]},{\"@type\":\"WebPage\",\"@id\":\"https:\/\/futbolhoy.co\/index.php\/2021\/05\/03\/borre-no-estara-con-river-ante-santa-fe\/\",\"url\":\"https:\/\/futbolhoy.co\/index.php\/2021\/05\/03\/borre-no-estara-con-river-ante-santa-fe\/\",\"name\":\"Borr\u00e9 no estar\u00e1 con River ante Santa Fe -\",\"isPartOf\":{\"@id\":\"https:\/\/futbolhoy.co\/#website\"},\"primaryImageOfPage\":{\"@id\":\"https:\/\/futbolhoy.co\/index.php\/2021\/05\/03\/borre-no-estara-con-river-ante-santa-fe\/#primaryimage\"},\"image\":{\"@id\":\"https:\/\/futbolhoy.co\/index.php\/2021\/05\/03\/borre-no-estara-con-river-ante-santa-fe\/#primaryimage\"},\"thumbnailUrl\":\"https:\/\/futbolhoy.co\/wp-content\/uploads\/2021\/05\/Ez-_Ww8X0AMtSH_.jpg\",\"datePublished\":\"2021-05-03T23:05:54+00:00\",\"dateModified\":\"2021-05-04T21:03:46+00:00\",\"breadcrumb\":{\"@id\":\"https:\/\/futbolhoy.co\/index.php\/2021\/05\/03\/borre-no-estara-con-river-ante-santa-fe\/#breadcrumb\"},\"inLanguage\":\"es\",\"potentialAction\":[{\"@type\":\"ReadAction\",\"target\":[\"https:\/\/futbolhoy.co\/index.php\/2021\/05\/03\/borre-no-estara-con-river-ante-santa-fe\/\"]}]},{\"@type\":\"ImageObject\",\"inLanguage\":\"es\",\"@id\":\"https:\/\/futbolhoy.co\/index.php\/2021\/05\/03\/borre-no-estara-con-river-ante-santa-fe\/#primaryimage\",\"url\":\"https:\/\/futbolhoy.co\/wp-content\/uploads\/2021\/05\/Ez-_Ww8X0AMtSH_.jpg\",\"contentUrl\":\"https:\/\/futbolhoy.co\/wp-content\/uploads\/2021\/05\/Ez-_Ww8X0AMtSH_.jpg\",\"width\":680,\"height\":454},{\"@type\":\"BreadcrumbList\",\"@id\":\"https:\/\/futbolhoy.co\/index.php\/2021\/05\/03\/borre-no-estara-con-river-ante-santa-fe\/#breadcrumb\",\"itemListElement\":[{\"@type\":\"ListItem\",\"position\":1,\"name\":\"Portada\",\"item\":\"https:\/\/futbolhoy.co\/\"},{\"@type\":\"ListItem\",\"position\":2,\"name\":\"Borr\u00e9 no estar\u00e1 con River ante Santa Fe\"}]},{\"@type\":\"WebSite\",\"@id\":\"https:\/\/futbolhoy.co\/#website\",\"url\":\"https:\/\/futbolhoy.co\/\",\"name\":\"FutbolHoy\",\"description\":\"\",\"publisher\":{\"@id\":\"https:\/\/futbolhoy.co\/#organization\"},\"potentialAction\":[{\"@type\":\"SearchAction\",\"target\":{\"@type\":\"EntryPoint\",\"urlTemplate\":\"https:\/\/futbolhoy.co\/?s={search_term_string}\"},\"query-input\":{\"@type\":\"PropertyValueSpecification\",\"valueRequired\":true,\"valueName\":\"search_term_string\"}}],\"inLanguage\":\"es\"},{\"@type\":\"Organization\",\"@id\":\"https:\/\/futbolhoy.co\/#organization\",\"name\":\"Futbolhoy.co\",\"url\":\"https:\/\/futbolhoy.co\/\",\"logo\":{\"@type\":\"ImageObject\",\"inLanguage\":\"es\",\"@id\":\"https:\/\/futbolhoy.co\/#\/schema\/logo\/image\/\",\"url\":\"https:\/\/futbolhoy.co\/wp-content\/uploads\/2018\/08\/17426380_1906371736249227_6326180412931521141_n.jpg\",\"contentUrl\":\"https:\/\/futbolhoy.co\/wp-content\/uploads\/2018\/08\/17426380_1906371736249227_6326180412931521141_n.jpg\",\"width\":960,\"height\":960,\"caption\":\"Futbolhoy.co\"},\"image\":{\"@id\":\"https:\/\/futbolhoy.co\/#\/schema\/logo\/image\/\"},\"sameAs\":[\"https:\/\/www.facebook.com\/FutbolHoyCol\/\",\"https:\/\/x.com\/FutbolHoyCol\",\"https:\/\/www.instagram.com\/futbolhoycol\/\"]},{\"@type\":\"Person\",\"@id\":\"https:\/\/futbolhoy.co\/#\/schema\/person\/c4a353a512b127643723a34bb1812f7d\",\"name\":\"Laura Hern\u00e1ndez\",\"image\":{\"@type\":\"ImageObject\",\"inLanguage\":\"es\",\"@id\":\"https:\/\/futbolhoy.co\/#\/schema\/person\/image\/\",\"url\":\"https:\/\/secure.gravatar.com\/avatar\/d25959a15b9b293a743f99181c7cfd01?s=96&d=mm&r=g\",\"contentUrl\":\"https:\/\/secure.gravatar.com\/avatar\/d25959a15b9b293a743f99181c7cfd01?s=96&d=mm&r=g\",\"caption\":\"Laura Hern\u00e1ndez\"}}]}<\/script>\n<!-- \/ Yoast SEO plugin. -->","yoast_head_json":{"title":"Borr\u00e9 no estar\u00e1 con River ante Santa Fe -","robots":{"index":"index","follow":"follow","max-snippet":"max-snippet:-1","max-image-preview":"max-image-preview:large","max-video-preview":"max-video-preview:-1"},"canonical":"https:\/\/futbolhoy.co\/index.php\/2021\/05\/03\/borre-no-estara-con-river-ante-santa-fe\/","og_locale":"es_ES","og_type":"article","og_title":"Borr\u00e9 no estar\u00e1 con River ante Santa Fe -","og_description":"El delantero barranquillero Rafael Santos Borr\u00e9 no fue incluido en el grupo que cit\u00f3 River Plate de Argentina para visitar a Santa Fe, por la tercera fecha de la fase de grupos de Copa Libertadores. Junto a Borr\u00e9, tampoco fueron convocados\u00a0\u00a0los defensas Paulo D\u00edaz y Fabrizio Angileri, y los volantes Enzo P\u00e9rez y Nicol\u00e1s de [&hellip;]","og_url":"https:\/\/futbolhoy.co\/index.php\/2021\/05\/03\/borre-no-estara-con-river-ante-santa-fe\/","article_publisher":"https:\/\/www.facebook.com\/FutbolHoyCol\/","article_published_time":"2021-05-03T23:05:54+00:00","article_modified_time":"2021-05-04T21:03:46+00:00","og_image":[{"width":680,"height":454,"url":"https:\/\/futbolhoy.co\/wp-content\/uploads\/2021\/05\/Ez-_Ww8X0AMtSH_.jpg","type":"image\/jpeg"}],"author":"Laura Hern\u00e1ndez","twitter_card":"summary_large_image","twitter_creator":"@FutbolHoyCol","twitter_site":"@FutbolHoyCol","twitter_misc":{"Escrito por":"Laura Hern\u00e1ndez","Tiempo de lectura":"1 minuto"},"schema":{"@context":"https:\/\/schema.org","@graph":[{"@type":"Article","@id":"https:\/\/futbolhoy.co\/index.php\/2021\/05\/03\/borre-no-estara-con-river-ante-santa-fe\/#article","isPartOf":{"@id":"https:\/\/futbolhoy.co\/index.php\/2021\/05\/03\/borre-no-estara-con-river-ante-santa-fe\/"},"author":{"name":"Laura Hern\u00e1ndez","@id":"https:\/\/futbolhoy.co\/#\/schema\/person\/c4a353a512b127643723a34bb1812f7d"},"headline":"Borr\u00e9 no estar\u00e1 con River ante Santa Fe","datePublished":"2021-05-03T23:05:54+00:00","dateModified":"2021-05-04T21:03:46+00:00","mainEntityOfPage":{"@id":"https:\/\/futbolhoy.co\/index.php\/2021\/05\/03\/borre-no-estara-con-river-ante-santa-fe\/"},"wordCount":165,"commentCount":0,"publisher":{"@id":"https:\/\/futbolhoy.co\/#organization"},"image":{"@id":"https:\/\/futbolhoy.co\/index.php\/2021\/05\/03\/borre-no-estara-con-river-ante-santa-fe\/#primaryimage"},"thumbnailUrl":"https:\/\/futbolhoy.co\/wp-content\/uploads\/2021\/05\/Ez-_Ww8X0AMtSH_.jpg","articleSection":["Libertadores"],"inLanguage":"es","potentialAction":[{"@type":"CommentAction","name":"Comment","target":["https:\/\/futbolhoy.co\/index.php\/2021\/05\/03\/borre-no-estara-con-river-ante-santa-fe\/#respond"]}]},{"@type":"WebPage","@id":"https:\/\/futbolhoy.co\/index.php\/2021\/05\/03\/borre-no-estara-con-river-ante-santa-fe\/","url":"https:\/\/futbolhoy.co\/index.php\/2021\/05\/03\/borre-no-estara-con-river-ante-santa-fe\/","name":"Borr\u00e9 no estar\u00e1 con River ante Santa Fe -","isPartOf":{"@id":"https:\/\/futbolhoy.co\/#website"},"primaryImageOfPage":{"@id":"https:\/\/futbolhoy.co\/index.php\/2021\/05\/03\/borre-no-estara-con-river-ante-santa-fe\/#primaryimage"},"image":{"@id":"https:\/\/futbolhoy.co\/index.php\/2021\/05\/03\/borre-no-estara-con-river-ante-santa-fe\/#primaryimage"},"thumbnailUrl":"https:\/\/futbolhoy.co\/wp-content\/uploads\/2021\/05\/Ez-_Ww8X0AMtSH_.jpg","datePublished":"2021-05-03T23:05:54+00:00","dateModified":"2021-05-04T21:03:46+00:00","breadcrumb":{"@id":"https:\/\/futbolhoy.co\/index.php\/2021\/05\/03\/borre-no-estara-con-river-ante-santa-fe\/#breadcrumb"},"inLanguage":"es","potentialAction":[{"@type":"ReadAction","target":["https:\/\/futbolhoy.co\/index.php\/2021\/05\/03\/borre-no-estara-con-river-ante-santa-fe\/"]}]},{"@type":"ImageObject","inLanguage":"es","@id":"https:\/\/futbolhoy.co\/index.php\/2021\/05\/03\/borre-no-estara-con-river-ante-santa-fe\/#primaryimage","url":"https:\/\/futbolhoy.co\/wp-content\/uploads\/2021\/05\/Ez-_Ww8X0AMtSH_.jpg","contentUrl":"https:\/\/futbolhoy.co\/wp-content\/uploads\/2021\/05\/Ez-_Ww8X0AMtSH_.jpg","width":680,"height":454},{"@type":"BreadcrumbList","@id":"https:\/\/futbolhoy.co\/index.php\/2021\/05\/03\/borre-no-estara-con-river-ante-santa-fe\/#breadcrumb","itemListElement":[{"@type":"ListItem","position":1,"name":"Portada","item":"https:\/\/futbolhoy.co\/"},{"@type":"ListItem","position":2,"name":"Borr\u00e9 no estar\u00e1 con River ante Santa Fe"}]},{"@type":"WebSite","@id":"https:\/\/futbolhoy.co\/#website","url":"https:\/\/futbolhoy.co\/","name":"FutbolHoy","description":"","publisher":{"@id":"https:\/\/futbolhoy.co\/#organization"},"potentialAction":[{"@type":"SearchAction","target":{"@type":"EntryPoint","urlTemplate":"https:\/\/futbolhoy.co\/?s={search_term_string}"},"query-input":{"@type":"PropertyValueSpecification","valueRequired":true,"valueName":"search_term_string"}}],"inLanguage":"es"},{"@type":"Organization","@id":"https:\/\/futbolhoy.co\/#organization","name":"Futbolhoy.co","url":"https:\/\/futbolhoy.co\/","logo":{"@type":"ImageObject","inLanguage":"es","@id":"https:\/\/futbolhoy.co\/#\/schema\/logo\/image\/","url":"https:\/\/futbolhoy.co\/wp-content\/uploads\/2018\/08\/17426380_1906371736249227_6326180412931521141_n.jpg","contentUrl":"https:\/\/futbolhoy.co\/wp-content\/uploads\/2018\/08\/17426380_1906371736249227_6326180412931521141_n.jpg","width":960,"height":960,"caption":"Futbolhoy.co"},"image":{"@id":"https:\/\/futbolhoy.co\/#\/schema\/logo\/image\/"},"sameAs":["https:\/\/www.facebook.com\/FutbolHoyCol\/","https:\/\/x.com\/FutbolHoyCol","https:\/\/www.instagram.com\/futbolhoycol\/"]},{"@type":"Person","@id":"https:\/\/futbolhoy.co\/#\/schema\/person\/c4a353a512b127643723a34bb1812f7d","name":"Laura Hern\u00e1ndez","image":{"@type":"ImageObject","inLanguage":"es","@id":"https:\/\/futbolhoy.co\/#\/schema\/person\/image\/","url":"https:\/\/secure.gravatar.com\/avatar\/d25959a15b9b293a743f99181c7cfd01?s=96&d=mm&r=g","contentUrl":"https:\/\/secure.gravatar.com\/avatar\/d25959a15b9b293a743f99181c7cfd01?s=96&d=mm&r=g","caption":"Laura Hern\u00e1ndez"}}]}},"publishpress_future_action":{"enabled":false,"date":"2026-05-03 16:39:44","action":"change-status","newStatus":"draft","terms":[],"taxonomy":"category","extraData":[]},"publishpress_future_workflow_manual_trigger":{"enabledWorkflows":[]},"_links":{"self":[{"href":"https:\/\/futbolhoy.co\/index.php\/wp-json\/wp\/v2\/posts\/64439","targetHints":{"allow":["GET"]}}],"collection":[{"href":"https:\/\/futbolhoy.co\/index.php\/wp-json\/wp\/v2\/posts"}],"about":[{"href":"https:\/\/futbolhoy.co\/index.php\/wp-json\/wp\/v2\/types\/post"}],"author":[{"embeddable":true,"href":"https:\/\/futbolhoy.co\/index.php\/wp-json\/wp\/v2\/users\/5"}],"replies":[{"embeddable":true,"href":"https:\/\/futbolhoy.co\/index.php\/wp-json\/wp\/v2\/comments?post=64439"}],"version-history":[{"count":1,"href":"https:\/\/futbolhoy.co\/index.php\/wp-json\/wp\/v2\/posts\/64439\/revisions"}],"predecessor-version":[{"id":64441,"href":"https:\/\/futbolhoy.co\/index.php\/wp-json\/wp\/v2\/posts\/64439\/revisions\/64441"}],"wp:featuredmedia":[{"embeddable":true,"href":"https:\/\/futbolhoy.co\/index.php\/wp-json\/wp\/v2\/media\/64440"}],"wp:attachment":[{"href":"https:\/\/futbolhoy.co\/index.php\/wp-json\/wp\/v2\/media?parent=64439"}],"wp:term":[{"taxonomy":"category","embeddable":true,"href":"https:\/\/futbolhoy.co\/index.php\/wp-json\/wp\/v2\/categories?post=64439"},{"taxonomy":"post_tag","embeddable":true,"href":"https:\/\/futbolhoy.co\/index.php\/wp-json\/wp\/v2\/tags?post=64439"}],"curies":[{"name":"wp","href":"https:\/\/api.w.org\/{rel}","templated":true}]}}