{"id":64454,"date":"2021-05-04T08:21:53","date_gmt":"2021-05-04T13:21:53","guid":{"rendered":"https:\/\/futbolhoy.co\/?p=64454"},"modified":"2021-05-05T09:13:37","modified_gmt":"2021-05-05T14:13:37","slug":"murillo-fuera-un-mes","status":"publish","type":"post","link":"https:\/\/futbolhoy.co\/index.php\/2021\/05\/04\/murillo-fuera-un-mes\/","title":{"rendered":"Murillo, fuera un mes"},"content":{"rendered":"<p style=\"text-align: justify;\"><span style=\"font-family: helvetica, arial, sans-serif;\">El defensa central colombiano <strong>Jeison Murillo<\/strong> present\u00f3 una rotura grado I en el recto anterior del muslo izquierdo y estar\u00e1 de baja alrededor de cuatro semanas con el <strong>Celta de Vigo.<\/strong><\/span><\/p>\n<p style=\"text-align: justify;\"><span style=\"font-family: helvetica, arial, sans-serif;\">Murillo, de 28 a\u00f1os, present\u00f3 su problema a los 88 minutos del partido que el Celta le gan\u00f3 2-0 al <strong>Levante<\/strong> por la fecha 34 de <strong>LaLiga<\/strong> y ahora empieza a poner en duda su presencia en la <strong>selecci\u00f3n Colombia,<\/strong> que enfrentar\u00e1 <strong>Per\u00fa<\/strong> en <strong>Lima<\/strong> el 3 de junio y a <strong>Argentina<\/strong> en <strong>Barranquilla<\/strong> el 8 del mismo mes por las eliminatorias al Mundial Qatar 2022.<\/span><\/p>\n<p style=\"text-align: justify;\"><span style=\"font-family: helvetica, arial, sans-serif;\">Adem\u00e1s, el Celta indic\u00f3 que el volante peruano <strong>Renato Tapia<\/strong> presenta una rotura de fibras de grado I en el b\u00edceps femoral izquierdo y su tiempo de inactividad rondar\u00e1 las tres semanas.<\/span><\/p>\n","protected":false},"excerpt":{"rendered":"<p>El defensa central colombiano Jeison Murillo present\u00f3 una rotura grado I en el recto anterior del muslo izquierdo y estar\u00e1 de baja alrededor de cuatro semanas con el Celta de Vigo. Murillo, de 28 a\u00f1os, present\u00f3 su problema a los 88 minutos del partido que el Celta le gan\u00f3 2-0 al Levante por la fecha [&hellip;]<\/p>\n","protected":false},"author":5,"featured_media":64455,"comment_status":"open","ping_status":"closed","sticky":false,"template":"","format":"standard","meta":{"_acf_changed":false,"footnotes":""},"categories":[418],"tags":[1729,475],"class_list":{"0":"post-64454","1":"post","2":"type-post","3":"status-publish","4":"format-standard","5":"has-post-thumbnail","7":"category-colombia","8":"tag-celta-de-vigo","9":"tag-jeison-murillo"},"acf":[],"_links":{"self":[{"href":"https:\/\/futbolhoy.co\/index.php\/wp-json\/wp\/v2\/posts\/64454","targetHints":{"allow":["GET"]}}],"collection":[{"href":"https:\/\/futbolhoy.co\/index.php\/wp-json\/wp\/v2\/posts"}],"about":[{"href":"https:\/\/futbolhoy.co\/index.php\/wp-json\/wp\/v2\/types\/post"}],"author":[{"embeddable":true,"href":"https:\/\/futbolhoy.co\/index.php\/wp-json\/wp\/v2\/users\/5"}],"replies":[{"embeddable":true,"href":"https:\/\/futbolhoy.co\/index.php\/wp-json\/wp\/v2\/comments?post=64454"}],"version-history":[{"count":1,"href":"https:\/\/futbolhoy.co\/index.php\/wp-json\/wp\/v2\/posts\/64454\/revisions"}],"predecessor-version":[{"id":64456,"href":"https:\/\/futbolhoy.co\/index.php\/wp-json\/wp\/v2\/posts\/64454\/revisions\/64456"}],"wp:featuredmedia":[{"embeddable":true,"href":"https:\/\/futbolhoy.co\/index.php\/wp-json\/wp\/v2\/media\/64455"}],"wp:attachment":[{"href":"https:\/\/futbolhoy.co\/index.php\/wp-json\/wp\/v2\/media?parent=64454"}],"wp:term":[{"taxonomy":"category","embeddable":true,"href":"https:\/\/futbolhoy.co\/index.php\/wp-json\/wp\/v2\/categories?post=64454"},{"taxonomy":"post_tag","embeddable":true,"href":"https:\/\/futbolhoy.co\/index.php\/wp-json\/wp\/v2\/tags?post=64454"}],"curies":[{"name":"wp","href":"https:\/\/api.w.org\/{rel}","templated":true}]}}