{"id":64562,"date":"2021-05-07T18:00:03","date_gmt":"2021-05-07T23:00:03","guid":{"rendered":"https:\/\/futbolhoy.co\/?p=64562"},"modified":"2021-05-08T09:12:17","modified_gmt":"2021-05-08T14:12:17","slug":"barcelona-atletico-ataque-a-laliga","status":"publish","type":"post","link":"https:\/\/futbolhoy.co\/index.php\/2021\/05\/07\/barcelona-atletico-ataque-a-laliga\/","title":{"rendered":"Barcelona-Atl\u00e9tico ataque a LaLiga"},"content":{"rendered":"<!--[if lt IE 9]><script>document.createElement('audio');<\/script><![endif]-->\n<audio class=\"wp-audio-shortcode\" id=\"audio-64562-1\" preload=\"none\" style=\"width: 100%;\" controls=\"controls\"><source type=\"audio\/mpeg\" src=\"https:\/\/futbolhoy.co\/wp-content\/uploads\/2021\/05\/Ronald-Koeman-DT-Barcelona.mp3?_=1\" \/><a href=\"https:\/\/futbolhoy.co\/wp-content\/uploads\/2021\/05\/Ronald-Koeman-DT-Barcelona.mp3\">https:\/\/futbolhoy.co\/wp-content\/uploads\/2021\/05\/Ronald-Koeman-DT-Barcelona.mp3<\/a><\/audio>\n<p><span style=\"font-size: 10pt; font-family: helvetica, arial, sans-serif;\"><strong><em>Ronald Koeman - DT Barcelona\u00a0<\/em><\/strong><\/span><\/p>\n<p style=\"text-align: justify;\"><span style=\"font-family: helvetica, arial, sans-serif;\"><b><span lang=\"ES-MX\">Barcelona<\/span><\/b><span lang=\"ES-MX\">\u00a0recibir\u00e1 en el\u00a0<b>Camp Nou<\/b>\u00a0este s\u00e1bado al l\u00edder\u00a0<b>Atl\u00e9tico de Madrid<\/b>\u00a0en la jornada 35 de\u00a0<b>LaLiga<\/b>, con la mente puesta en desbancar al \u2018colchonero\u2019 del liderato del campeonato espa\u00f1ol, cuando despu\u00e9s de este juego solo quedar\u00e1n pendientes tres fechas.<\/span><\/span><\/p>\n<p style=\"text-align: justify;\"><span lang=\"ES-MX\" style=\"font-family: helvetica, arial, sans-serif;\">La principal novedad del equipo\u00a0<b>\u2018blaugrana\u2019<\/b>\u00a0ser\u00eda la presencia de los tres centrales\u00a0<b>Ronald Araujo<\/b>,\u00a0<b>Gerard Piqu\u00e9<\/b>\u00a0y\u00a0<b>Clement Lenglet<\/b>, relegando al banco de suplentes al canterano\u00a0<b>Oscar Mingueza<\/b>.<\/span><\/p>\n<p style=\"text-align: justify;\"><span lang=\"ES-MX\" style=\"font-family: helvetica, arial, sans-serif;\">Por su parte, el Atl\u00e9tico dispone de 22 jugadores para el compromiso, incluyendo los recuperados\u00a0<b>Ren\u00e1n Lodi<\/b>\u00a0y\u00a0<b>Jos\u00e9 Mar\u00eda Gimenez<\/b>, con el objetivo de alcanzar su primera victoria en este estadio bajo las \u00f3rdenes del t\u00e9cnico\u00a0<b>Diego Pablo Simeone<\/b>.<\/span><\/p>\n<p style=\"text-align: justify;\"><span lang=\"ES-MX\" style=\"font-family: helvetica, arial, sans-serif;\">El partido tendr\u00e1 al uruguayo\u00a0<b>Luis Su\u00e1rez<\/b>\u00a0por primera vez ante sus ex compa\u00f1eros en el equipo catal\u00e1n.<\/span><\/p>\n<p style=\"text-align: justify;\"><span style=\"font-family: helvetica, arial, sans-serif;\"><b><span lang=\"ES-MX\">Alineaciones probables:<\/span><\/b><\/span><\/p>\n<p style=\"text-align: justify;\"><span style=\"font-family: helvetica, arial, sans-serif;\"><b><span lang=\"ES-MX\">Barcelona:<\/span><\/b><span lang=\"ES-MX\">\u00a0Marc Andr\u00e9 Ter Stegen; Ronald Araujo, Gerard Piqu\u00e9, Clement Lenglet; Sergi\u00f1o Dest, Frenkie De Jong, Sergio Busquets, Pedri, Jordi Alba; Lionel Messi y Antoine Griezmann.<\/span><\/span><\/p>\n<p style=\"text-align: justify;\"><span style=\"font-family: helvetica, arial, sans-serif;\"><b><span lang=\"ES-MX\">Atl\u00e9tico de Madrid:<\/span><\/b><span lang=\"ES-MX\">\u00a0Jan Oblak; Kieran Trippier, Stefan Savic, Felipe, Mario Hermoso; Geoffrey Kondogbia; Marcos Llorente, Koke, Thomas Lemar, Yannick Carrasco; y Luis Su\u00e1rez.<\/span><\/span><\/p>\n<p style=\"text-align: justify;\"><span style=\"font-family: helvetica, arial, sans-serif;\"><b><span lang=\"ES-MX\">\u00c1rbitro:<\/span><\/b><span lang=\"ES-MX\">\u00a0Mateu Lahoz.<\/span><\/span><\/p>\n","protected":false},"excerpt":{"rendered":"<p>Ronald Koeman - DT Barcelona\u00a0 Barcelona\u00a0recibir\u00e1 en el\u00a0Camp Nou\u00a0este s\u00e1bado al l\u00edder\u00a0Atl\u00e9tico de Madrid\u00a0en la jornada 35 de\u00a0LaLiga, con la mente puesta en desbancar al \u2018colchonero\u2019 del liderato del campeonato espa\u00f1ol, cuando despu\u00e9s de este juego solo quedar\u00e1n pendientes tres fechas. La principal novedad del equipo\u00a0\u2018blaugrana\u2019\u00a0ser\u00eda la presencia de los tres centrales\u00a0Ronald Araujo,\u00a0Gerard Piqu\u00e9\u00a0y\u00a0Clement Lenglet, [&hellip;]<\/p>\n","protected":false},"author":5,"featured_media":64566,"comment_status":"open","ping_status":"open","sticky":false,"template":"","format":"video","meta":{"_acf_changed":false,"footnotes":""},"categories":[152],"tags":[],"class_list":{"0":"post-64562","1":"post","2":"type-post","3":"status-publish","4":"format-video","5":"has-post-thumbnail","7":"category-mundo-futbol","8":"post_format-post-format-video"},"acf":[],"yoast_head":"<!-- This site is optimized with the Yoast SEO plugin v26.8 - https:\/\/yoast.com\/product\/yoast-seo-wordpress\/ -->\n<title>Barcelona-Atl\u00e9tico ataque a LaLiga -<\/title>\n<meta name=\"robots\" content=\"index, follow, max-snippet:-1, max-image-preview:large, max-video-preview:-1\" \/>\n<link rel=\"canonical\" href=\"https:\/\/futbolhoy.co\/index.php\/2021\/05\/07\/barcelona-atletico-ataque-a-laliga\/\" \/>\n<meta property=\"og:locale\" content=\"es_ES\" \/>\n<meta property=\"og:type\" content=\"article\" \/>\n<meta property=\"og:title\" content=\"Barcelona-Atl\u00e9tico ataque a LaLiga -\" \/>\n<meta property=\"og:description\" content=\"Ronald Koeman - DT Barcelona\u00a0 Barcelona\u00a0recibir\u00e1 en el\u00a0Camp Nou\u00a0este s\u00e1bado al l\u00edder\u00a0Atl\u00e9tico de Madrid\u00a0en la jornada 35 de\u00a0LaLiga, con la mente puesta en desbancar al \u2018colchonero\u2019 del liderato del campeonato espa\u00f1ol, cuando despu\u00e9s de este juego solo quedar\u00e1n pendientes tres fechas. La principal novedad del equipo\u00a0\u2018blaugrana\u2019\u00a0ser\u00eda la presencia de los tres centrales\u00a0Ronald Araujo,\u00a0Gerard Piqu\u00e9\u00a0y\u00a0Clement Lenglet, [&hellip;]\" \/>\n<meta property=\"og:url\" content=\"https:\/\/futbolhoy.co\/index.php\/2021\/05\/07\/barcelona-atletico-ataque-a-laliga\/\" \/>\n<meta property=\"article:publisher\" content=\"https:\/\/www.facebook.com\/FutbolHoyCol\/\" \/>\n<meta property=\"article:published_time\" content=\"2021-05-07T23:00:03+00:00\" \/>\n<meta property=\"article:modified_time\" content=\"2021-05-08T14:12:17+00:00\" \/>\n<meta property=\"og:image\" content=\"https:\/\/futbolhoy.co\/wp-content\/uploads\/2021\/05\/E0obEZXWUAIGnCH.jpg\" \/>\n\t<meta property=\"og:image:width\" content=\"680\" \/>\n\t<meta property=\"og:image:height\" content=\"425\" \/>\n\t<meta property=\"og:image:type\" content=\"image\/jpeg\" \/>\n<meta name=\"author\" content=\"Laura Hern\u00e1ndez\" \/>\n<meta name=\"twitter:card\" content=\"summary_large_image\" \/>\n<meta name=\"twitter:creator\" content=\"@FutbolHoyCol\" \/>\n<meta name=\"twitter:site\" content=\"@FutbolHoyCol\" \/>\n<meta name=\"twitter:label1\" content=\"Escrito por\" \/>\n\t<meta name=\"twitter:data1\" content=\"Laura Hern\u00e1ndez\" \/>\n\t<meta name=\"twitter:label2\" content=\"Tiempo de lectura\" \/>\n\t<meta name=\"twitter:data2\" content=\"1 minuto\" \/>\n<script type=\"application\/ld+json\" class=\"yoast-schema-graph\">{\"@context\":\"https:\/\/schema.org\",\"@graph\":[{\"@type\":\"Article\",\"@id\":\"https:\/\/futbolhoy.co\/index.php\/2021\/05\/07\/barcelona-atletico-ataque-a-laliga\/#article\",\"isPartOf\":{\"@id\":\"https:\/\/futbolhoy.co\/index.php\/2021\/05\/07\/barcelona-atletico-ataque-a-laliga\/\"},\"author\":{\"name\":\"Laura Hern\u00e1ndez\",\"@id\":\"https:\/\/futbolhoy.co\/#\/schema\/person\/c4a353a512b127643723a34bb1812f7d\"},\"headline\":\"Barcelona-Atl\u00e9tico ataque a LaLiga\",\"datePublished\":\"2021-05-07T23:00:03+00:00\",\"dateModified\":\"2021-05-08T14:12:17+00:00\",\"mainEntityOfPage\":{\"@id\":\"https:\/\/futbolhoy.co\/index.php\/2021\/05\/07\/barcelona-atletico-ataque-a-laliga\/\"},\"wordCount\":219,\"commentCount\":0,\"publisher\":{\"@id\":\"https:\/\/futbolhoy.co\/#organization\"},\"image\":{\"@id\":\"https:\/\/futbolhoy.co\/index.php\/2021\/05\/07\/barcelona-atletico-ataque-a-laliga\/#primaryimage\"},\"thumbnailUrl\":\"https:\/\/futbolhoy.co\/wp-content\/uploads\/2021\/05\/E0obEZXWUAIGnCH.jpg\",\"articleSection\":[\"Mundo Futbol\"],\"inLanguage\":\"es\",\"potentialAction\":[{\"@type\":\"CommentAction\",\"name\":\"Comment\",\"target\":[\"https:\/\/futbolhoy.co\/index.php\/2021\/05\/07\/barcelona-atletico-ataque-a-laliga\/#respond\"]}]},{\"@type\":\"WebPage\",\"@id\":\"https:\/\/futbolhoy.co\/index.php\/2021\/05\/07\/barcelona-atletico-ataque-a-laliga\/\",\"url\":\"https:\/\/futbolhoy.co\/index.php\/2021\/05\/07\/barcelona-atletico-ataque-a-laliga\/\",\"name\":\"Barcelona-Atl\u00e9tico ataque a LaLiga -\",\"isPartOf\":{\"@id\":\"https:\/\/futbolhoy.co\/#website\"},\"primaryImageOfPage\":{\"@id\":\"https:\/\/futbolhoy.co\/index.php\/2021\/05\/07\/barcelona-atletico-ataque-a-laliga\/#primaryimage\"},\"image\":{\"@id\":\"https:\/\/futbolhoy.co\/index.php\/2021\/05\/07\/barcelona-atletico-ataque-a-laliga\/#primaryimage\"},\"thumbnailUrl\":\"https:\/\/futbolhoy.co\/wp-content\/uploads\/2021\/05\/E0obEZXWUAIGnCH.jpg\",\"datePublished\":\"2021-05-07T23:00:03+00:00\",\"dateModified\":\"2021-05-08T14:12:17+00:00\",\"breadcrumb\":{\"@id\":\"https:\/\/futbolhoy.co\/index.php\/2021\/05\/07\/barcelona-atletico-ataque-a-laliga\/#breadcrumb\"},\"inLanguage\":\"es\",\"potentialAction\":[{\"@type\":\"ReadAction\",\"target\":[\"https:\/\/futbolhoy.co\/index.php\/2021\/05\/07\/barcelona-atletico-ataque-a-laliga\/\"]}]},{\"@type\":\"ImageObject\",\"inLanguage\":\"es\",\"@id\":\"https:\/\/futbolhoy.co\/index.php\/2021\/05\/07\/barcelona-atletico-ataque-a-laliga\/#primaryimage\",\"url\":\"https:\/\/futbolhoy.co\/wp-content\/uploads\/2021\/05\/E0obEZXWUAIGnCH.jpg\",\"contentUrl\":\"https:\/\/futbolhoy.co\/wp-content\/uploads\/2021\/05\/E0obEZXWUAIGnCH.jpg\",\"width\":680,\"height\":425},{\"@type\":\"BreadcrumbList\",\"@id\":\"https:\/\/futbolhoy.co\/index.php\/2021\/05\/07\/barcelona-atletico-ataque-a-laliga\/#breadcrumb\",\"itemListElement\":[{\"@type\":\"ListItem\",\"position\":1,\"name\":\"Portada\",\"item\":\"https:\/\/futbolhoy.co\/\"},{\"@type\":\"ListItem\",\"position\":2,\"name\":\"Barcelona-Atl\u00e9tico ataque a LaLiga\"}]},{\"@type\":\"WebSite\",\"@id\":\"https:\/\/futbolhoy.co\/#website\",\"url\":\"https:\/\/futbolhoy.co\/\",\"name\":\"FutbolHoy\",\"description\":\"\",\"publisher\":{\"@id\":\"https:\/\/futbolhoy.co\/#organization\"},\"potentialAction\":[{\"@type\":\"SearchAction\",\"target\":{\"@type\":\"EntryPoint\",\"urlTemplate\":\"https:\/\/futbolhoy.co\/?s={search_term_string}\"},\"query-input\":{\"@type\":\"PropertyValueSpecification\",\"valueRequired\":true,\"valueName\":\"search_term_string\"}}],\"inLanguage\":\"es\"},{\"@type\":\"Organization\",\"@id\":\"https:\/\/futbolhoy.co\/#organization\",\"name\":\"Futbolhoy.co\",\"url\":\"https:\/\/futbolhoy.co\/\",\"logo\":{\"@type\":\"ImageObject\",\"inLanguage\":\"es\",\"@id\":\"https:\/\/futbolhoy.co\/#\/schema\/logo\/image\/\",\"url\":\"https:\/\/futbolhoy.co\/wp-content\/uploads\/2018\/08\/17426380_1906371736249227_6326180412931521141_n.jpg\",\"contentUrl\":\"https:\/\/futbolhoy.co\/wp-content\/uploads\/2018\/08\/17426380_1906371736249227_6326180412931521141_n.jpg\",\"width\":960,\"height\":960,\"caption\":\"Futbolhoy.co\"},\"image\":{\"@id\":\"https:\/\/futbolhoy.co\/#\/schema\/logo\/image\/\"},\"sameAs\":[\"https:\/\/www.facebook.com\/FutbolHoyCol\/\",\"https:\/\/x.com\/FutbolHoyCol\",\"https:\/\/www.instagram.com\/futbolhoycol\/\"]},{\"@type\":\"Person\",\"@id\":\"https:\/\/futbolhoy.co\/#\/schema\/person\/c4a353a512b127643723a34bb1812f7d\",\"name\":\"Laura Hern\u00e1ndez\",\"image\":{\"@type\":\"ImageObject\",\"inLanguage\":\"es\",\"@id\":\"https:\/\/futbolhoy.co\/#\/schema\/person\/image\/\",\"url\":\"https:\/\/secure.gravatar.com\/avatar\/d25959a15b9b293a743f99181c7cfd01?s=96&d=mm&r=g\",\"contentUrl\":\"https:\/\/secure.gravatar.com\/avatar\/d25959a15b9b293a743f99181c7cfd01?s=96&d=mm&r=g\",\"caption\":\"Laura Hern\u00e1ndez\"}}]}<\/script>\n<!-- \/ Yoast SEO plugin. -->","yoast_head_json":{"title":"Barcelona-Atl\u00e9tico ataque a LaLiga -","robots":{"index":"index","follow":"follow","max-snippet":"max-snippet:-1","max-image-preview":"max-image-preview:large","max-video-preview":"max-video-preview:-1"},"canonical":"https:\/\/futbolhoy.co\/index.php\/2021\/05\/07\/barcelona-atletico-ataque-a-laliga\/","og_locale":"es_ES","og_type":"article","og_title":"Barcelona-Atl\u00e9tico ataque a LaLiga -","og_description":"Ronald Koeman - DT Barcelona\u00a0 Barcelona\u00a0recibir\u00e1 en el\u00a0Camp Nou\u00a0este s\u00e1bado al l\u00edder\u00a0Atl\u00e9tico de Madrid\u00a0en la jornada 35 de\u00a0LaLiga, con la mente puesta en desbancar al \u2018colchonero\u2019 del liderato del campeonato espa\u00f1ol, cuando despu\u00e9s de este juego solo quedar\u00e1n pendientes tres fechas. La principal novedad del equipo\u00a0\u2018blaugrana\u2019\u00a0ser\u00eda la presencia de los tres centrales\u00a0Ronald Araujo,\u00a0Gerard Piqu\u00e9\u00a0y\u00a0Clement Lenglet, [&hellip;]","og_url":"https:\/\/futbolhoy.co\/index.php\/2021\/05\/07\/barcelona-atletico-ataque-a-laliga\/","article_publisher":"https:\/\/www.facebook.com\/FutbolHoyCol\/","article_published_time":"2021-05-07T23:00:03+00:00","article_modified_time":"2021-05-08T14:12:17+00:00","og_image":[{"width":680,"height":425,"url":"https:\/\/futbolhoy.co\/wp-content\/uploads\/2021\/05\/E0obEZXWUAIGnCH.jpg","type":"image\/jpeg"}],"author":"Laura Hern\u00e1ndez","twitter_card":"summary_large_image","twitter_creator":"@FutbolHoyCol","twitter_site":"@FutbolHoyCol","twitter_misc":{"Escrito por":"Laura Hern\u00e1ndez","Tiempo de lectura":"1 minuto"},"schema":{"@context":"https:\/\/schema.org","@graph":[{"@type":"Article","@id":"https:\/\/futbolhoy.co\/index.php\/2021\/05\/07\/barcelona-atletico-ataque-a-laliga\/#article","isPartOf":{"@id":"https:\/\/futbolhoy.co\/index.php\/2021\/05\/07\/barcelona-atletico-ataque-a-laliga\/"},"author":{"name":"Laura Hern\u00e1ndez","@id":"https:\/\/futbolhoy.co\/#\/schema\/person\/c4a353a512b127643723a34bb1812f7d"},"headline":"Barcelona-Atl\u00e9tico ataque a LaLiga","datePublished":"2021-05-07T23:00:03+00:00","dateModified":"2021-05-08T14:12:17+00:00","mainEntityOfPage":{"@id":"https:\/\/futbolhoy.co\/index.php\/2021\/05\/07\/barcelona-atletico-ataque-a-laliga\/"},"wordCount":219,"commentCount":0,"publisher":{"@id":"https:\/\/futbolhoy.co\/#organization"},"image":{"@id":"https:\/\/futbolhoy.co\/index.php\/2021\/05\/07\/barcelona-atletico-ataque-a-laliga\/#primaryimage"},"thumbnailUrl":"https:\/\/futbolhoy.co\/wp-content\/uploads\/2021\/05\/E0obEZXWUAIGnCH.jpg","articleSection":["Mundo Futbol"],"inLanguage":"es","potentialAction":[{"@type":"CommentAction","name":"Comment","target":["https:\/\/futbolhoy.co\/index.php\/2021\/05\/07\/barcelona-atletico-ataque-a-laliga\/#respond"]}]},{"@type":"WebPage","@id":"https:\/\/futbolhoy.co\/index.php\/2021\/05\/07\/barcelona-atletico-ataque-a-laliga\/","url":"https:\/\/futbolhoy.co\/index.php\/2021\/05\/07\/barcelona-atletico-ataque-a-laliga\/","name":"Barcelona-Atl\u00e9tico ataque a LaLiga -","isPartOf":{"@id":"https:\/\/futbolhoy.co\/#website"},"primaryImageOfPage":{"@id":"https:\/\/futbolhoy.co\/index.php\/2021\/05\/07\/barcelona-atletico-ataque-a-laliga\/#primaryimage"},"image":{"@id":"https:\/\/futbolhoy.co\/index.php\/2021\/05\/07\/barcelona-atletico-ataque-a-laliga\/#primaryimage"},"thumbnailUrl":"https:\/\/futbolhoy.co\/wp-content\/uploads\/2021\/05\/E0obEZXWUAIGnCH.jpg","datePublished":"2021-05-07T23:00:03+00:00","dateModified":"2021-05-08T14:12:17+00:00","breadcrumb":{"@id":"https:\/\/futbolhoy.co\/index.php\/2021\/05\/07\/barcelona-atletico-ataque-a-laliga\/#breadcrumb"},"inLanguage":"es","potentialAction":[{"@type":"ReadAction","target":["https:\/\/futbolhoy.co\/index.php\/2021\/05\/07\/barcelona-atletico-ataque-a-laliga\/"]}]},{"@type":"ImageObject","inLanguage":"es","@id":"https:\/\/futbolhoy.co\/index.php\/2021\/05\/07\/barcelona-atletico-ataque-a-laliga\/#primaryimage","url":"https:\/\/futbolhoy.co\/wp-content\/uploads\/2021\/05\/E0obEZXWUAIGnCH.jpg","contentUrl":"https:\/\/futbolhoy.co\/wp-content\/uploads\/2021\/05\/E0obEZXWUAIGnCH.jpg","width":680,"height":425},{"@type":"BreadcrumbList","@id":"https:\/\/futbolhoy.co\/index.php\/2021\/05\/07\/barcelona-atletico-ataque-a-laliga\/#breadcrumb","itemListElement":[{"@type":"ListItem","position":1,"name":"Portada","item":"https:\/\/futbolhoy.co\/"},{"@type":"ListItem","position":2,"name":"Barcelona-Atl\u00e9tico ataque a LaLiga"}]},{"@type":"WebSite","@id":"https:\/\/futbolhoy.co\/#website","url":"https:\/\/futbolhoy.co\/","name":"FutbolHoy","description":"","publisher":{"@id":"https:\/\/futbolhoy.co\/#organization"},"potentialAction":[{"@type":"SearchAction","target":{"@type":"EntryPoint","urlTemplate":"https:\/\/futbolhoy.co\/?s={search_term_string}"},"query-input":{"@type":"PropertyValueSpecification","valueRequired":true,"valueName":"search_term_string"}}],"inLanguage":"es"},{"@type":"Organization","@id":"https:\/\/futbolhoy.co\/#organization","name":"Futbolhoy.co","url":"https:\/\/futbolhoy.co\/","logo":{"@type":"ImageObject","inLanguage":"es","@id":"https:\/\/futbolhoy.co\/#\/schema\/logo\/image\/","url":"https:\/\/futbolhoy.co\/wp-content\/uploads\/2018\/08\/17426380_1906371736249227_6326180412931521141_n.jpg","contentUrl":"https:\/\/futbolhoy.co\/wp-content\/uploads\/2018\/08\/17426380_1906371736249227_6326180412931521141_n.jpg","width":960,"height":960,"caption":"Futbolhoy.co"},"image":{"@id":"https:\/\/futbolhoy.co\/#\/schema\/logo\/image\/"},"sameAs":["https:\/\/www.facebook.com\/FutbolHoyCol\/","https:\/\/x.com\/FutbolHoyCol","https:\/\/www.instagram.com\/futbolhoycol\/"]},{"@type":"Person","@id":"https:\/\/futbolhoy.co\/#\/schema\/person\/c4a353a512b127643723a34bb1812f7d","name":"Laura Hern\u00e1ndez","image":{"@type":"ImageObject","inLanguage":"es","@id":"https:\/\/futbolhoy.co\/#\/schema\/person\/image\/","url":"https:\/\/secure.gravatar.com\/avatar\/d25959a15b9b293a743f99181c7cfd01?s=96&d=mm&r=g","contentUrl":"https:\/\/secure.gravatar.com\/avatar\/d25959a15b9b293a743f99181c7cfd01?s=96&d=mm&r=g","caption":"Laura Hern\u00e1ndez"}}]}},"publishpress_future_action":{"enabled":false,"date":"2026-05-06 07:57:02","action":"change-status","newStatus":"draft","terms":[],"taxonomy":"category","extraData":[]},"publishpress_future_workflow_manual_trigger":{"enabledWorkflows":[]},"_links":{"self":[{"href":"https:\/\/futbolhoy.co\/index.php\/wp-json\/wp\/v2\/posts\/64562","targetHints":{"allow":["GET"]}}],"collection":[{"href":"https:\/\/futbolhoy.co\/index.php\/wp-json\/wp\/v2\/posts"}],"about":[{"href":"https:\/\/futbolhoy.co\/index.php\/wp-json\/wp\/v2\/types\/post"}],"author":[{"embeddable":true,"href":"https:\/\/futbolhoy.co\/index.php\/wp-json\/wp\/v2\/users\/5"}],"replies":[{"embeddable":true,"href":"https:\/\/futbolhoy.co\/index.php\/wp-json\/wp\/v2\/comments?post=64562"}],"version-history":[{"count":1,"href":"https:\/\/futbolhoy.co\/index.php\/wp-json\/wp\/v2\/posts\/64562\/revisions"}],"predecessor-version":[{"id":64567,"href":"https:\/\/futbolhoy.co\/index.php\/wp-json\/wp\/v2\/posts\/64562\/revisions\/64567"}],"wp:featuredmedia":[{"embeddable":true,"href":"https:\/\/futbolhoy.co\/index.php\/wp-json\/wp\/v2\/media\/64566"}],"wp:attachment":[{"href":"https:\/\/futbolhoy.co\/index.php\/wp-json\/wp\/v2\/media?parent=64562"}],"wp:term":[{"taxonomy":"category","embeddable":true,"href":"https:\/\/futbolhoy.co\/index.php\/wp-json\/wp\/v2\/categories?post=64562"},{"taxonomy":"post_tag","embeddable":true,"href":"https:\/\/futbolhoy.co\/index.php\/wp-json\/wp\/v2\/tags?post=64562"}],"curies":[{"name":"wp","href":"https:\/\/api.w.org\/{rel}","templated":true}]}}