{"id":64572,"date":"2021-05-07T17:26:20","date_gmt":"2021-05-07T22:26:20","guid":{"rendered":"https:\/\/futbolhoy.co\/?p=64572"},"modified":"2021-05-08T07:57:45","modified_gmt":"2021-05-08T12:57:45","slug":"tolima-punto-sin-beneficio","status":"publish","type":"post","link":"https:\/\/futbolhoy.co\/index.php\/2021\/05\/07\/tolima-punto-sin-beneficio\/","title":{"rendered":"Tolima, punto sin beneficio"},"content":{"rendered":"<p style=\"text-align: justify;\"><span style=\"font-family: helvetica, arial, sans-serif;\"><strong>Tolima<\/strong> y <strong>Emelec<\/strong> empataron 1-1 en Lima, en compromiso v\u00e1lido por la tercera fecha de la <strong>Copa Sudamericana.<\/strong><\/span><\/p>\n<p style=\"text-align: justify;\"><span style=\"font-family: helvetica, arial, sans-serif;\">El cuadro \u2018Pijao\u2019, que ofici\u00f3 de local en el <strong>Estadio Monumental<\/strong> por la situaci\u00f3n que se vive en el pa\u00eds, logr\u00f3 adelantarse en el marcador al minuto 23, con un cobro desde el punto penal que <strong>Sergio Mosquera<\/strong> canje\u00f3 por gol.<\/span><\/p>\n<p style=\"text-align: justify;\"><span style=\"font-family: helvetica, arial, sans-serif;\">Pese a que <strong>Tolima<\/strong> fue constante en el ataque, no encontr\u00f3 la precisi\u00f3n para marcar el segundo de la noche y en su lugar <strong>Emelec<\/strong> encontr\u00f3 el empate en el minuto 42, con un remate del colombiano <strong>Alexis Zapata.<\/strong><\/span><\/p>\n<p style=\"text-align: justify;\"><span style=\"font-family: helvetica, arial, sans-serif;\">Los dirigidos por <strong>Hern\u00e1n Torres<\/strong> pudieron anotar en el 90, <strong>Nilson Castrill\u00f3n<\/strong> remat\u00f3 dentro del \u00e1rea cerca del palo pero<\/span><span style=\"font-family: helvetica, arial, sans-serif;\">\u00a0<\/span><strong style=\"font-family: helvetica, arial, sans-serif;\">An\u00edbal Leguizam\u00f3n<\/strong><span style=\"font-family: helvetica, arial, sans-serif;\"> sac\u00f3 el bal\u00f3n antes de la celebraci\u00f3n del local.<\/span><\/p>\n<p style=\"text-align: justify;\"><span style=\"font-family: helvetica, arial, sans-serif;\">Con este resultado, <strong>Tolima<\/strong> se mantiene en la \u00faltima casilla del grupo G con dos puntos, en la cuarta fecha se enfrentar\u00e1 nuevamente a <strong>Talleres,<\/strong> segundo con 4 puntos, esta vez en territorio argentino.<\/span><\/p>\n","protected":false},"excerpt":{"rendered":"<p>Tolima y Emelec empataron 1-1 en Lima, en compromiso v\u00e1lido por la tercera fecha de la Copa Sudamericana. El cuadro \u2018Pijao\u2019, que ofici\u00f3 de local en el Estadio Monumental por la situaci\u00f3n que se vive en el pa\u00eds, logr\u00f3 adelantarse en el marcador al minuto 23, con un cobro desde el punto penal que Sergio [&hellip;]<\/p>\n","protected":false},"author":5,"featured_media":64574,"comment_status":"open","ping_status":"open","sticky":false,"template":"","format":"standard","meta":{"_acf_changed":false,"footnotes":""},"categories":[1046],"tags":[91,657,231],"class_list":{"0":"post-64572","1":"post","2":"type-post","3":"status-publish","4":"format-standard","5":"has-post-thumbnail","7":"category-sudamericana","8":"tag-copa-sudamericana","9":"tag-emelec","10":"tag-tolima"},"acf":[],"yoast_head":"<!-- This site is optimized with the Yoast SEO plugin v26.8 - https:\/\/yoast.com\/product\/yoast-seo-wordpress\/ -->\n<title>Tolima, punto sin beneficio -<\/title>\n<meta name=\"robots\" content=\"index, follow, max-snippet:-1, max-image-preview:large, max-video-preview:-1\" \/>\n<link rel=\"canonical\" href=\"https:\/\/futbolhoy.co\/index.php\/2021\/05\/07\/tolima-punto-sin-beneficio\/\" \/>\n<meta property=\"og:locale\" content=\"es_ES\" \/>\n<meta property=\"og:type\" content=\"article\" \/>\n<meta property=\"og:title\" content=\"Tolima, punto sin beneficio -\" \/>\n<meta property=\"og:description\" content=\"Tolima y Emelec empataron 1-1 en Lima, en compromiso v\u00e1lido por la tercera fecha de la Copa Sudamericana. El cuadro \u2018Pijao\u2019, que ofici\u00f3 de local en el Estadio Monumental por la situaci\u00f3n que se vive en el pa\u00eds, logr\u00f3 adelantarse en el marcador al minuto 23, con un cobro desde el punto penal que Sergio [&hellip;]\" \/>\n<meta property=\"og:url\" content=\"https:\/\/futbolhoy.co\/index.php\/2021\/05\/07\/tolima-punto-sin-beneficio\/\" \/>\n<meta property=\"article:publisher\" content=\"https:\/\/www.facebook.com\/FutbolHoyCol\/\" \/>\n<meta property=\"article:published_time\" content=\"2021-05-07T22:26:20+00:00\" \/>\n<meta property=\"article:modified_time\" content=\"2021-05-08T12:57:45+00:00\" \/>\n<meta property=\"og:image\" content=\"https:\/\/futbolhoy.co\/wp-content\/uploads\/2021\/05\/E01HgKGX0AAozYd.jpg\" \/>\n\t<meta property=\"og:image:width\" content=\"680\" \/>\n\t<meta property=\"og:image:height\" content=\"680\" \/>\n\t<meta property=\"og:image:type\" content=\"image\/jpeg\" \/>\n<meta name=\"author\" content=\"Laura Hern\u00e1ndez\" \/>\n<meta name=\"twitter:card\" content=\"summary_large_image\" \/>\n<meta name=\"twitter:creator\" content=\"@FutbolHoyCol\" \/>\n<meta name=\"twitter:site\" content=\"@FutbolHoyCol\" \/>\n<meta name=\"twitter:label1\" content=\"Escrito por\" \/>\n\t<meta name=\"twitter:data1\" content=\"Laura Hern\u00e1ndez\" \/>\n\t<meta name=\"twitter:label2\" content=\"Tiempo de lectura\" \/>\n\t<meta name=\"twitter:data2\" content=\"1 minuto\" \/>\n<script type=\"application\/ld+json\" class=\"yoast-schema-graph\">{\"@context\":\"https:\/\/schema.org\",\"@graph\":[{\"@type\":\"Article\",\"@id\":\"https:\/\/futbolhoy.co\/index.php\/2021\/05\/07\/tolima-punto-sin-beneficio\/#article\",\"isPartOf\":{\"@id\":\"https:\/\/futbolhoy.co\/index.php\/2021\/05\/07\/tolima-punto-sin-beneficio\/\"},\"author\":{\"name\":\"Laura Hern\u00e1ndez\",\"@id\":\"https:\/\/futbolhoy.co\/#\/schema\/person\/c4a353a512b127643723a34bb1812f7d\"},\"headline\":\"Tolima, punto sin beneficio\",\"datePublished\":\"2021-05-07T22:26:20+00:00\",\"dateModified\":\"2021-05-08T12:57:45+00:00\",\"mainEntityOfPage\":{\"@id\":\"https:\/\/futbolhoy.co\/index.php\/2021\/05\/07\/tolima-punto-sin-beneficio\/\"},\"wordCount\":173,\"commentCount\":0,\"publisher\":{\"@id\":\"https:\/\/futbolhoy.co\/#organization\"},\"image\":{\"@id\":\"https:\/\/futbolhoy.co\/index.php\/2021\/05\/07\/tolima-punto-sin-beneficio\/#primaryimage\"},\"thumbnailUrl\":\"https:\/\/futbolhoy.co\/wp-content\/uploads\/2021\/05\/E01HgKGX0AAozYd.jpg\",\"keywords\":[\"Copa Sudam\u00e9ricana\",\"Emelec\",\"Tolima\"],\"articleSection\":[\"Sudamericana\"],\"inLanguage\":\"es\",\"potentialAction\":[{\"@type\":\"CommentAction\",\"name\":\"Comment\",\"target\":[\"https:\/\/futbolhoy.co\/index.php\/2021\/05\/07\/tolima-punto-sin-beneficio\/#respond\"]}]},{\"@type\":\"WebPage\",\"@id\":\"https:\/\/futbolhoy.co\/index.php\/2021\/05\/07\/tolima-punto-sin-beneficio\/\",\"url\":\"https:\/\/futbolhoy.co\/index.php\/2021\/05\/07\/tolima-punto-sin-beneficio\/\",\"name\":\"Tolima, punto sin beneficio -\",\"isPartOf\":{\"@id\":\"https:\/\/futbolhoy.co\/#website\"},\"primaryImageOfPage\":{\"@id\":\"https:\/\/futbolhoy.co\/index.php\/2021\/05\/07\/tolima-punto-sin-beneficio\/#primaryimage\"},\"image\":{\"@id\":\"https:\/\/futbolhoy.co\/index.php\/2021\/05\/07\/tolima-punto-sin-beneficio\/#primaryimage\"},\"thumbnailUrl\":\"https:\/\/futbolhoy.co\/wp-content\/uploads\/2021\/05\/E01HgKGX0AAozYd.jpg\",\"datePublished\":\"2021-05-07T22:26:20+00:00\",\"dateModified\":\"2021-05-08T12:57:45+00:00\",\"breadcrumb\":{\"@id\":\"https:\/\/futbolhoy.co\/index.php\/2021\/05\/07\/tolima-punto-sin-beneficio\/#breadcrumb\"},\"inLanguage\":\"es\",\"potentialAction\":[{\"@type\":\"ReadAction\",\"target\":[\"https:\/\/futbolhoy.co\/index.php\/2021\/05\/07\/tolima-punto-sin-beneficio\/\"]}]},{\"@type\":\"ImageObject\",\"inLanguage\":\"es\",\"@id\":\"https:\/\/futbolhoy.co\/index.php\/2021\/05\/07\/tolima-punto-sin-beneficio\/#primaryimage\",\"url\":\"https:\/\/futbolhoy.co\/wp-content\/uploads\/2021\/05\/E01HgKGX0AAozYd.jpg\",\"contentUrl\":\"https:\/\/futbolhoy.co\/wp-content\/uploads\/2021\/05\/E01HgKGX0AAozYd.jpg\",\"width\":680,\"height\":680},{\"@type\":\"BreadcrumbList\",\"@id\":\"https:\/\/futbolhoy.co\/index.php\/2021\/05\/07\/tolima-punto-sin-beneficio\/#breadcrumb\",\"itemListElement\":[{\"@type\":\"ListItem\",\"position\":1,\"name\":\"Portada\",\"item\":\"https:\/\/futbolhoy.co\/\"},{\"@type\":\"ListItem\",\"position\":2,\"name\":\"Tolima, punto sin beneficio\"}]},{\"@type\":\"WebSite\",\"@id\":\"https:\/\/futbolhoy.co\/#website\",\"url\":\"https:\/\/futbolhoy.co\/\",\"name\":\"FutbolHoy\",\"description\":\"\",\"publisher\":{\"@id\":\"https:\/\/futbolhoy.co\/#organization\"},\"potentialAction\":[{\"@type\":\"SearchAction\",\"target\":{\"@type\":\"EntryPoint\",\"urlTemplate\":\"https:\/\/futbolhoy.co\/?s={search_term_string}\"},\"query-input\":{\"@type\":\"PropertyValueSpecification\",\"valueRequired\":true,\"valueName\":\"search_term_string\"}}],\"inLanguage\":\"es\"},{\"@type\":\"Organization\",\"@id\":\"https:\/\/futbolhoy.co\/#organization\",\"name\":\"Futbolhoy.co\",\"url\":\"https:\/\/futbolhoy.co\/\",\"logo\":{\"@type\":\"ImageObject\",\"inLanguage\":\"es\",\"@id\":\"https:\/\/futbolhoy.co\/#\/schema\/logo\/image\/\",\"url\":\"https:\/\/futbolhoy.co\/wp-content\/uploads\/2018\/08\/17426380_1906371736249227_6326180412931521141_n.jpg\",\"contentUrl\":\"https:\/\/futbolhoy.co\/wp-content\/uploads\/2018\/08\/17426380_1906371736249227_6326180412931521141_n.jpg\",\"width\":960,\"height\":960,\"caption\":\"Futbolhoy.co\"},\"image\":{\"@id\":\"https:\/\/futbolhoy.co\/#\/schema\/logo\/image\/\"},\"sameAs\":[\"https:\/\/www.facebook.com\/FutbolHoyCol\/\",\"https:\/\/x.com\/FutbolHoyCol\",\"https:\/\/www.instagram.com\/futbolhoycol\/\"]},{\"@type\":\"Person\",\"@id\":\"https:\/\/futbolhoy.co\/#\/schema\/person\/c4a353a512b127643723a34bb1812f7d\",\"name\":\"Laura Hern\u00e1ndez\",\"image\":{\"@type\":\"ImageObject\",\"inLanguage\":\"es\",\"@id\":\"https:\/\/futbolhoy.co\/#\/schema\/person\/image\/\",\"url\":\"https:\/\/secure.gravatar.com\/avatar\/d25959a15b9b293a743f99181c7cfd01?s=96&d=mm&r=g\",\"contentUrl\":\"https:\/\/secure.gravatar.com\/avatar\/d25959a15b9b293a743f99181c7cfd01?s=96&d=mm&r=g\",\"caption\":\"Laura Hern\u00e1ndez\"}}]}<\/script>\n<!-- \/ Yoast SEO plugin. -->","yoast_head_json":{"title":"Tolima, punto sin beneficio -","robots":{"index":"index","follow":"follow","max-snippet":"max-snippet:-1","max-image-preview":"max-image-preview:large","max-video-preview":"max-video-preview:-1"},"canonical":"https:\/\/futbolhoy.co\/index.php\/2021\/05\/07\/tolima-punto-sin-beneficio\/","og_locale":"es_ES","og_type":"article","og_title":"Tolima, punto sin beneficio -","og_description":"Tolima y Emelec empataron 1-1 en Lima, en compromiso v\u00e1lido por la tercera fecha de la Copa Sudamericana. El cuadro \u2018Pijao\u2019, que ofici\u00f3 de local en el Estadio Monumental por la situaci\u00f3n que se vive en el pa\u00eds, logr\u00f3 adelantarse en el marcador al minuto 23, con un cobro desde el punto penal que Sergio [&hellip;]","og_url":"https:\/\/futbolhoy.co\/index.php\/2021\/05\/07\/tolima-punto-sin-beneficio\/","article_publisher":"https:\/\/www.facebook.com\/FutbolHoyCol\/","article_published_time":"2021-05-07T22:26:20+00:00","article_modified_time":"2021-05-08T12:57:45+00:00","og_image":[{"width":680,"height":680,"url":"https:\/\/futbolhoy.co\/wp-content\/uploads\/2021\/05\/E01HgKGX0AAozYd.jpg","type":"image\/jpeg"}],"author":"Laura Hern\u00e1ndez","twitter_card":"summary_large_image","twitter_creator":"@FutbolHoyCol","twitter_site":"@FutbolHoyCol","twitter_misc":{"Escrito por":"Laura Hern\u00e1ndez","Tiempo de lectura":"1 minuto"},"schema":{"@context":"https:\/\/schema.org","@graph":[{"@type":"Article","@id":"https:\/\/futbolhoy.co\/index.php\/2021\/05\/07\/tolima-punto-sin-beneficio\/#article","isPartOf":{"@id":"https:\/\/futbolhoy.co\/index.php\/2021\/05\/07\/tolima-punto-sin-beneficio\/"},"author":{"name":"Laura Hern\u00e1ndez","@id":"https:\/\/futbolhoy.co\/#\/schema\/person\/c4a353a512b127643723a34bb1812f7d"},"headline":"Tolima, punto sin beneficio","datePublished":"2021-05-07T22:26:20+00:00","dateModified":"2021-05-08T12:57:45+00:00","mainEntityOfPage":{"@id":"https:\/\/futbolhoy.co\/index.php\/2021\/05\/07\/tolima-punto-sin-beneficio\/"},"wordCount":173,"commentCount":0,"publisher":{"@id":"https:\/\/futbolhoy.co\/#organization"},"image":{"@id":"https:\/\/futbolhoy.co\/index.php\/2021\/05\/07\/tolima-punto-sin-beneficio\/#primaryimage"},"thumbnailUrl":"https:\/\/futbolhoy.co\/wp-content\/uploads\/2021\/05\/E01HgKGX0AAozYd.jpg","keywords":["Copa Sudam\u00e9ricana","Emelec","Tolima"],"articleSection":["Sudamericana"],"inLanguage":"es","potentialAction":[{"@type":"CommentAction","name":"Comment","target":["https:\/\/futbolhoy.co\/index.php\/2021\/05\/07\/tolima-punto-sin-beneficio\/#respond"]}]},{"@type":"WebPage","@id":"https:\/\/futbolhoy.co\/index.php\/2021\/05\/07\/tolima-punto-sin-beneficio\/","url":"https:\/\/futbolhoy.co\/index.php\/2021\/05\/07\/tolima-punto-sin-beneficio\/","name":"Tolima, punto sin beneficio -","isPartOf":{"@id":"https:\/\/futbolhoy.co\/#website"},"primaryImageOfPage":{"@id":"https:\/\/futbolhoy.co\/index.php\/2021\/05\/07\/tolima-punto-sin-beneficio\/#primaryimage"},"image":{"@id":"https:\/\/futbolhoy.co\/index.php\/2021\/05\/07\/tolima-punto-sin-beneficio\/#primaryimage"},"thumbnailUrl":"https:\/\/futbolhoy.co\/wp-content\/uploads\/2021\/05\/E01HgKGX0AAozYd.jpg","datePublished":"2021-05-07T22:26:20+00:00","dateModified":"2021-05-08T12:57:45+00:00","breadcrumb":{"@id":"https:\/\/futbolhoy.co\/index.php\/2021\/05\/07\/tolima-punto-sin-beneficio\/#breadcrumb"},"inLanguage":"es","potentialAction":[{"@type":"ReadAction","target":["https:\/\/futbolhoy.co\/index.php\/2021\/05\/07\/tolima-punto-sin-beneficio\/"]}]},{"@type":"ImageObject","inLanguage":"es","@id":"https:\/\/futbolhoy.co\/index.php\/2021\/05\/07\/tolima-punto-sin-beneficio\/#primaryimage","url":"https:\/\/futbolhoy.co\/wp-content\/uploads\/2021\/05\/E01HgKGX0AAozYd.jpg","contentUrl":"https:\/\/futbolhoy.co\/wp-content\/uploads\/2021\/05\/E01HgKGX0AAozYd.jpg","width":680,"height":680},{"@type":"BreadcrumbList","@id":"https:\/\/futbolhoy.co\/index.php\/2021\/05\/07\/tolima-punto-sin-beneficio\/#breadcrumb","itemListElement":[{"@type":"ListItem","position":1,"name":"Portada","item":"https:\/\/futbolhoy.co\/"},{"@type":"ListItem","position":2,"name":"Tolima, punto sin beneficio"}]},{"@type":"WebSite","@id":"https:\/\/futbolhoy.co\/#website","url":"https:\/\/futbolhoy.co\/","name":"FutbolHoy","description":"","publisher":{"@id":"https:\/\/futbolhoy.co\/#organization"},"potentialAction":[{"@type":"SearchAction","target":{"@type":"EntryPoint","urlTemplate":"https:\/\/futbolhoy.co\/?s={search_term_string}"},"query-input":{"@type":"PropertyValueSpecification","valueRequired":true,"valueName":"search_term_string"}}],"inLanguage":"es"},{"@type":"Organization","@id":"https:\/\/futbolhoy.co\/#organization","name":"Futbolhoy.co","url":"https:\/\/futbolhoy.co\/","logo":{"@type":"ImageObject","inLanguage":"es","@id":"https:\/\/futbolhoy.co\/#\/schema\/logo\/image\/","url":"https:\/\/futbolhoy.co\/wp-content\/uploads\/2018\/08\/17426380_1906371736249227_6326180412931521141_n.jpg","contentUrl":"https:\/\/futbolhoy.co\/wp-content\/uploads\/2018\/08\/17426380_1906371736249227_6326180412931521141_n.jpg","width":960,"height":960,"caption":"Futbolhoy.co"},"image":{"@id":"https:\/\/futbolhoy.co\/#\/schema\/logo\/image\/"},"sameAs":["https:\/\/www.facebook.com\/FutbolHoyCol\/","https:\/\/x.com\/FutbolHoyCol","https:\/\/www.instagram.com\/futbolhoycol\/"]},{"@type":"Person","@id":"https:\/\/futbolhoy.co\/#\/schema\/person\/c4a353a512b127643723a34bb1812f7d","name":"Laura Hern\u00e1ndez","image":{"@type":"ImageObject","inLanguage":"es","@id":"https:\/\/futbolhoy.co\/#\/schema\/person\/image\/","url":"https:\/\/secure.gravatar.com\/avatar\/d25959a15b9b293a743f99181c7cfd01?s=96&d=mm&r=g","contentUrl":"https:\/\/secure.gravatar.com\/avatar\/d25959a15b9b293a743f99181c7cfd01?s=96&d=mm&r=g","caption":"Laura Hern\u00e1ndez"}}]}},"publishpress_future_action":{"enabled":false,"date":"2026-05-06 04:51:56","action":"change-status","newStatus":"draft","terms":[],"taxonomy":"category","extraData":[]},"publishpress_future_workflow_manual_trigger":{"enabledWorkflows":[]},"_links":{"self":[{"href":"https:\/\/futbolhoy.co\/index.php\/wp-json\/wp\/v2\/posts\/64572","targetHints":{"allow":["GET"]}}],"collection":[{"href":"https:\/\/futbolhoy.co\/index.php\/wp-json\/wp\/v2\/posts"}],"about":[{"href":"https:\/\/futbolhoy.co\/index.php\/wp-json\/wp\/v2\/types\/post"}],"author":[{"embeddable":true,"href":"https:\/\/futbolhoy.co\/index.php\/wp-json\/wp\/v2\/users\/5"}],"replies":[{"embeddable":true,"href":"https:\/\/futbolhoy.co\/index.php\/wp-json\/wp\/v2\/comments?post=64572"}],"version-history":[{"count":2,"href":"https:\/\/futbolhoy.co\/index.php\/wp-json\/wp\/v2\/posts\/64572\/revisions"}],"predecessor-version":[{"id":64576,"href":"https:\/\/futbolhoy.co\/index.php\/wp-json\/wp\/v2\/posts\/64572\/revisions\/64576"}],"wp:featuredmedia":[{"embeddable":true,"href":"https:\/\/futbolhoy.co\/index.php\/wp-json\/wp\/v2\/media\/64574"}],"wp:attachment":[{"href":"https:\/\/futbolhoy.co\/index.php\/wp-json\/wp\/v2\/media?parent=64572"}],"wp:term":[{"taxonomy":"category","embeddable":true,"href":"https:\/\/futbolhoy.co\/index.php\/wp-json\/wp\/v2\/categories?post=64572"},{"taxonomy":"post_tag","embeddable":true,"href":"https:\/\/futbolhoy.co\/index.php\/wp-json\/wp\/v2\/tags?post=64572"}],"curies":[{"name":"wp","href":"https:\/\/api.w.org\/{rel}","templated":true}]}}