{"id":65062,"date":"2021-05-22T13:38:23","date_gmt":"2021-05-22T18:38:23","guid":{"rendered":"https:\/\/futbolhoy.co\/?p=65062"},"modified":"2021-05-23T11:24:45","modified_gmt":"2021-05-23T16:24:45","slug":"mordisco-a-la-liga","status":"publish","type":"post","link":"https:\/\/futbolhoy.co\/index.php\/2021\/05\/22\/mordisco-a-la-liga\/","title":{"rendered":"Mordisco a La Liga"},"content":{"rendered":"<!--[if lt IE 9]><script>document.createElement('audio');<\/script><![endif]-->\n<audio class=\"wp-audio-shortcode\" id=\"audio-65062-1\" preload=\"none\" style=\"width: 100%;\" controls=\"controls\"><source type=\"audio\/mpeg\" src=\"https:\/\/futbolhoy.co\/wp-content\/uploads\/2021\/05\/LUIS-SUAREZ2021-05-22.mp3?_=1\" \/><a href=\"https:\/\/futbolhoy.co\/wp-content\/uploads\/2021\/05\/LUIS-SUAREZ2021-05-22.mp3\">https:\/\/futbolhoy.co\/wp-content\/uploads\/2021\/05\/LUIS-SUAREZ2021-05-22.mp3<\/a><\/audio>\n<p>(Luis Su\u00e1rez, autor del gol del triunfo, en entrevista con LaLiga)<\/p>\n<p style=\"text-align: justify;\"><span style=\"font-family: helvetica, arial, sans-serif;\">El uruguayo<strong> Luis Su\u00e1rez<\/strong> marc\u00f3 el gol de la victoria y el <strong>Atl\u00e9tico de Madrid<\/strong> venci\u00f3 1-2 al <strong>Valladolid<\/strong> en la \u00faltima fecha de <strong>LaLiga,<\/strong> coron\u00e1ndose campe\u00f3n de <strong>Espa\u00f1a<\/strong> por d\u00e9cima primera oportunidad en su historia.<\/span><\/p>\n<p style=\"text-align: justify;\"><span style=\"font-family: helvetica, arial, sans-serif;\">Su\u00e1rez, de 34 a\u00f1os, lleg\u00f3 a 21 goles en la temporada de liga con los \u2018colchoneros\u2019 con la anotaci\u00f3n a los 67 minutos, que sell\u00f3 el triunfo, luego del gol del empate que hab\u00eda conseguido el argentino<strong> \u00c1ngel Correa<\/strong> a los 57.<\/span><\/p>\n<p style=\"text-align: justify;\"><span style=\"font-family: helvetica, arial, sans-serif;\">Por el equipo vallisoletano, que perdi\u00f3 la categor\u00eda, hab\u00eda convertido <strong>\u00d3scar Piano<\/strong> a los 18.<\/span><\/p>\n<p style=\"text-align: justify;\"><span style=\"font-family: helvetica, arial, sans-serif;\">Atl\u00e9tico sum\u00f3 86 puntos y aventaj\u00f3 en 2 al <strong>Real Madrid,<\/strong> que tambi\u00e9n remont\u00f3 en el estadio<strong> Alfredo Di St\u00e9fano<\/strong> al <strong>Villarreal,<\/strong> con goles del franc\u00e9s <strong>Karim Benzema<\/strong> (87\u2019) y el croata <strong>Luka Modric<\/strong> (90\u2019+2\u2019).<\/span><\/p>\n<p style=\"text-align: justify;\"><span style=\"font-family: helvetica, arial, sans-serif;\">En el \u2018submarino amarillo\u2019 actu\u00f3 66 minutos el colombiano <strong>Carlos Bacca<\/strong> y el gol fue obra de <strong>Yeremi Pino<\/strong> (20\u2019).<\/span><\/p>\n<p style=\"text-align: justify;\"><span style=\"font-family: helvetica, arial, sans-serif;\">Por su parte, el Barcelona, sin su capit\u00e1n <strong>Lionel Messi,<\/strong> venci\u00f3 0-1 al Eibar con gol de <strong>Antoine Griezmann.<\/strong><\/span><\/p>\n<p style=\"text-align: justify;\"><span style=\"font-family: helvetica, arial, sans-serif;\"><strong>Elche<\/strong> derrot\u00f3 2-0 al <strong>Athletic<\/strong>\u00a0Bilbao y conserv\u00f3 su cupo en primera divisi\u00f3n con el colombiano<strong> Johan Mojica<\/strong> disputando los \u00faltimos 15 minutos.<\/span><\/p>\n<p style=\"text-align: justify;\"><span style=\"font-family: helvetica, arial, sans-serif;\">Atl\u00e9tico, Real Madrid, Barcelona y <strong>Sevilla<\/strong> jugar\u00e1n la <strong>Champions 2021-2022,<\/strong> <strong>Real Sociedad y Betis ir\u00e1n a la Europa League<\/strong> y Villarreal a la ronda de clasificaci\u00f3n de Europa League.<\/span><\/p>\n<p style=\"text-align: justify;\"><span style=\"font-family: helvetica, arial, sans-serif;\">Descendieron <strong>Huesca,<\/strong> Valladolid y Eibar.<\/span><\/p>\n","protected":false},"excerpt":{"rendered":"<p>(Luis Su\u00e1rez, autor del gol del triunfo, en entrevista con LaLiga) El uruguayo Luis Su\u00e1rez marc\u00f3 el gol de la victoria y el Atl\u00e9tico de Madrid venci\u00f3 1-2 al Valladolid en la \u00faltima fecha de LaLiga, coron\u00e1ndose campe\u00f3n de Espa\u00f1a por d\u00e9cima primera oportunidad en su historia. Su\u00e1rez, de 34 a\u00f1os, lleg\u00f3 a 21 goles [&hellip;]<\/p>\n","protected":false},"author":5,"featured_media":65065,"comment_status":"open","ping_status":"open","sticky":false,"template":"","format":"video","meta":{"_acf_changed":false,"footnotes":""},"categories":[152],"tags":[],"class_list":{"0":"post-65062","1":"post","2":"type-post","3":"status-publish","4":"format-video","5":"has-post-thumbnail","7":"category-mundo-futbol","8":"post_format-post-format-video"},"acf":[],"yoast_head":"<!-- This site is optimized with the Yoast SEO plugin v26.8 - https:\/\/yoast.com\/product\/yoast-seo-wordpress\/ -->\n<title>Mordisco a La Liga -<\/title>\n<meta name=\"robots\" content=\"index, follow, max-snippet:-1, max-image-preview:large, max-video-preview:-1\" \/>\n<link rel=\"canonical\" href=\"https:\/\/futbolhoy.co\/index.php\/2021\/05\/22\/mordisco-a-la-liga\/\" \/>\n<meta property=\"og:locale\" content=\"es_ES\" \/>\n<meta property=\"og:type\" content=\"article\" \/>\n<meta property=\"og:title\" content=\"Mordisco a La Liga -\" \/>\n<meta property=\"og:description\" content=\"(Luis Su\u00e1rez, autor del gol del triunfo, en entrevista con LaLiga) El uruguayo Luis Su\u00e1rez marc\u00f3 el gol de la victoria y el Atl\u00e9tico de Madrid venci\u00f3 1-2 al Valladolid en la \u00faltima fecha de LaLiga, coron\u00e1ndose campe\u00f3n de Espa\u00f1a por d\u00e9cima primera oportunidad en su historia. Su\u00e1rez, de 34 a\u00f1os, lleg\u00f3 a 21 goles [&hellip;]\" \/>\n<meta property=\"og:url\" content=\"https:\/\/futbolhoy.co\/index.php\/2021\/05\/22\/mordisco-a-la-liga\/\" \/>\n<meta property=\"article:publisher\" content=\"https:\/\/www.facebook.com\/FutbolHoyCol\/\" \/>\n<meta property=\"article:published_time\" content=\"2021-05-22T18:38:23+00:00\" \/>\n<meta property=\"article:modified_time\" content=\"2021-05-23T16:24:45+00:00\" \/>\n<meta property=\"og:image\" content=\"https:\/\/futbolhoy.co\/wp-content\/uploads\/2021\/05\/E2AqE8GXoAMTc2b.jpg\" \/>\n\t<meta property=\"og:image:width\" content=\"2400\" \/>\n\t<meta property=\"og:image:height\" content=\"1350\" \/>\n\t<meta property=\"og:image:type\" content=\"image\/jpeg\" \/>\n<meta name=\"author\" content=\"Laura Hern\u00e1ndez\" \/>\n<meta name=\"twitter:card\" content=\"summary_large_image\" \/>\n<meta name=\"twitter:creator\" content=\"@FutbolHoyCol\" \/>\n<meta name=\"twitter:site\" content=\"@FutbolHoyCol\" \/>\n<meta name=\"twitter:label1\" content=\"Escrito por\" \/>\n\t<meta name=\"twitter:data1\" content=\"Laura Hern\u00e1ndez\" \/>\n\t<meta name=\"twitter:label2\" content=\"Tiempo de lectura\" \/>\n\t<meta name=\"twitter:data2\" content=\"2 minutos\" \/>\n<script type=\"application\/ld+json\" class=\"yoast-schema-graph\">{\"@context\":\"https:\/\/schema.org\",\"@graph\":[{\"@type\":\"Article\",\"@id\":\"https:\/\/futbolhoy.co\/index.php\/2021\/05\/22\/mordisco-a-la-liga\/#article\",\"isPartOf\":{\"@id\":\"https:\/\/futbolhoy.co\/index.php\/2021\/05\/22\/mordisco-a-la-liga\/\"},\"author\":{\"name\":\"Laura Hern\u00e1ndez\",\"@id\":\"https:\/\/futbolhoy.co\/#\/schema\/person\/c4a353a512b127643723a34bb1812f7d\"},\"headline\":\"Mordisco a La Liga\",\"datePublished\":\"2021-05-22T18:38:23+00:00\",\"dateModified\":\"2021-05-23T16:24:45+00:00\",\"mainEntityOfPage\":{\"@id\":\"https:\/\/futbolhoy.co\/index.php\/2021\/05\/22\/mordisco-a-la-liga\/\"},\"wordCount\":262,\"commentCount\":0,\"publisher\":{\"@id\":\"https:\/\/futbolhoy.co\/#organization\"},\"image\":{\"@id\":\"https:\/\/futbolhoy.co\/index.php\/2021\/05\/22\/mordisco-a-la-liga\/#primaryimage\"},\"thumbnailUrl\":\"https:\/\/futbolhoy.co\/wp-content\/uploads\/2021\/05\/E2AqE8GXoAMTc2b.jpg\",\"articleSection\":[\"Mundo Futbol\"],\"inLanguage\":\"es\",\"potentialAction\":[{\"@type\":\"CommentAction\",\"name\":\"Comment\",\"target\":[\"https:\/\/futbolhoy.co\/index.php\/2021\/05\/22\/mordisco-a-la-liga\/#respond\"]}]},{\"@type\":\"WebPage\",\"@id\":\"https:\/\/futbolhoy.co\/index.php\/2021\/05\/22\/mordisco-a-la-liga\/\",\"url\":\"https:\/\/futbolhoy.co\/index.php\/2021\/05\/22\/mordisco-a-la-liga\/\",\"name\":\"Mordisco a La Liga -\",\"isPartOf\":{\"@id\":\"https:\/\/futbolhoy.co\/#website\"},\"primaryImageOfPage\":{\"@id\":\"https:\/\/futbolhoy.co\/index.php\/2021\/05\/22\/mordisco-a-la-liga\/#primaryimage\"},\"image\":{\"@id\":\"https:\/\/futbolhoy.co\/index.php\/2021\/05\/22\/mordisco-a-la-liga\/#primaryimage\"},\"thumbnailUrl\":\"https:\/\/futbolhoy.co\/wp-content\/uploads\/2021\/05\/E2AqE8GXoAMTc2b.jpg\",\"datePublished\":\"2021-05-22T18:38:23+00:00\",\"dateModified\":\"2021-05-23T16:24:45+00:00\",\"breadcrumb\":{\"@id\":\"https:\/\/futbolhoy.co\/index.php\/2021\/05\/22\/mordisco-a-la-liga\/#breadcrumb\"},\"inLanguage\":\"es\",\"potentialAction\":[{\"@type\":\"ReadAction\",\"target\":[\"https:\/\/futbolhoy.co\/index.php\/2021\/05\/22\/mordisco-a-la-liga\/\"]}]},{\"@type\":\"ImageObject\",\"inLanguage\":\"es\",\"@id\":\"https:\/\/futbolhoy.co\/index.php\/2021\/05\/22\/mordisco-a-la-liga\/#primaryimage\",\"url\":\"https:\/\/futbolhoy.co\/wp-content\/uploads\/2021\/05\/E2AqE8GXoAMTc2b.jpg\",\"contentUrl\":\"https:\/\/futbolhoy.co\/wp-content\/uploads\/2021\/05\/E2AqE8GXoAMTc2b.jpg\",\"width\":2400,\"height\":1350},{\"@type\":\"BreadcrumbList\",\"@id\":\"https:\/\/futbolhoy.co\/index.php\/2021\/05\/22\/mordisco-a-la-liga\/#breadcrumb\",\"itemListElement\":[{\"@type\":\"ListItem\",\"position\":1,\"name\":\"Portada\",\"item\":\"https:\/\/futbolhoy.co\/\"},{\"@type\":\"ListItem\",\"position\":2,\"name\":\"Mordisco a La Liga\"}]},{\"@type\":\"WebSite\",\"@id\":\"https:\/\/futbolhoy.co\/#website\",\"url\":\"https:\/\/futbolhoy.co\/\",\"name\":\"FutbolHoy\",\"description\":\"\",\"publisher\":{\"@id\":\"https:\/\/futbolhoy.co\/#organization\"},\"potentialAction\":[{\"@type\":\"SearchAction\",\"target\":{\"@type\":\"EntryPoint\",\"urlTemplate\":\"https:\/\/futbolhoy.co\/?s={search_term_string}\"},\"query-input\":{\"@type\":\"PropertyValueSpecification\",\"valueRequired\":true,\"valueName\":\"search_term_string\"}}],\"inLanguage\":\"es\"},{\"@type\":\"Organization\",\"@id\":\"https:\/\/futbolhoy.co\/#organization\",\"name\":\"Futbolhoy.co\",\"url\":\"https:\/\/futbolhoy.co\/\",\"logo\":{\"@type\":\"ImageObject\",\"inLanguage\":\"es\",\"@id\":\"https:\/\/futbolhoy.co\/#\/schema\/logo\/image\/\",\"url\":\"https:\/\/futbolhoy.co\/wp-content\/uploads\/2018\/08\/17426380_1906371736249227_6326180412931521141_n.jpg\",\"contentUrl\":\"https:\/\/futbolhoy.co\/wp-content\/uploads\/2018\/08\/17426380_1906371736249227_6326180412931521141_n.jpg\",\"width\":960,\"height\":960,\"caption\":\"Futbolhoy.co\"},\"image\":{\"@id\":\"https:\/\/futbolhoy.co\/#\/schema\/logo\/image\/\"},\"sameAs\":[\"https:\/\/www.facebook.com\/FutbolHoyCol\/\",\"https:\/\/x.com\/FutbolHoyCol\",\"https:\/\/www.instagram.com\/futbolhoycol\/\"]},{\"@type\":\"Person\",\"@id\":\"https:\/\/futbolhoy.co\/#\/schema\/person\/c4a353a512b127643723a34bb1812f7d\",\"name\":\"Laura Hern\u00e1ndez\",\"image\":{\"@type\":\"ImageObject\",\"inLanguage\":\"es\",\"@id\":\"https:\/\/futbolhoy.co\/#\/schema\/person\/image\/\",\"url\":\"https:\/\/secure.gravatar.com\/avatar\/d25959a15b9b293a743f99181c7cfd01?s=96&d=mm&r=g\",\"contentUrl\":\"https:\/\/secure.gravatar.com\/avatar\/d25959a15b9b293a743f99181c7cfd01?s=96&d=mm&r=g\",\"caption\":\"Laura Hern\u00e1ndez\"}}]}<\/script>\n<!-- \/ Yoast SEO plugin. -->","yoast_head_json":{"title":"Mordisco a La Liga -","robots":{"index":"index","follow":"follow","max-snippet":"max-snippet:-1","max-image-preview":"max-image-preview:large","max-video-preview":"max-video-preview:-1"},"canonical":"https:\/\/futbolhoy.co\/index.php\/2021\/05\/22\/mordisco-a-la-liga\/","og_locale":"es_ES","og_type":"article","og_title":"Mordisco a La Liga -","og_description":"(Luis Su\u00e1rez, autor del gol del triunfo, en entrevista con LaLiga) El uruguayo Luis Su\u00e1rez marc\u00f3 el gol de la victoria y el Atl\u00e9tico de Madrid venci\u00f3 1-2 al Valladolid en la \u00faltima fecha de LaLiga, coron\u00e1ndose campe\u00f3n de Espa\u00f1a por d\u00e9cima primera oportunidad en su historia. Su\u00e1rez, de 34 a\u00f1os, lleg\u00f3 a 21 goles [&hellip;]","og_url":"https:\/\/futbolhoy.co\/index.php\/2021\/05\/22\/mordisco-a-la-liga\/","article_publisher":"https:\/\/www.facebook.com\/FutbolHoyCol\/","article_published_time":"2021-05-22T18:38:23+00:00","article_modified_time":"2021-05-23T16:24:45+00:00","og_image":[{"width":2400,"height":1350,"url":"https:\/\/futbolhoy.co\/wp-content\/uploads\/2021\/05\/E2AqE8GXoAMTc2b.jpg","type":"image\/jpeg"}],"author":"Laura Hern\u00e1ndez","twitter_card":"summary_large_image","twitter_creator":"@FutbolHoyCol","twitter_site":"@FutbolHoyCol","twitter_misc":{"Escrito por":"Laura Hern\u00e1ndez","Tiempo de lectura":"2 minutos"},"schema":{"@context":"https:\/\/schema.org","@graph":[{"@type":"Article","@id":"https:\/\/futbolhoy.co\/index.php\/2021\/05\/22\/mordisco-a-la-liga\/#article","isPartOf":{"@id":"https:\/\/futbolhoy.co\/index.php\/2021\/05\/22\/mordisco-a-la-liga\/"},"author":{"name":"Laura Hern\u00e1ndez","@id":"https:\/\/futbolhoy.co\/#\/schema\/person\/c4a353a512b127643723a34bb1812f7d"},"headline":"Mordisco a La Liga","datePublished":"2021-05-22T18:38:23+00:00","dateModified":"2021-05-23T16:24:45+00:00","mainEntityOfPage":{"@id":"https:\/\/futbolhoy.co\/index.php\/2021\/05\/22\/mordisco-a-la-liga\/"},"wordCount":262,"commentCount":0,"publisher":{"@id":"https:\/\/futbolhoy.co\/#organization"},"image":{"@id":"https:\/\/futbolhoy.co\/index.php\/2021\/05\/22\/mordisco-a-la-liga\/#primaryimage"},"thumbnailUrl":"https:\/\/futbolhoy.co\/wp-content\/uploads\/2021\/05\/E2AqE8GXoAMTc2b.jpg","articleSection":["Mundo Futbol"],"inLanguage":"es","potentialAction":[{"@type":"CommentAction","name":"Comment","target":["https:\/\/futbolhoy.co\/index.php\/2021\/05\/22\/mordisco-a-la-liga\/#respond"]}]},{"@type":"WebPage","@id":"https:\/\/futbolhoy.co\/index.php\/2021\/05\/22\/mordisco-a-la-liga\/","url":"https:\/\/futbolhoy.co\/index.php\/2021\/05\/22\/mordisco-a-la-liga\/","name":"Mordisco a La Liga -","isPartOf":{"@id":"https:\/\/futbolhoy.co\/#website"},"primaryImageOfPage":{"@id":"https:\/\/futbolhoy.co\/index.php\/2021\/05\/22\/mordisco-a-la-liga\/#primaryimage"},"image":{"@id":"https:\/\/futbolhoy.co\/index.php\/2021\/05\/22\/mordisco-a-la-liga\/#primaryimage"},"thumbnailUrl":"https:\/\/futbolhoy.co\/wp-content\/uploads\/2021\/05\/E2AqE8GXoAMTc2b.jpg","datePublished":"2021-05-22T18:38:23+00:00","dateModified":"2021-05-23T16:24:45+00:00","breadcrumb":{"@id":"https:\/\/futbolhoy.co\/index.php\/2021\/05\/22\/mordisco-a-la-liga\/#breadcrumb"},"inLanguage":"es","potentialAction":[{"@type":"ReadAction","target":["https:\/\/futbolhoy.co\/index.php\/2021\/05\/22\/mordisco-a-la-liga\/"]}]},{"@type":"ImageObject","inLanguage":"es","@id":"https:\/\/futbolhoy.co\/index.php\/2021\/05\/22\/mordisco-a-la-liga\/#primaryimage","url":"https:\/\/futbolhoy.co\/wp-content\/uploads\/2021\/05\/E2AqE8GXoAMTc2b.jpg","contentUrl":"https:\/\/futbolhoy.co\/wp-content\/uploads\/2021\/05\/E2AqE8GXoAMTc2b.jpg","width":2400,"height":1350},{"@type":"BreadcrumbList","@id":"https:\/\/futbolhoy.co\/index.php\/2021\/05\/22\/mordisco-a-la-liga\/#breadcrumb","itemListElement":[{"@type":"ListItem","position":1,"name":"Portada","item":"https:\/\/futbolhoy.co\/"},{"@type":"ListItem","position":2,"name":"Mordisco a La Liga"}]},{"@type":"WebSite","@id":"https:\/\/futbolhoy.co\/#website","url":"https:\/\/futbolhoy.co\/","name":"FutbolHoy","description":"","publisher":{"@id":"https:\/\/futbolhoy.co\/#organization"},"potentialAction":[{"@type":"SearchAction","target":{"@type":"EntryPoint","urlTemplate":"https:\/\/futbolhoy.co\/?s={search_term_string}"},"query-input":{"@type":"PropertyValueSpecification","valueRequired":true,"valueName":"search_term_string"}}],"inLanguage":"es"},{"@type":"Organization","@id":"https:\/\/futbolhoy.co\/#organization","name":"Futbolhoy.co","url":"https:\/\/futbolhoy.co\/","logo":{"@type":"ImageObject","inLanguage":"es","@id":"https:\/\/futbolhoy.co\/#\/schema\/logo\/image\/","url":"https:\/\/futbolhoy.co\/wp-content\/uploads\/2018\/08\/17426380_1906371736249227_6326180412931521141_n.jpg","contentUrl":"https:\/\/futbolhoy.co\/wp-content\/uploads\/2018\/08\/17426380_1906371736249227_6326180412931521141_n.jpg","width":960,"height":960,"caption":"Futbolhoy.co"},"image":{"@id":"https:\/\/futbolhoy.co\/#\/schema\/logo\/image\/"},"sameAs":["https:\/\/www.facebook.com\/FutbolHoyCol\/","https:\/\/x.com\/FutbolHoyCol","https:\/\/www.instagram.com\/futbolhoycol\/"]},{"@type":"Person","@id":"https:\/\/futbolhoy.co\/#\/schema\/person\/c4a353a512b127643723a34bb1812f7d","name":"Laura Hern\u00e1ndez","image":{"@type":"ImageObject","inLanguage":"es","@id":"https:\/\/futbolhoy.co\/#\/schema\/person\/image\/","url":"https:\/\/secure.gravatar.com\/avatar\/d25959a15b9b293a743f99181c7cfd01?s=96&d=mm&r=g","contentUrl":"https:\/\/secure.gravatar.com\/avatar\/d25959a15b9b293a743f99181c7cfd01?s=96&d=mm&r=g","caption":"Laura Hern\u00e1ndez"}}]}},"publishpress_future_action":{"enabled":false,"date":"2026-05-03 23:08:07","action":"change-status","newStatus":"draft","terms":[],"taxonomy":"category","extraData":[]},"publishpress_future_workflow_manual_trigger":{"enabledWorkflows":[]},"_links":{"self":[{"href":"https:\/\/futbolhoy.co\/index.php\/wp-json\/wp\/v2\/posts\/65062","targetHints":{"allow":["GET"]}}],"collection":[{"href":"https:\/\/futbolhoy.co\/index.php\/wp-json\/wp\/v2\/posts"}],"about":[{"href":"https:\/\/futbolhoy.co\/index.php\/wp-json\/wp\/v2\/types\/post"}],"author":[{"embeddable":true,"href":"https:\/\/futbolhoy.co\/index.php\/wp-json\/wp\/v2\/users\/5"}],"replies":[{"embeddable":true,"href":"https:\/\/futbolhoy.co\/index.php\/wp-json\/wp\/v2\/comments?post=65062"}],"version-history":[{"count":1,"href":"https:\/\/futbolhoy.co\/index.php\/wp-json\/wp\/v2\/posts\/65062\/revisions"}],"predecessor-version":[{"id":65066,"href":"https:\/\/futbolhoy.co\/index.php\/wp-json\/wp\/v2\/posts\/65062\/revisions\/65066"}],"wp:featuredmedia":[{"embeddable":true,"href":"https:\/\/futbolhoy.co\/index.php\/wp-json\/wp\/v2\/media\/65065"}],"wp:attachment":[{"href":"https:\/\/futbolhoy.co\/index.php\/wp-json\/wp\/v2\/media?parent=65062"}],"wp:term":[{"taxonomy":"category","embeddable":true,"href":"https:\/\/futbolhoy.co\/index.php\/wp-json\/wp\/v2\/categories?post=65062"},{"taxonomy":"post_tag","embeddable":true,"href":"https:\/\/futbolhoy.co\/index.php\/wp-json\/wp\/v2\/tags?post=65062"}],"curies":[{"name":"wp","href":"https:\/\/api.w.org\/{rel}","templated":true}]}}