{"id":65071,"date":"2021-05-22T17:41:47","date_gmt":"2021-05-22T22:41:47","guid":{"rendered":"https:\/\/futbolhoy.co\/?p=65071"},"modified":"2021-05-23T13:00:22","modified_gmt":"2021-05-23T18:00:22","slug":"santiago-arias-fue-operado-nuevamente","status":"publish","type":"post","link":"https:\/\/futbolhoy.co\/index.php\/2021\/05\/22\/santiago-arias-fue-operado-nuevamente\/","title":{"rendered":"Santiago Arias fue operado nuevamente"},"content":{"rendered":"<p class=\"ydpe6e55fc5msonormal\" style=\"text-align: justify;\"><span style=\"font-size: 12pt; font-family: helvetica, arial, sans-serif;\">El lateral derecho colombiano <b>Santiago Arias<\/b> debi\u00f3 ser intervenido quir\u00fargicamente de nuevo de su pierna izquierda, seg\u00fan confirm\u00f3 el propio jugador en su cuenta de <b>Instagram<\/b>.<\/span><\/p>\n<p class=\"ydpe6e55fc5msonormal\" style=\"text-align: justify;\"><span style=\"font-size: 12pt; font-family: helvetica, arial, sans-serif;\">Arias, de 29 a\u00f1os, indic\u00f3, junto a una fotograf\u00eda en la que se le ve en una cama de hospital con su pierna izquierda vendada<b>: \u201cUna vez m\u00e1s en el quir\u00f3fano y nuevamente todo sali\u00f3 muy bien. Gracias a Dios y todos los que me han acompa\u00f1ado en este proceso\u201d.<\/b><\/span><\/p>\n<p class=\"ydpe6e55fc5msonormal\" style=\"text-align: justify;\"><span style=\"font-size: 12pt; font-family: helvetica, arial, sans-serif;\">El lateral complet\u00f3 7 meses de inactividad desde que sufri\u00f3 fractura-luxaci\u00f3n de peron\u00e9 con da\u00f1o en el tobillo, durante un partido con la <b>selecci\u00f3n Colombia<\/b> ante <b>Venezuela<\/b> en el inicio de las eliminatorias al <b>Mundial Qatar 2022<\/b>. \u00a0<\/span><\/p>\n<p class=\"ydpe6e55fc5msonormal\" style=\"text-align: justify;\"><span style=\"font-size: 12pt; font-family: helvetica, arial, sans-serif;\">El jugador milita actualmente en el <b>Bayer Leverkusen<\/b> alem\u00e1n, que hoy, al t\u00e9rmino de la <b>Bundesliga<\/b>, se clasific\u00f3 para la <b>Europa League 20021-2022<\/b>.<\/span><\/p>\n","protected":false},"excerpt":{"rendered":"<p>El lateral derecho colombiano Santiago Arias debi\u00f3 ser intervenido quir\u00fargicamente de nuevo de su pierna izquierda, seg\u00fan confirm\u00f3 el propio jugador en su cuenta de Instagram. Arias, de 29 a\u00f1os, indic\u00f3, junto a una fotograf\u00eda en la que se le ve en una cama de hospital con su pierna izquierda vendada: \u201cUna vez m\u00e1s en [&hellip;]<\/p>\n","protected":false},"author":5,"featured_media":65072,"comment_status":"open","ping_status":"open","sticky":false,"template":"","format":"standard","meta":{"_acf_changed":false,"footnotes":""},"categories":[418],"tags":[1776,413],"class_list":{"0":"post-65071","1":"post","2":"type-post","3":"status-publish","4":"format-standard","5":"has-post-thumbnail","7":"category-colombia","8":"tag-bayer-leverkusen","9":"tag-santiago-arias"},"acf":[],"yoast_head":"<!-- This site is optimized with the Yoast SEO plugin v26.8 - https:\/\/yoast.com\/product\/yoast-seo-wordpress\/ -->\n<title>Santiago Arias fue operado nuevamente -<\/title>\n<meta name=\"robots\" content=\"index, follow, max-snippet:-1, max-image-preview:large, max-video-preview:-1\" \/>\n<link rel=\"canonical\" href=\"https:\/\/futbolhoy.co\/index.php\/2021\/05\/22\/santiago-arias-fue-operado-nuevamente\/\" \/>\n<meta property=\"og:locale\" content=\"es_ES\" \/>\n<meta property=\"og:type\" content=\"article\" \/>\n<meta property=\"og:title\" content=\"Santiago Arias fue operado nuevamente -\" \/>\n<meta property=\"og:description\" content=\"El lateral derecho colombiano Santiago Arias debi\u00f3 ser intervenido quir\u00fargicamente de nuevo de su pierna izquierda, seg\u00fan confirm\u00f3 el propio jugador en su cuenta de Instagram. Arias, de 29 a\u00f1os, indic\u00f3, junto a una fotograf\u00eda en la que se le ve en una cama de hospital con su pierna izquierda vendada: \u201cUna vez m\u00e1s en [&hellip;]\" \/>\n<meta property=\"og:url\" content=\"https:\/\/futbolhoy.co\/index.php\/2021\/05\/22\/santiago-arias-fue-operado-nuevamente\/\" \/>\n<meta property=\"article:publisher\" content=\"https:\/\/www.facebook.com\/FutbolHoyCol\/\" \/>\n<meta property=\"article:published_time\" content=\"2021-05-22T22:41:47+00:00\" \/>\n<meta property=\"article:modified_time\" content=\"2021-05-23T18:00:22+00:00\" \/>\n<meta property=\"og:image\" content=\"https:\/\/futbolhoy.co\/wp-content\/uploads\/2021\/05\/Captura-1.png\" \/>\n\t<meta property=\"og:image:width\" content=\"775\" \/>\n\t<meta property=\"og:image:height\" content=\"809\" \/>\n\t<meta property=\"og:image:type\" content=\"image\/png\" \/>\n<meta name=\"author\" content=\"Laura Hern\u00e1ndez\" \/>\n<meta name=\"twitter:card\" content=\"summary_large_image\" \/>\n<meta name=\"twitter:creator\" content=\"@FutbolHoyCol\" \/>\n<meta name=\"twitter:site\" content=\"@FutbolHoyCol\" \/>\n<meta name=\"twitter:label1\" content=\"Escrito por\" \/>\n\t<meta name=\"twitter:data1\" content=\"Laura Hern\u00e1ndez\" \/>\n\t<meta name=\"twitter:label2\" content=\"Tiempo de lectura\" \/>\n\t<meta name=\"twitter:data2\" content=\"1 minuto\" \/>\n<script type=\"application\/ld+json\" class=\"yoast-schema-graph\">{\"@context\":\"https:\/\/schema.org\",\"@graph\":[{\"@type\":\"Article\",\"@id\":\"https:\/\/futbolhoy.co\/index.php\/2021\/05\/22\/santiago-arias-fue-operado-nuevamente\/#article\",\"isPartOf\":{\"@id\":\"https:\/\/futbolhoy.co\/index.php\/2021\/05\/22\/santiago-arias-fue-operado-nuevamente\/\"},\"author\":{\"name\":\"Laura Hern\u00e1ndez\",\"@id\":\"https:\/\/futbolhoy.co\/#\/schema\/person\/c4a353a512b127643723a34bb1812f7d\"},\"headline\":\"Santiago Arias fue operado nuevamente\",\"datePublished\":\"2021-05-22T22:41:47+00:00\",\"dateModified\":\"2021-05-23T18:00:22+00:00\",\"mainEntityOfPage\":{\"@id\":\"https:\/\/futbolhoy.co\/index.php\/2021\/05\/22\/santiago-arias-fue-operado-nuevamente\/\"},\"wordCount\":150,\"commentCount\":0,\"publisher\":{\"@id\":\"https:\/\/futbolhoy.co\/#organization\"},\"image\":{\"@id\":\"https:\/\/futbolhoy.co\/index.php\/2021\/05\/22\/santiago-arias-fue-operado-nuevamente\/#primaryimage\"},\"thumbnailUrl\":\"https:\/\/futbolhoy.co\/wp-content\/uploads\/2021\/05\/Captura-1.png\",\"keywords\":[\"Bayer Leverkusen\",\"santiago arias\"],\"articleSection\":[\"Colombia\"],\"inLanguage\":\"es\",\"potentialAction\":[{\"@type\":\"CommentAction\",\"name\":\"Comment\",\"target\":[\"https:\/\/futbolhoy.co\/index.php\/2021\/05\/22\/santiago-arias-fue-operado-nuevamente\/#respond\"]}]},{\"@type\":\"WebPage\",\"@id\":\"https:\/\/futbolhoy.co\/index.php\/2021\/05\/22\/santiago-arias-fue-operado-nuevamente\/\",\"url\":\"https:\/\/futbolhoy.co\/index.php\/2021\/05\/22\/santiago-arias-fue-operado-nuevamente\/\",\"name\":\"Santiago Arias fue operado nuevamente -\",\"isPartOf\":{\"@id\":\"https:\/\/futbolhoy.co\/#website\"},\"primaryImageOfPage\":{\"@id\":\"https:\/\/futbolhoy.co\/index.php\/2021\/05\/22\/santiago-arias-fue-operado-nuevamente\/#primaryimage\"},\"image\":{\"@id\":\"https:\/\/futbolhoy.co\/index.php\/2021\/05\/22\/santiago-arias-fue-operado-nuevamente\/#primaryimage\"},\"thumbnailUrl\":\"https:\/\/futbolhoy.co\/wp-content\/uploads\/2021\/05\/Captura-1.png\",\"datePublished\":\"2021-05-22T22:41:47+00:00\",\"dateModified\":\"2021-05-23T18:00:22+00:00\",\"breadcrumb\":{\"@id\":\"https:\/\/futbolhoy.co\/index.php\/2021\/05\/22\/santiago-arias-fue-operado-nuevamente\/#breadcrumb\"},\"inLanguage\":\"es\",\"potentialAction\":[{\"@type\":\"ReadAction\",\"target\":[\"https:\/\/futbolhoy.co\/index.php\/2021\/05\/22\/santiago-arias-fue-operado-nuevamente\/\"]}]},{\"@type\":\"ImageObject\",\"inLanguage\":\"es\",\"@id\":\"https:\/\/futbolhoy.co\/index.php\/2021\/05\/22\/santiago-arias-fue-operado-nuevamente\/#primaryimage\",\"url\":\"https:\/\/futbolhoy.co\/wp-content\/uploads\/2021\/05\/Captura-1.png\",\"contentUrl\":\"https:\/\/futbolhoy.co\/wp-content\/uploads\/2021\/05\/Captura-1.png\",\"width\":775,\"height\":809},{\"@type\":\"BreadcrumbList\",\"@id\":\"https:\/\/futbolhoy.co\/index.php\/2021\/05\/22\/santiago-arias-fue-operado-nuevamente\/#breadcrumb\",\"itemListElement\":[{\"@type\":\"ListItem\",\"position\":1,\"name\":\"Portada\",\"item\":\"https:\/\/futbolhoy.co\/\"},{\"@type\":\"ListItem\",\"position\":2,\"name\":\"Santiago Arias fue operado nuevamente\"}]},{\"@type\":\"WebSite\",\"@id\":\"https:\/\/futbolhoy.co\/#website\",\"url\":\"https:\/\/futbolhoy.co\/\",\"name\":\"FutbolHoy\",\"description\":\"\",\"publisher\":{\"@id\":\"https:\/\/futbolhoy.co\/#organization\"},\"potentialAction\":[{\"@type\":\"SearchAction\",\"target\":{\"@type\":\"EntryPoint\",\"urlTemplate\":\"https:\/\/futbolhoy.co\/?s={search_term_string}\"},\"query-input\":{\"@type\":\"PropertyValueSpecification\",\"valueRequired\":true,\"valueName\":\"search_term_string\"}}],\"inLanguage\":\"es\"},{\"@type\":\"Organization\",\"@id\":\"https:\/\/futbolhoy.co\/#organization\",\"name\":\"Futbolhoy.co\",\"url\":\"https:\/\/futbolhoy.co\/\",\"logo\":{\"@type\":\"ImageObject\",\"inLanguage\":\"es\",\"@id\":\"https:\/\/futbolhoy.co\/#\/schema\/logo\/image\/\",\"url\":\"https:\/\/futbolhoy.co\/wp-content\/uploads\/2018\/08\/17426380_1906371736249227_6326180412931521141_n.jpg\",\"contentUrl\":\"https:\/\/futbolhoy.co\/wp-content\/uploads\/2018\/08\/17426380_1906371736249227_6326180412931521141_n.jpg\",\"width\":960,\"height\":960,\"caption\":\"Futbolhoy.co\"},\"image\":{\"@id\":\"https:\/\/futbolhoy.co\/#\/schema\/logo\/image\/\"},\"sameAs\":[\"https:\/\/www.facebook.com\/FutbolHoyCol\/\",\"https:\/\/x.com\/FutbolHoyCol\",\"https:\/\/www.instagram.com\/futbolhoycol\/\"]},{\"@type\":\"Person\",\"@id\":\"https:\/\/futbolhoy.co\/#\/schema\/person\/c4a353a512b127643723a34bb1812f7d\",\"name\":\"Laura Hern\u00e1ndez\",\"image\":{\"@type\":\"ImageObject\",\"inLanguage\":\"es\",\"@id\":\"https:\/\/futbolhoy.co\/#\/schema\/person\/image\/\",\"url\":\"https:\/\/secure.gravatar.com\/avatar\/d25959a15b9b293a743f99181c7cfd01?s=96&d=mm&r=g\",\"contentUrl\":\"https:\/\/secure.gravatar.com\/avatar\/d25959a15b9b293a743f99181c7cfd01?s=96&d=mm&r=g\",\"caption\":\"Laura Hern\u00e1ndez\"}}]}<\/script>\n<!-- \/ Yoast SEO plugin. -->","yoast_head_json":{"title":"Santiago Arias fue operado nuevamente -","robots":{"index":"index","follow":"follow","max-snippet":"max-snippet:-1","max-image-preview":"max-image-preview:large","max-video-preview":"max-video-preview:-1"},"canonical":"https:\/\/futbolhoy.co\/index.php\/2021\/05\/22\/santiago-arias-fue-operado-nuevamente\/","og_locale":"es_ES","og_type":"article","og_title":"Santiago Arias fue operado nuevamente -","og_description":"El lateral derecho colombiano Santiago Arias debi\u00f3 ser intervenido quir\u00fargicamente de nuevo de su pierna izquierda, seg\u00fan confirm\u00f3 el propio jugador en su cuenta de Instagram. Arias, de 29 a\u00f1os, indic\u00f3, junto a una fotograf\u00eda en la que se le ve en una cama de hospital con su pierna izquierda vendada: \u201cUna vez m\u00e1s en [&hellip;]","og_url":"https:\/\/futbolhoy.co\/index.php\/2021\/05\/22\/santiago-arias-fue-operado-nuevamente\/","article_publisher":"https:\/\/www.facebook.com\/FutbolHoyCol\/","article_published_time":"2021-05-22T22:41:47+00:00","article_modified_time":"2021-05-23T18:00:22+00:00","og_image":[{"width":775,"height":809,"url":"https:\/\/futbolhoy.co\/wp-content\/uploads\/2021\/05\/Captura-1.png","type":"image\/png"}],"author":"Laura Hern\u00e1ndez","twitter_card":"summary_large_image","twitter_creator":"@FutbolHoyCol","twitter_site":"@FutbolHoyCol","twitter_misc":{"Escrito por":"Laura Hern\u00e1ndez","Tiempo de lectura":"1 minuto"},"schema":{"@context":"https:\/\/schema.org","@graph":[{"@type":"Article","@id":"https:\/\/futbolhoy.co\/index.php\/2021\/05\/22\/santiago-arias-fue-operado-nuevamente\/#article","isPartOf":{"@id":"https:\/\/futbolhoy.co\/index.php\/2021\/05\/22\/santiago-arias-fue-operado-nuevamente\/"},"author":{"name":"Laura Hern\u00e1ndez","@id":"https:\/\/futbolhoy.co\/#\/schema\/person\/c4a353a512b127643723a34bb1812f7d"},"headline":"Santiago Arias fue operado nuevamente","datePublished":"2021-05-22T22:41:47+00:00","dateModified":"2021-05-23T18:00:22+00:00","mainEntityOfPage":{"@id":"https:\/\/futbolhoy.co\/index.php\/2021\/05\/22\/santiago-arias-fue-operado-nuevamente\/"},"wordCount":150,"commentCount":0,"publisher":{"@id":"https:\/\/futbolhoy.co\/#organization"},"image":{"@id":"https:\/\/futbolhoy.co\/index.php\/2021\/05\/22\/santiago-arias-fue-operado-nuevamente\/#primaryimage"},"thumbnailUrl":"https:\/\/futbolhoy.co\/wp-content\/uploads\/2021\/05\/Captura-1.png","keywords":["Bayer Leverkusen","santiago arias"],"articleSection":["Colombia"],"inLanguage":"es","potentialAction":[{"@type":"CommentAction","name":"Comment","target":["https:\/\/futbolhoy.co\/index.php\/2021\/05\/22\/santiago-arias-fue-operado-nuevamente\/#respond"]}]},{"@type":"WebPage","@id":"https:\/\/futbolhoy.co\/index.php\/2021\/05\/22\/santiago-arias-fue-operado-nuevamente\/","url":"https:\/\/futbolhoy.co\/index.php\/2021\/05\/22\/santiago-arias-fue-operado-nuevamente\/","name":"Santiago Arias fue operado nuevamente -","isPartOf":{"@id":"https:\/\/futbolhoy.co\/#website"},"primaryImageOfPage":{"@id":"https:\/\/futbolhoy.co\/index.php\/2021\/05\/22\/santiago-arias-fue-operado-nuevamente\/#primaryimage"},"image":{"@id":"https:\/\/futbolhoy.co\/index.php\/2021\/05\/22\/santiago-arias-fue-operado-nuevamente\/#primaryimage"},"thumbnailUrl":"https:\/\/futbolhoy.co\/wp-content\/uploads\/2021\/05\/Captura-1.png","datePublished":"2021-05-22T22:41:47+00:00","dateModified":"2021-05-23T18:00:22+00:00","breadcrumb":{"@id":"https:\/\/futbolhoy.co\/index.php\/2021\/05\/22\/santiago-arias-fue-operado-nuevamente\/#breadcrumb"},"inLanguage":"es","potentialAction":[{"@type":"ReadAction","target":["https:\/\/futbolhoy.co\/index.php\/2021\/05\/22\/santiago-arias-fue-operado-nuevamente\/"]}]},{"@type":"ImageObject","inLanguage":"es","@id":"https:\/\/futbolhoy.co\/index.php\/2021\/05\/22\/santiago-arias-fue-operado-nuevamente\/#primaryimage","url":"https:\/\/futbolhoy.co\/wp-content\/uploads\/2021\/05\/Captura-1.png","contentUrl":"https:\/\/futbolhoy.co\/wp-content\/uploads\/2021\/05\/Captura-1.png","width":775,"height":809},{"@type":"BreadcrumbList","@id":"https:\/\/futbolhoy.co\/index.php\/2021\/05\/22\/santiago-arias-fue-operado-nuevamente\/#breadcrumb","itemListElement":[{"@type":"ListItem","position":1,"name":"Portada","item":"https:\/\/futbolhoy.co\/"},{"@type":"ListItem","position":2,"name":"Santiago Arias fue operado nuevamente"}]},{"@type":"WebSite","@id":"https:\/\/futbolhoy.co\/#website","url":"https:\/\/futbolhoy.co\/","name":"FutbolHoy","description":"","publisher":{"@id":"https:\/\/futbolhoy.co\/#organization"},"potentialAction":[{"@type":"SearchAction","target":{"@type":"EntryPoint","urlTemplate":"https:\/\/futbolhoy.co\/?s={search_term_string}"},"query-input":{"@type":"PropertyValueSpecification","valueRequired":true,"valueName":"search_term_string"}}],"inLanguage":"es"},{"@type":"Organization","@id":"https:\/\/futbolhoy.co\/#organization","name":"Futbolhoy.co","url":"https:\/\/futbolhoy.co\/","logo":{"@type":"ImageObject","inLanguage":"es","@id":"https:\/\/futbolhoy.co\/#\/schema\/logo\/image\/","url":"https:\/\/futbolhoy.co\/wp-content\/uploads\/2018\/08\/17426380_1906371736249227_6326180412931521141_n.jpg","contentUrl":"https:\/\/futbolhoy.co\/wp-content\/uploads\/2018\/08\/17426380_1906371736249227_6326180412931521141_n.jpg","width":960,"height":960,"caption":"Futbolhoy.co"},"image":{"@id":"https:\/\/futbolhoy.co\/#\/schema\/logo\/image\/"},"sameAs":["https:\/\/www.facebook.com\/FutbolHoyCol\/","https:\/\/x.com\/FutbolHoyCol","https:\/\/www.instagram.com\/futbolhoycol\/"]},{"@type":"Person","@id":"https:\/\/futbolhoy.co\/#\/schema\/person\/c4a353a512b127643723a34bb1812f7d","name":"Laura Hern\u00e1ndez","image":{"@type":"ImageObject","inLanguage":"es","@id":"https:\/\/futbolhoy.co\/#\/schema\/person\/image\/","url":"https:\/\/secure.gravatar.com\/avatar\/d25959a15b9b293a743f99181c7cfd01?s=96&d=mm&r=g","contentUrl":"https:\/\/secure.gravatar.com\/avatar\/d25959a15b9b293a743f99181c7cfd01?s=96&d=mm&r=g","caption":"Laura Hern\u00e1ndez"}}]}},"publishpress_future_action":{"enabled":false,"date":"2026-05-03 23:08:18","action":"change-status","newStatus":"draft","terms":[],"taxonomy":"category","extraData":[]},"publishpress_future_workflow_manual_trigger":{"enabledWorkflows":[]},"_links":{"self":[{"href":"https:\/\/futbolhoy.co\/index.php\/wp-json\/wp\/v2\/posts\/65071","targetHints":{"allow":["GET"]}}],"collection":[{"href":"https:\/\/futbolhoy.co\/index.php\/wp-json\/wp\/v2\/posts"}],"about":[{"href":"https:\/\/futbolhoy.co\/index.php\/wp-json\/wp\/v2\/types\/post"}],"author":[{"embeddable":true,"href":"https:\/\/futbolhoy.co\/index.php\/wp-json\/wp\/v2\/users\/5"}],"replies":[{"embeddable":true,"href":"https:\/\/futbolhoy.co\/index.php\/wp-json\/wp\/v2\/comments?post=65071"}],"version-history":[{"count":1,"href":"https:\/\/futbolhoy.co\/index.php\/wp-json\/wp\/v2\/posts\/65071\/revisions"}],"predecessor-version":[{"id":65073,"href":"https:\/\/futbolhoy.co\/index.php\/wp-json\/wp\/v2\/posts\/65071\/revisions\/65073"}],"wp:featuredmedia":[{"embeddable":true,"href":"https:\/\/futbolhoy.co\/index.php\/wp-json\/wp\/v2\/media\/65072"}],"wp:attachment":[{"href":"https:\/\/futbolhoy.co\/index.php\/wp-json\/wp\/v2\/media?parent=65071"}],"wp:term":[{"taxonomy":"category","embeddable":true,"href":"https:\/\/futbolhoy.co\/index.php\/wp-json\/wp\/v2\/categories?post=65071"},{"taxonomy":"post_tag","embeddable":true,"href":"https:\/\/futbolhoy.co\/index.php\/wp-json\/wp\/v2\/tags?post=65071"}],"curies":[{"name":"wp","href":"https:\/\/api.w.org\/{rel}","templated":true}]}}