{"id":65082,"date":"2021-05-23T11:28:07","date_gmt":"2021-05-23T16:28:07","guid":{"rendered":"https:\/\/futbolhoy.co\/?p=65082"},"modified":"2021-05-24T08:24:25","modified_gmt":"2021-05-24T13:24:25","slug":"sinisterra-protagonista-en-triunfo-del-feyenoord","status":"publish","type":"post","link":"https:\/\/futbolhoy.co\/index.php\/2021\/05\/23\/sinisterra-protagonista-en-triunfo-del-feyenoord\/","title":{"rendered":"Sinisterra, protagonista en triunfo del Feyenoord"},"content":{"rendered":"<p style=\"text-align: justify;\"><span style=\"font-family: helvetica, arial, sans-serif;\">El colombiano <strong>Luis Sinisterra<\/strong> marc\u00f3 uno de los goles del <strong>Feyenoord,<\/strong> que super\u00f3 2-0 al <strong>Utrecht<\/strong> y se clasific\u00f3 para la primera edici\u00f3n de la <strong>Conference League,<\/strong> al ganar en la final del 'playoff' de la liga de <strong>Pa\u00edses Bajos.<\/strong><\/span><\/p>\n<p style=\"text-align: justify;\"><span style=\"font-family: helvetica, arial, sans-serif;\">Sinisterra abri\u00f3 el triunfo del equipo de <strong>Rotterdam<\/strong> a los 25 minutos, y el holand\u00e9s <strong>Brian Linssen<\/strong> confirm\u00f3 el triunfo a los 89.<\/span><\/p>\n<p style=\"text-align: justify;\"><span style=\"font-family: helvetica, arial, sans-serif;\">El colombiano complet\u00f3 4 goles en la Liga y 5 en todas las competencias, durante esta temporada.<\/span><\/p>\n<p style=\"text-align: justify;\"><span style=\"font-family: helvetica, arial, sans-serif;\">En el partido, se despidi\u00f3 del club el legendario entrenador <strong>Dick Advocaat,<\/strong> a sus 73 a\u00f1os.<\/span><\/p>\n","protected":false},"excerpt":{"rendered":"<p>El colombiano Luis Sinisterra marc\u00f3 uno de los goles del Feyenoord, que super\u00f3 2-0 al Utrecht y se clasific\u00f3 para la primera edici\u00f3n de la Conference League, al ganar en la final del 'playoff' de la liga de Pa\u00edses Bajos. Sinisterra abri\u00f3 el triunfo del equipo de Rotterdam a los 25 minutos, y el holand\u00e9s [&hellip;]<\/p>\n","protected":false},"author":5,"featured_media":65085,"comment_status":"open","ping_status":"open","sticky":false,"template":"","format":"standard","meta":{"_acf_changed":false,"footnotes":""},"categories":[152],"tags":[],"class_list":{"0":"post-65082","1":"post","2":"type-post","3":"status-publish","4":"format-standard","5":"has-post-thumbnail","7":"category-mundo-futbol"},"acf":[],"yoast_head":"<!-- This site is optimized with the Yoast SEO plugin v26.8 - https:\/\/yoast.com\/product\/yoast-seo-wordpress\/ -->\n<title>Sinisterra, protagonista en triunfo del Feyenoord -<\/title>\n<meta name=\"robots\" content=\"index, follow, max-snippet:-1, max-image-preview:large, max-video-preview:-1\" \/>\n<link rel=\"canonical\" href=\"https:\/\/futbolhoy.co\/index.php\/2021\/05\/23\/sinisterra-protagonista-en-triunfo-del-feyenoord\/\" \/>\n<meta property=\"og:locale\" content=\"es_ES\" \/>\n<meta property=\"og:type\" content=\"article\" \/>\n<meta property=\"og:title\" content=\"Sinisterra, protagonista en triunfo del Feyenoord -\" \/>\n<meta property=\"og:description\" content=\"El colombiano Luis Sinisterra marc\u00f3 uno de los goles del Feyenoord, que super\u00f3 2-0 al Utrecht y se clasific\u00f3 para la primera edici\u00f3n de la Conference League, al ganar en la final del &#039;playoff&#039; de la liga de Pa\u00edses Bajos. Sinisterra abri\u00f3 el triunfo del equipo de Rotterdam a los 25 minutos, y el holand\u00e9s [&hellip;]\" \/>\n<meta property=\"og:url\" content=\"https:\/\/futbolhoy.co\/index.php\/2021\/05\/23\/sinisterra-protagonista-en-triunfo-del-feyenoord\/\" \/>\n<meta property=\"article:publisher\" content=\"https:\/\/www.facebook.com\/FutbolHoyCol\/\" \/>\n<meta property=\"article:published_time\" content=\"2021-05-23T16:28:07+00:00\" \/>\n<meta property=\"article:modified_time\" content=\"2021-05-24T13:24:25+00:00\" \/>\n<meta property=\"og:image\" content=\"https:\/\/futbolhoy.co\/wp-content\/uploads\/2021\/05\/Captura-2-1024x673.png\" \/>\n\t<meta property=\"og:image:width\" content=\"1024\" \/>\n\t<meta property=\"og:image:height\" content=\"673\" \/>\n\t<meta property=\"og:image:type\" content=\"image\/png\" \/>\n<meta name=\"author\" content=\"Laura Hern\u00e1ndez\" \/>\n<meta name=\"twitter:card\" content=\"summary_large_image\" \/>\n<meta name=\"twitter:creator\" content=\"@FutbolHoyCol\" \/>\n<meta name=\"twitter:site\" content=\"@FutbolHoyCol\" \/>\n<meta name=\"twitter:label1\" content=\"Escrito por\" \/>\n\t<meta name=\"twitter:data1\" content=\"Laura Hern\u00e1ndez\" \/>\n\t<meta name=\"twitter:label2\" content=\"Tiempo de lectura\" \/>\n\t<meta name=\"twitter:data2\" content=\"1 minuto\" \/>\n<script type=\"application\/ld+json\" class=\"yoast-schema-graph\">{\"@context\":\"https:\/\/schema.org\",\"@graph\":[{\"@type\":\"Article\",\"@id\":\"https:\/\/futbolhoy.co\/index.php\/2021\/05\/23\/sinisterra-protagonista-en-triunfo-del-feyenoord\/#article\",\"isPartOf\":{\"@id\":\"https:\/\/futbolhoy.co\/index.php\/2021\/05\/23\/sinisterra-protagonista-en-triunfo-del-feyenoord\/\"},\"author\":{\"name\":\"Laura Hern\u00e1ndez\",\"@id\":\"https:\/\/futbolhoy.co\/#\/schema\/person\/c4a353a512b127643723a34bb1812f7d\"},\"headline\":\"Sinisterra, protagonista en triunfo del Feyenoord\",\"datePublished\":\"2021-05-23T16:28:07+00:00\",\"dateModified\":\"2021-05-24T13:24:25+00:00\",\"mainEntityOfPage\":{\"@id\":\"https:\/\/futbolhoy.co\/index.php\/2021\/05\/23\/sinisterra-protagonista-en-triunfo-del-feyenoord\/\"},\"wordCount\":101,\"commentCount\":0,\"publisher\":{\"@id\":\"https:\/\/futbolhoy.co\/#organization\"},\"image\":{\"@id\":\"https:\/\/futbolhoy.co\/index.php\/2021\/05\/23\/sinisterra-protagonista-en-triunfo-del-feyenoord\/#primaryimage\"},\"thumbnailUrl\":\"https:\/\/futbolhoy.co\/wp-content\/uploads\/2021\/05\/Captura-2.png\",\"articleSection\":[\"Mundo Futbol\"],\"inLanguage\":\"es\",\"potentialAction\":[{\"@type\":\"CommentAction\",\"name\":\"Comment\",\"target\":[\"https:\/\/futbolhoy.co\/index.php\/2021\/05\/23\/sinisterra-protagonista-en-triunfo-del-feyenoord\/#respond\"]}]},{\"@type\":\"WebPage\",\"@id\":\"https:\/\/futbolhoy.co\/index.php\/2021\/05\/23\/sinisterra-protagonista-en-triunfo-del-feyenoord\/\",\"url\":\"https:\/\/futbolhoy.co\/index.php\/2021\/05\/23\/sinisterra-protagonista-en-triunfo-del-feyenoord\/\",\"name\":\"Sinisterra, protagonista en triunfo del Feyenoord -\",\"isPartOf\":{\"@id\":\"https:\/\/futbolhoy.co\/#website\"},\"primaryImageOfPage\":{\"@id\":\"https:\/\/futbolhoy.co\/index.php\/2021\/05\/23\/sinisterra-protagonista-en-triunfo-del-feyenoord\/#primaryimage\"},\"image\":{\"@id\":\"https:\/\/futbolhoy.co\/index.php\/2021\/05\/23\/sinisterra-protagonista-en-triunfo-del-feyenoord\/#primaryimage\"},\"thumbnailUrl\":\"https:\/\/futbolhoy.co\/wp-content\/uploads\/2021\/05\/Captura-2.png\",\"datePublished\":\"2021-05-23T16:28:07+00:00\",\"dateModified\":\"2021-05-24T13:24:25+00:00\",\"breadcrumb\":{\"@id\":\"https:\/\/futbolhoy.co\/index.php\/2021\/05\/23\/sinisterra-protagonista-en-triunfo-del-feyenoord\/#breadcrumb\"},\"inLanguage\":\"es\",\"potentialAction\":[{\"@type\":\"ReadAction\",\"target\":[\"https:\/\/futbolhoy.co\/index.php\/2021\/05\/23\/sinisterra-protagonista-en-triunfo-del-feyenoord\/\"]}]},{\"@type\":\"ImageObject\",\"inLanguage\":\"es\",\"@id\":\"https:\/\/futbolhoy.co\/index.php\/2021\/05\/23\/sinisterra-protagonista-en-triunfo-del-feyenoord\/#primaryimage\",\"url\":\"https:\/\/futbolhoy.co\/wp-content\/uploads\/2021\/05\/Captura-2.png\",\"contentUrl\":\"https:\/\/futbolhoy.co\/wp-content\/uploads\/2021\/05\/Captura-2.png\",\"width\":1263,\"height\":830},{\"@type\":\"BreadcrumbList\",\"@id\":\"https:\/\/futbolhoy.co\/index.php\/2021\/05\/23\/sinisterra-protagonista-en-triunfo-del-feyenoord\/#breadcrumb\",\"itemListElement\":[{\"@type\":\"ListItem\",\"position\":1,\"name\":\"Portada\",\"item\":\"https:\/\/futbolhoy.co\/\"},{\"@type\":\"ListItem\",\"position\":2,\"name\":\"Sinisterra, protagonista en triunfo del Feyenoord\"}]},{\"@type\":\"WebSite\",\"@id\":\"https:\/\/futbolhoy.co\/#website\",\"url\":\"https:\/\/futbolhoy.co\/\",\"name\":\"FutbolHoy\",\"description\":\"\",\"publisher\":{\"@id\":\"https:\/\/futbolhoy.co\/#organization\"},\"potentialAction\":[{\"@type\":\"SearchAction\",\"target\":{\"@type\":\"EntryPoint\",\"urlTemplate\":\"https:\/\/futbolhoy.co\/?s={search_term_string}\"},\"query-input\":{\"@type\":\"PropertyValueSpecification\",\"valueRequired\":true,\"valueName\":\"search_term_string\"}}],\"inLanguage\":\"es\"},{\"@type\":\"Organization\",\"@id\":\"https:\/\/futbolhoy.co\/#organization\",\"name\":\"Futbolhoy.co\",\"url\":\"https:\/\/futbolhoy.co\/\",\"logo\":{\"@type\":\"ImageObject\",\"inLanguage\":\"es\",\"@id\":\"https:\/\/futbolhoy.co\/#\/schema\/logo\/image\/\",\"url\":\"https:\/\/futbolhoy.co\/wp-content\/uploads\/2018\/08\/17426380_1906371736249227_6326180412931521141_n.jpg\",\"contentUrl\":\"https:\/\/futbolhoy.co\/wp-content\/uploads\/2018\/08\/17426380_1906371736249227_6326180412931521141_n.jpg\",\"width\":960,\"height\":960,\"caption\":\"Futbolhoy.co\"},\"image\":{\"@id\":\"https:\/\/futbolhoy.co\/#\/schema\/logo\/image\/\"},\"sameAs\":[\"https:\/\/www.facebook.com\/FutbolHoyCol\/\",\"https:\/\/x.com\/FutbolHoyCol\",\"https:\/\/www.instagram.com\/futbolhoycol\/\"]},{\"@type\":\"Person\",\"@id\":\"https:\/\/futbolhoy.co\/#\/schema\/person\/c4a353a512b127643723a34bb1812f7d\",\"name\":\"Laura Hern\u00e1ndez\",\"image\":{\"@type\":\"ImageObject\",\"inLanguage\":\"es\",\"@id\":\"https:\/\/futbolhoy.co\/#\/schema\/person\/image\/\",\"url\":\"https:\/\/secure.gravatar.com\/avatar\/d25959a15b9b293a743f99181c7cfd01?s=96&d=mm&r=g\",\"contentUrl\":\"https:\/\/secure.gravatar.com\/avatar\/d25959a15b9b293a743f99181c7cfd01?s=96&d=mm&r=g\",\"caption\":\"Laura Hern\u00e1ndez\"}}]}<\/script>\n<!-- \/ Yoast SEO plugin. -->","yoast_head_json":{"title":"Sinisterra, protagonista en triunfo del Feyenoord -","robots":{"index":"index","follow":"follow","max-snippet":"max-snippet:-1","max-image-preview":"max-image-preview:large","max-video-preview":"max-video-preview:-1"},"canonical":"https:\/\/futbolhoy.co\/index.php\/2021\/05\/23\/sinisterra-protagonista-en-triunfo-del-feyenoord\/","og_locale":"es_ES","og_type":"article","og_title":"Sinisterra, protagonista en triunfo del Feyenoord -","og_description":"El colombiano Luis Sinisterra marc\u00f3 uno de los goles del Feyenoord, que super\u00f3 2-0 al Utrecht y se clasific\u00f3 para la primera edici\u00f3n de la Conference League, al ganar en la final del 'playoff' de la liga de Pa\u00edses Bajos. Sinisterra abri\u00f3 el triunfo del equipo de Rotterdam a los 25 minutos, y el holand\u00e9s [&hellip;]","og_url":"https:\/\/futbolhoy.co\/index.php\/2021\/05\/23\/sinisterra-protagonista-en-triunfo-del-feyenoord\/","article_publisher":"https:\/\/www.facebook.com\/FutbolHoyCol\/","article_published_time":"2021-05-23T16:28:07+00:00","article_modified_time":"2021-05-24T13:24:25+00:00","og_image":[{"width":1024,"height":673,"url":"https:\/\/futbolhoy.co\/wp-content\/uploads\/2021\/05\/Captura-2-1024x673.png","type":"image\/png"}],"author":"Laura Hern\u00e1ndez","twitter_card":"summary_large_image","twitter_creator":"@FutbolHoyCol","twitter_site":"@FutbolHoyCol","twitter_misc":{"Escrito por":"Laura Hern\u00e1ndez","Tiempo de lectura":"1 minuto"},"schema":{"@context":"https:\/\/schema.org","@graph":[{"@type":"Article","@id":"https:\/\/futbolhoy.co\/index.php\/2021\/05\/23\/sinisterra-protagonista-en-triunfo-del-feyenoord\/#article","isPartOf":{"@id":"https:\/\/futbolhoy.co\/index.php\/2021\/05\/23\/sinisterra-protagonista-en-triunfo-del-feyenoord\/"},"author":{"name":"Laura Hern\u00e1ndez","@id":"https:\/\/futbolhoy.co\/#\/schema\/person\/c4a353a512b127643723a34bb1812f7d"},"headline":"Sinisterra, protagonista en triunfo del Feyenoord","datePublished":"2021-05-23T16:28:07+00:00","dateModified":"2021-05-24T13:24:25+00:00","mainEntityOfPage":{"@id":"https:\/\/futbolhoy.co\/index.php\/2021\/05\/23\/sinisterra-protagonista-en-triunfo-del-feyenoord\/"},"wordCount":101,"commentCount":0,"publisher":{"@id":"https:\/\/futbolhoy.co\/#organization"},"image":{"@id":"https:\/\/futbolhoy.co\/index.php\/2021\/05\/23\/sinisterra-protagonista-en-triunfo-del-feyenoord\/#primaryimage"},"thumbnailUrl":"https:\/\/futbolhoy.co\/wp-content\/uploads\/2021\/05\/Captura-2.png","articleSection":["Mundo Futbol"],"inLanguage":"es","potentialAction":[{"@type":"CommentAction","name":"Comment","target":["https:\/\/futbolhoy.co\/index.php\/2021\/05\/23\/sinisterra-protagonista-en-triunfo-del-feyenoord\/#respond"]}]},{"@type":"WebPage","@id":"https:\/\/futbolhoy.co\/index.php\/2021\/05\/23\/sinisterra-protagonista-en-triunfo-del-feyenoord\/","url":"https:\/\/futbolhoy.co\/index.php\/2021\/05\/23\/sinisterra-protagonista-en-triunfo-del-feyenoord\/","name":"Sinisterra, protagonista en triunfo del Feyenoord -","isPartOf":{"@id":"https:\/\/futbolhoy.co\/#website"},"primaryImageOfPage":{"@id":"https:\/\/futbolhoy.co\/index.php\/2021\/05\/23\/sinisterra-protagonista-en-triunfo-del-feyenoord\/#primaryimage"},"image":{"@id":"https:\/\/futbolhoy.co\/index.php\/2021\/05\/23\/sinisterra-protagonista-en-triunfo-del-feyenoord\/#primaryimage"},"thumbnailUrl":"https:\/\/futbolhoy.co\/wp-content\/uploads\/2021\/05\/Captura-2.png","datePublished":"2021-05-23T16:28:07+00:00","dateModified":"2021-05-24T13:24:25+00:00","breadcrumb":{"@id":"https:\/\/futbolhoy.co\/index.php\/2021\/05\/23\/sinisterra-protagonista-en-triunfo-del-feyenoord\/#breadcrumb"},"inLanguage":"es","potentialAction":[{"@type":"ReadAction","target":["https:\/\/futbolhoy.co\/index.php\/2021\/05\/23\/sinisterra-protagonista-en-triunfo-del-feyenoord\/"]}]},{"@type":"ImageObject","inLanguage":"es","@id":"https:\/\/futbolhoy.co\/index.php\/2021\/05\/23\/sinisterra-protagonista-en-triunfo-del-feyenoord\/#primaryimage","url":"https:\/\/futbolhoy.co\/wp-content\/uploads\/2021\/05\/Captura-2.png","contentUrl":"https:\/\/futbolhoy.co\/wp-content\/uploads\/2021\/05\/Captura-2.png","width":1263,"height":830},{"@type":"BreadcrumbList","@id":"https:\/\/futbolhoy.co\/index.php\/2021\/05\/23\/sinisterra-protagonista-en-triunfo-del-feyenoord\/#breadcrumb","itemListElement":[{"@type":"ListItem","position":1,"name":"Portada","item":"https:\/\/futbolhoy.co\/"},{"@type":"ListItem","position":2,"name":"Sinisterra, protagonista en triunfo del Feyenoord"}]},{"@type":"WebSite","@id":"https:\/\/futbolhoy.co\/#website","url":"https:\/\/futbolhoy.co\/","name":"FutbolHoy","description":"","publisher":{"@id":"https:\/\/futbolhoy.co\/#organization"},"potentialAction":[{"@type":"SearchAction","target":{"@type":"EntryPoint","urlTemplate":"https:\/\/futbolhoy.co\/?s={search_term_string}"},"query-input":{"@type":"PropertyValueSpecification","valueRequired":true,"valueName":"search_term_string"}}],"inLanguage":"es"},{"@type":"Organization","@id":"https:\/\/futbolhoy.co\/#organization","name":"Futbolhoy.co","url":"https:\/\/futbolhoy.co\/","logo":{"@type":"ImageObject","inLanguage":"es","@id":"https:\/\/futbolhoy.co\/#\/schema\/logo\/image\/","url":"https:\/\/futbolhoy.co\/wp-content\/uploads\/2018\/08\/17426380_1906371736249227_6326180412931521141_n.jpg","contentUrl":"https:\/\/futbolhoy.co\/wp-content\/uploads\/2018\/08\/17426380_1906371736249227_6326180412931521141_n.jpg","width":960,"height":960,"caption":"Futbolhoy.co"},"image":{"@id":"https:\/\/futbolhoy.co\/#\/schema\/logo\/image\/"},"sameAs":["https:\/\/www.facebook.com\/FutbolHoyCol\/","https:\/\/x.com\/FutbolHoyCol","https:\/\/www.instagram.com\/futbolhoycol\/"]},{"@type":"Person","@id":"https:\/\/futbolhoy.co\/#\/schema\/person\/c4a353a512b127643723a34bb1812f7d","name":"Laura Hern\u00e1ndez","image":{"@type":"ImageObject","inLanguage":"es","@id":"https:\/\/futbolhoy.co\/#\/schema\/person\/image\/","url":"https:\/\/secure.gravatar.com\/avatar\/d25959a15b9b293a743f99181c7cfd01?s=96&d=mm&r=g","contentUrl":"https:\/\/secure.gravatar.com\/avatar\/d25959a15b9b293a743f99181c7cfd01?s=96&d=mm&r=g","caption":"Laura Hern\u00e1ndez"}}]}},"publishpress_future_action":{"enabled":false,"date":"2026-05-03 20:25:28","action":"change-status","newStatus":"draft","terms":[],"taxonomy":"category","extraData":[]},"publishpress_future_workflow_manual_trigger":{"enabledWorkflows":[]},"_links":{"self":[{"href":"https:\/\/futbolhoy.co\/index.php\/wp-json\/wp\/v2\/posts\/65082","targetHints":{"allow":["GET"]}}],"collection":[{"href":"https:\/\/futbolhoy.co\/index.php\/wp-json\/wp\/v2\/posts"}],"about":[{"href":"https:\/\/futbolhoy.co\/index.php\/wp-json\/wp\/v2\/types\/post"}],"author":[{"embeddable":true,"href":"https:\/\/futbolhoy.co\/index.php\/wp-json\/wp\/v2\/users\/5"}],"replies":[{"embeddable":true,"href":"https:\/\/futbolhoy.co\/index.php\/wp-json\/wp\/v2\/comments?post=65082"}],"version-history":[{"count":3,"href":"https:\/\/futbolhoy.co\/index.php\/wp-json\/wp\/v2\/posts\/65082\/revisions"}],"predecessor-version":[{"id":65092,"href":"https:\/\/futbolhoy.co\/index.php\/wp-json\/wp\/v2\/posts\/65082\/revisions\/65092"}],"wp:featuredmedia":[{"embeddable":true,"href":"https:\/\/futbolhoy.co\/index.php\/wp-json\/wp\/v2\/media\/65085"}],"wp:attachment":[{"href":"https:\/\/futbolhoy.co\/index.php\/wp-json\/wp\/v2\/media?parent=65082"}],"wp:term":[{"taxonomy":"category","embeddable":true,"href":"https:\/\/futbolhoy.co\/index.php\/wp-json\/wp\/v2\/categories?post=65082"},{"taxonomy":"post_tag","embeddable":true,"href":"https:\/\/futbolhoy.co\/index.php\/wp-json\/wp\/v2\/tags?post=65082"}],"curies":[{"name":"wp","href":"https:\/\/api.w.org\/{rel}","templated":true}]}}