{"id":65098,"date":"2021-05-23T16:08:02","date_gmt":"2021-05-23T21:08:02","guid":{"rendered":"https:\/\/futbolhoy.co\/?p=65098"},"modified":"2021-05-24T09:26:18","modified_gmt":"2021-05-24T14:26:18","slug":"lille-acabo-con-la-hegemonia-del-psg","status":"publish","type":"post","link":"https:\/\/futbolhoy.co\/index.php\/2021\/05\/23\/lille-acabo-con-la-hegemonia-del-psg\/","title":{"rendered":"Lille acab\u00f3 con la hegemon\u00eda del PSG"},"content":{"rendered":"<p style=\"text-align: justify;\"><span style=\"font-family: helvetica, arial, sans-serif;\">El <strong>Lille<\/strong> logr\u00f3 su quinto t\u00edtulo de <strong>Liga<\/strong> de <strong>Francia<\/strong> luego de vencer 1-2 al <strong>Angers<\/strong> y desbanc\u00f3 del lugar de honor al <strong>Par\u00eds Saint Germain<\/strong>, que llevaba tres coronas al hilo.<\/span><\/p>\n<p style=\"text-align: justify;\"><span style=\"font-family: helvetica, arial, sans-serif;\">Los goles del nuevo campe\u00f3n franc\u00e9s fueron marcados por <strong>Jonathan David (10')<\/strong> y el turco <strong>Burak Yilmaz <\/strong>de penalti (45'+1). <\/span><\/p>\n<p style=\"text-align: justify;\"><span style=\"font-family: helvetica, arial, sans-serif;\">Por su parte, PSG super\u00f3 0-2 a <strong>Brest<\/strong> con tantos de <strong>Romain Faivre<\/strong> en propia puerta y <strong>Kylian Mbapp\u00e9,<\/strong> quien adem\u00e1s fue elegido como el mejor jugador de la temporada. <strong>Neymar<\/strong> desperdici\u00f3 una pena m\u00e1xima. <\/span><\/p>\n<p style=\"text-align: justify;\"><span style=\"font-family: helvetica, arial, sans-serif;\">El conjunto de <strong>Christophe Galtier<\/strong> logr\u00f3 su quinto trofeo tras los de 1933, 1946, 1954 y 2011. <\/span><\/p>\n<p style=\"text-align: justify;\"><span style=\"font-family: helvetica, arial, sans-serif;\">Lille y PSG ir\u00e1n a la<strong> Liga de Campeones de Europa, M\u00f3naco<\/strong> a la fase previa de <strong>Champions<\/strong> y <strong>Lyon<\/strong> y <strong>Marsella<\/strong> a la <strong>Europa League.<\/strong><\/span><\/p>\n","protected":false},"excerpt":{"rendered":"<p>El Lille logr\u00f3 su quinto t\u00edtulo de Liga de Francia luego de vencer 1-2 al Angers y desbanc\u00f3 del lugar de honor al Par\u00eds Saint Germain, que llevaba tres coronas al hilo. Los goles del nuevo campe\u00f3n franc\u00e9s fueron marcados por Jonathan David (10') y el turco Burak Yilmaz de penalti (45'+1). Por su parte, [&hellip;]<\/p>\n","protected":false},"author":5,"featured_media":65100,"comment_status":"open","ping_status":"open","sticky":false,"template":"","format":"standard","meta":{"_acf_changed":false,"footnotes":""},"categories":[152],"tags":[1662],"class_list":{"0":"post-65098","1":"post","2":"type-post","3":"status-publish","4":"format-standard","5":"has-post-thumbnail","7":"category-mundo-futbol","8":"tag-lille"},"acf":[],"yoast_head":"<!-- This site is optimized with the Yoast SEO plugin v26.8 - https:\/\/yoast.com\/product\/yoast-seo-wordpress\/ -->\n<title>Lille acab\u00f3 con la hegemon\u00eda del PSG -<\/title>\n<meta name=\"robots\" content=\"index, follow, max-snippet:-1, max-image-preview:large, max-video-preview:-1\" \/>\n<link rel=\"canonical\" href=\"https:\/\/futbolhoy.co\/index.php\/2021\/05\/23\/lille-acabo-con-la-hegemonia-del-psg\/\" \/>\n<meta property=\"og:locale\" content=\"es_ES\" \/>\n<meta property=\"og:type\" content=\"article\" \/>\n<meta property=\"og:title\" content=\"Lille acab\u00f3 con la hegemon\u00eda del PSG -\" \/>\n<meta property=\"og:description\" content=\"El Lille logr\u00f3 su quinto t\u00edtulo de Liga de Francia luego de vencer 1-2 al Angers y desbanc\u00f3 del lugar de honor al Par\u00eds Saint Germain, que llevaba tres coronas al hilo. Los goles del nuevo campe\u00f3n franc\u00e9s fueron marcados por Jonathan David (10&#039;) y el turco Burak Yilmaz de penalti (45&#039;+1). Por su parte, [&hellip;]\" \/>\n<meta property=\"og:url\" content=\"https:\/\/futbolhoy.co\/index.php\/2021\/05\/23\/lille-acabo-con-la-hegemonia-del-psg\/\" \/>\n<meta property=\"article:publisher\" content=\"https:\/\/www.facebook.com\/FutbolHoyCol\/\" \/>\n<meta property=\"article:published_time\" content=\"2021-05-23T21:08:02+00:00\" \/>\n<meta property=\"article:modified_time\" content=\"2021-05-24T14:26:18+00:00\" \/>\n<meta property=\"og:image\" content=\"https:\/\/futbolhoy.co\/wp-content\/uploads\/2021\/05\/Lille-1024x670.png\" \/>\n\t<meta property=\"og:image:width\" content=\"1024\" \/>\n\t<meta property=\"og:image:height\" content=\"670\" \/>\n\t<meta property=\"og:image:type\" content=\"image\/png\" \/>\n<meta name=\"author\" content=\"Laura Hern\u00e1ndez\" \/>\n<meta name=\"twitter:card\" content=\"summary_large_image\" \/>\n<meta name=\"twitter:creator\" content=\"@FutbolHoyCol\" \/>\n<meta name=\"twitter:site\" content=\"@FutbolHoyCol\" \/>\n<meta name=\"twitter:label1\" content=\"Escrito por\" \/>\n\t<meta name=\"twitter:data1\" content=\"Laura Hern\u00e1ndez\" \/>\n\t<meta name=\"twitter:label2\" content=\"Tiempo de lectura\" \/>\n\t<meta name=\"twitter:data2\" content=\"1 minuto\" \/>\n<script type=\"application\/ld+json\" class=\"yoast-schema-graph\">{\"@context\":\"https:\/\/schema.org\",\"@graph\":[{\"@type\":\"Article\",\"@id\":\"https:\/\/futbolhoy.co\/index.php\/2021\/05\/23\/lille-acabo-con-la-hegemonia-del-psg\/#article\",\"isPartOf\":{\"@id\":\"https:\/\/futbolhoy.co\/index.php\/2021\/05\/23\/lille-acabo-con-la-hegemonia-del-psg\/\"},\"author\":{\"name\":\"Laura Hern\u00e1ndez\",\"@id\":\"https:\/\/futbolhoy.co\/#\/schema\/person\/c4a353a512b127643723a34bb1812f7d\"},\"headline\":\"Lille acab\u00f3 con la hegemon\u00eda del PSG\",\"datePublished\":\"2021-05-23T21:08:02+00:00\",\"dateModified\":\"2021-05-24T14:26:18+00:00\",\"mainEntityOfPage\":{\"@id\":\"https:\/\/futbolhoy.co\/index.php\/2021\/05\/23\/lille-acabo-con-la-hegemonia-del-psg\/\"},\"wordCount\":142,\"commentCount\":0,\"publisher\":{\"@id\":\"https:\/\/futbolhoy.co\/#organization\"},\"image\":{\"@id\":\"https:\/\/futbolhoy.co\/index.php\/2021\/05\/23\/lille-acabo-con-la-hegemonia-del-psg\/#primaryimage\"},\"thumbnailUrl\":\"https:\/\/futbolhoy.co\/wp-content\/uploads\/2021\/05\/Lille.png\",\"keywords\":[\"Lille\"],\"articleSection\":[\"Mundo Futbol\"],\"inLanguage\":\"es\",\"potentialAction\":[{\"@type\":\"CommentAction\",\"name\":\"Comment\",\"target\":[\"https:\/\/futbolhoy.co\/index.php\/2021\/05\/23\/lille-acabo-con-la-hegemonia-del-psg\/#respond\"]}]},{\"@type\":\"WebPage\",\"@id\":\"https:\/\/futbolhoy.co\/index.php\/2021\/05\/23\/lille-acabo-con-la-hegemonia-del-psg\/\",\"url\":\"https:\/\/futbolhoy.co\/index.php\/2021\/05\/23\/lille-acabo-con-la-hegemonia-del-psg\/\",\"name\":\"Lille acab\u00f3 con la hegemon\u00eda del PSG -\",\"isPartOf\":{\"@id\":\"https:\/\/futbolhoy.co\/#website\"},\"primaryImageOfPage\":{\"@id\":\"https:\/\/futbolhoy.co\/index.php\/2021\/05\/23\/lille-acabo-con-la-hegemonia-del-psg\/#primaryimage\"},\"image\":{\"@id\":\"https:\/\/futbolhoy.co\/index.php\/2021\/05\/23\/lille-acabo-con-la-hegemonia-del-psg\/#primaryimage\"},\"thumbnailUrl\":\"https:\/\/futbolhoy.co\/wp-content\/uploads\/2021\/05\/Lille.png\",\"datePublished\":\"2021-05-23T21:08:02+00:00\",\"dateModified\":\"2021-05-24T14:26:18+00:00\",\"breadcrumb\":{\"@id\":\"https:\/\/futbolhoy.co\/index.php\/2021\/05\/23\/lille-acabo-con-la-hegemonia-del-psg\/#breadcrumb\"},\"inLanguage\":\"es\",\"potentialAction\":[{\"@type\":\"ReadAction\",\"target\":[\"https:\/\/futbolhoy.co\/index.php\/2021\/05\/23\/lille-acabo-con-la-hegemonia-del-psg\/\"]}]},{\"@type\":\"ImageObject\",\"inLanguage\":\"es\",\"@id\":\"https:\/\/futbolhoy.co\/index.php\/2021\/05\/23\/lille-acabo-con-la-hegemonia-del-psg\/#primaryimage\",\"url\":\"https:\/\/futbolhoy.co\/wp-content\/uploads\/2021\/05\/Lille.png\",\"contentUrl\":\"https:\/\/futbolhoy.co\/wp-content\/uploads\/2021\/05\/Lille.png\",\"width\":1121,\"height\":734},{\"@type\":\"BreadcrumbList\",\"@id\":\"https:\/\/futbolhoy.co\/index.php\/2021\/05\/23\/lille-acabo-con-la-hegemonia-del-psg\/#breadcrumb\",\"itemListElement\":[{\"@type\":\"ListItem\",\"position\":1,\"name\":\"Portada\",\"item\":\"https:\/\/futbolhoy.co\/\"},{\"@type\":\"ListItem\",\"position\":2,\"name\":\"Lille acab\u00f3 con la hegemon\u00eda del PSG\"}]},{\"@type\":\"WebSite\",\"@id\":\"https:\/\/futbolhoy.co\/#website\",\"url\":\"https:\/\/futbolhoy.co\/\",\"name\":\"FutbolHoy\",\"description\":\"\",\"publisher\":{\"@id\":\"https:\/\/futbolhoy.co\/#organization\"},\"potentialAction\":[{\"@type\":\"SearchAction\",\"target\":{\"@type\":\"EntryPoint\",\"urlTemplate\":\"https:\/\/futbolhoy.co\/?s={search_term_string}\"},\"query-input\":{\"@type\":\"PropertyValueSpecification\",\"valueRequired\":true,\"valueName\":\"search_term_string\"}}],\"inLanguage\":\"es\"},{\"@type\":\"Organization\",\"@id\":\"https:\/\/futbolhoy.co\/#organization\",\"name\":\"Futbolhoy.co\",\"url\":\"https:\/\/futbolhoy.co\/\",\"logo\":{\"@type\":\"ImageObject\",\"inLanguage\":\"es\",\"@id\":\"https:\/\/futbolhoy.co\/#\/schema\/logo\/image\/\",\"url\":\"https:\/\/futbolhoy.co\/wp-content\/uploads\/2018\/08\/17426380_1906371736249227_6326180412931521141_n.jpg\",\"contentUrl\":\"https:\/\/futbolhoy.co\/wp-content\/uploads\/2018\/08\/17426380_1906371736249227_6326180412931521141_n.jpg\",\"width\":960,\"height\":960,\"caption\":\"Futbolhoy.co\"},\"image\":{\"@id\":\"https:\/\/futbolhoy.co\/#\/schema\/logo\/image\/\"},\"sameAs\":[\"https:\/\/www.facebook.com\/FutbolHoyCol\/\",\"https:\/\/x.com\/FutbolHoyCol\",\"https:\/\/www.instagram.com\/futbolhoycol\/\"]},{\"@type\":\"Person\",\"@id\":\"https:\/\/futbolhoy.co\/#\/schema\/person\/c4a353a512b127643723a34bb1812f7d\",\"name\":\"Laura Hern\u00e1ndez\",\"image\":{\"@type\":\"ImageObject\",\"inLanguage\":\"es\",\"@id\":\"https:\/\/futbolhoy.co\/#\/schema\/person\/image\/\",\"url\":\"https:\/\/secure.gravatar.com\/avatar\/d25959a15b9b293a743f99181c7cfd01?s=96&d=mm&r=g\",\"contentUrl\":\"https:\/\/secure.gravatar.com\/avatar\/d25959a15b9b293a743f99181c7cfd01?s=96&d=mm&r=g\",\"caption\":\"Laura Hern\u00e1ndez\"}}]}<\/script>\n<!-- \/ Yoast SEO plugin. -->","yoast_head_json":{"title":"Lille acab\u00f3 con la hegemon\u00eda del PSG -","robots":{"index":"index","follow":"follow","max-snippet":"max-snippet:-1","max-image-preview":"max-image-preview:large","max-video-preview":"max-video-preview:-1"},"canonical":"https:\/\/futbolhoy.co\/index.php\/2021\/05\/23\/lille-acabo-con-la-hegemonia-del-psg\/","og_locale":"es_ES","og_type":"article","og_title":"Lille acab\u00f3 con la hegemon\u00eda del PSG -","og_description":"El Lille logr\u00f3 su quinto t\u00edtulo de Liga de Francia luego de vencer 1-2 al Angers y desbanc\u00f3 del lugar de honor al Par\u00eds Saint Germain, que llevaba tres coronas al hilo. Los goles del nuevo campe\u00f3n franc\u00e9s fueron marcados por Jonathan David (10') y el turco Burak Yilmaz de penalti (45'+1). Por su parte, [&hellip;]","og_url":"https:\/\/futbolhoy.co\/index.php\/2021\/05\/23\/lille-acabo-con-la-hegemonia-del-psg\/","article_publisher":"https:\/\/www.facebook.com\/FutbolHoyCol\/","article_published_time":"2021-05-23T21:08:02+00:00","article_modified_time":"2021-05-24T14:26:18+00:00","og_image":[{"width":1024,"height":670,"url":"https:\/\/futbolhoy.co\/wp-content\/uploads\/2021\/05\/Lille-1024x670.png","type":"image\/png"}],"author":"Laura Hern\u00e1ndez","twitter_card":"summary_large_image","twitter_creator":"@FutbolHoyCol","twitter_site":"@FutbolHoyCol","twitter_misc":{"Escrito por":"Laura Hern\u00e1ndez","Tiempo de lectura":"1 minuto"},"schema":{"@context":"https:\/\/schema.org","@graph":[{"@type":"Article","@id":"https:\/\/futbolhoy.co\/index.php\/2021\/05\/23\/lille-acabo-con-la-hegemonia-del-psg\/#article","isPartOf":{"@id":"https:\/\/futbolhoy.co\/index.php\/2021\/05\/23\/lille-acabo-con-la-hegemonia-del-psg\/"},"author":{"name":"Laura Hern\u00e1ndez","@id":"https:\/\/futbolhoy.co\/#\/schema\/person\/c4a353a512b127643723a34bb1812f7d"},"headline":"Lille acab\u00f3 con la hegemon\u00eda del PSG","datePublished":"2021-05-23T21:08:02+00:00","dateModified":"2021-05-24T14:26:18+00:00","mainEntityOfPage":{"@id":"https:\/\/futbolhoy.co\/index.php\/2021\/05\/23\/lille-acabo-con-la-hegemonia-del-psg\/"},"wordCount":142,"commentCount":0,"publisher":{"@id":"https:\/\/futbolhoy.co\/#organization"},"image":{"@id":"https:\/\/futbolhoy.co\/index.php\/2021\/05\/23\/lille-acabo-con-la-hegemonia-del-psg\/#primaryimage"},"thumbnailUrl":"https:\/\/futbolhoy.co\/wp-content\/uploads\/2021\/05\/Lille.png","keywords":["Lille"],"articleSection":["Mundo Futbol"],"inLanguage":"es","potentialAction":[{"@type":"CommentAction","name":"Comment","target":["https:\/\/futbolhoy.co\/index.php\/2021\/05\/23\/lille-acabo-con-la-hegemonia-del-psg\/#respond"]}]},{"@type":"WebPage","@id":"https:\/\/futbolhoy.co\/index.php\/2021\/05\/23\/lille-acabo-con-la-hegemonia-del-psg\/","url":"https:\/\/futbolhoy.co\/index.php\/2021\/05\/23\/lille-acabo-con-la-hegemonia-del-psg\/","name":"Lille acab\u00f3 con la hegemon\u00eda del PSG -","isPartOf":{"@id":"https:\/\/futbolhoy.co\/#website"},"primaryImageOfPage":{"@id":"https:\/\/futbolhoy.co\/index.php\/2021\/05\/23\/lille-acabo-con-la-hegemonia-del-psg\/#primaryimage"},"image":{"@id":"https:\/\/futbolhoy.co\/index.php\/2021\/05\/23\/lille-acabo-con-la-hegemonia-del-psg\/#primaryimage"},"thumbnailUrl":"https:\/\/futbolhoy.co\/wp-content\/uploads\/2021\/05\/Lille.png","datePublished":"2021-05-23T21:08:02+00:00","dateModified":"2021-05-24T14:26:18+00:00","breadcrumb":{"@id":"https:\/\/futbolhoy.co\/index.php\/2021\/05\/23\/lille-acabo-con-la-hegemonia-del-psg\/#breadcrumb"},"inLanguage":"es","potentialAction":[{"@type":"ReadAction","target":["https:\/\/futbolhoy.co\/index.php\/2021\/05\/23\/lille-acabo-con-la-hegemonia-del-psg\/"]}]},{"@type":"ImageObject","inLanguage":"es","@id":"https:\/\/futbolhoy.co\/index.php\/2021\/05\/23\/lille-acabo-con-la-hegemonia-del-psg\/#primaryimage","url":"https:\/\/futbolhoy.co\/wp-content\/uploads\/2021\/05\/Lille.png","contentUrl":"https:\/\/futbolhoy.co\/wp-content\/uploads\/2021\/05\/Lille.png","width":1121,"height":734},{"@type":"BreadcrumbList","@id":"https:\/\/futbolhoy.co\/index.php\/2021\/05\/23\/lille-acabo-con-la-hegemonia-del-psg\/#breadcrumb","itemListElement":[{"@type":"ListItem","position":1,"name":"Portada","item":"https:\/\/futbolhoy.co\/"},{"@type":"ListItem","position":2,"name":"Lille acab\u00f3 con la hegemon\u00eda del PSG"}]},{"@type":"WebSite","@id":"https:\/\/futbolhoy.co\/#website","url":"https:\/\/futbolhoy.co\/","name":"FutbolHoy","description":"","publisher":{"@id":"https:\/\/futbolhoy.co\/#organization"},"potentialAction":[{"@type":"SearchAction","target":{"@type":"EntryPoint","urlTemplate":"https:\/\/futbolhoy.co\/?s={search_term_string}"},"query-input":{"@type":"PropertyValueSpecification","valueRequired":true,"valueName":"search_term_string"}}],"inLanguage":"es"},{"@type":"Organization","@id":"https:\/\/futbolhoy.co\/#organization","name":"Futbolhoy.co","url":"https:\/\/futbolhoy.co\/","logo":{"@type":"ImageObject","inLanguage":"es","@id":"https:\/\/futbolhoy.co\/#\/schema\/logo\/image\/","url":"https:\/\/futbolhoy.co\/wp-content\/uploads\/2018\/08\/17426380_1906371736249227_6326180412931521141_n.jpg","contentUrl":"https:\/\/futbolhoy.co\/wp-content\/uploads\/2018\/08\/17426380_1906371736249227_6326180412931521141_n.jpg","width":960,"height":960,"caption":"Futbolhoy.co"},"image":{"@id":"https:\/\/futbolhoy.co\/#\/schema\/logo\/image\/"},"sameAs":["https:\/\/www.facebook.com\/FutbolHoyCol\/","https:\/\/x.com\/FutbolHoyCol","https:\/\/www.instagram.com\/futbolhoycol\/"]},{"@type":"Person","@id":"https:\/\/futbolhoy.co\/#\/schema\/person\/c4a353a512b127643723a34bb1812f7d","name":"Laura Hern\u00e1ndez","image":{"@type":"ImageObject","inLanguage":"es","@id":"https:\/\/futbolhoy.co\/#\/schema\/person\/image\/","url":"https:\/\/secure.gravatar.com\/avatar\/d25959a15b9b293a743f99181c7cfd01?s=96&d=mm&r=g","contentUrl":"https:\/\/secure.gravatar.com\/avatar\/d25959a15b9b293a743f99181c7cfd01?s=96&d=mm&r=g","caption":"Laura Hern\u00e1ndez"}}]}},"publishpress_future_action":{"enabled":false,"date":"2026-05-04 00:54:10","action":"change-status","newStatus":"draft","terms":[],"taxonomy":"category","extraData":[]},"publishpress_future_workflow_manual_trigger":{"enabledWorkflows":[]},"_links":{"self":[{"href":"https:\/\/futbolhoy.co\/index.php\/wp-json\/wp\/v2\/posts\/65098","targetHints":{"allow":["GET"]}}],"collection":[{"href":"https:\/\/futbolhoy.co\/index.php\/wp-json\/wp\/v2\/posts"}],"about":[{"href":"https:\/\/futbolhoy.co\/index.php\/wp-json\/wp\/v2\/types\/post"}],"author":[{"embeddable":true,"href":"https:\/\/futbolhoy.co\/index.php\/wp-json\/wp\/v2\/users\/5"}],"replies":[{"embeddable":true,"href":"https:\/\/futbolhoy.co\/index.php\/wp-json\/wp\/v2\/comments?post=65098"}],"version-history":[{"count":1,"href":"https:\/\/futbolhoy.co\/index.php\/wp-json\/wp\/v2\/posts\/65098\/revisions"}],"predecessor-version":[{"id":65101,"href":"https:\/\/futbolhoy.co\/index.php\/wp-json\/wp\/v2\/posts\/65098\/revisions\/65101"}],"wp:featuredmedia":[{"embeddable":true,"href":"https:\/\/futbolhoy.co\/index.php\/wp-json\/wp\/v2\/media\/65100"}],"wp:attachment":[{"href":"https:\/\/futbolhoy.co\/index.php\/wp-json\/wp\/v2\/media?parent=65098"}],"wp:term":[{"taxonomy":"category","embeddable":true,"href":"https:\/\/futbolhoy.co\/index.php\/wp-json\/wp\/v2\/categories?post=65098"},{"taxonomy":"post_tag","embeddable":true,"href":"https:\/\/futbolhoy.co\/index.php\/wp-json\/wp\/v2\/tags?post=65098"}],"curies":[{"name":"wp","href":"https:\/\/api.w.org\/{rel}","templated":true}]}}