{"id":65105,"date":"2021-05-24T08:00:03","date_gmt":"2021-05-24T13:00:03","guid":{"rendered":"https:\/\/futbolhoy.co\/?p=65105"},"modified":"2021-05-24T19:01:18","modified_gmt":"2021-05-25T00:01:18","slug":"aguero-cerca-del-barca","status":"publish","type":"post","link":"https:\/\/futbolhoy.co\/index.php\/2021\/05\/24\/aguero-cerca-del-barca\/","title":{"rendered":"Ag\u00fcero, cerca del 'Bar\u00e7a'"},"content":{"rendered":"<!--[if lt IE 9]><script>document.createElement('audio');<\/script><![endif]-->\n<audio class=\"wp-audio-shortcode\" id=\"audio-65105-1\" preload=\"none\" style=\"width: 100%;\" controls=\"controls\"><source type=\"audio\/mpeg\" src=\"https:\/\/futbolhoy.co\/wp-content\/uploads\/2021\/05\/GUARDIOLA-EN-BBC.mp3?_=1\" \/><a href=\"https:\/\/futbolhoy.co\/wp-content\/uploads\/2021\/05\/GUARDIOLA-EN-BBC.mp3\">https:\/\/futbolhoy.co\/wp-content\/uploads\/2021\/05\/GUARDIOLA-EN-BBC.mp3<\/a><\/audio>\n<p>(Pep Guardiola en entrevista con la BBC)<\/p>\n<p style=\"text-align: justify;\"><span style=\"font-family: helvetica, arial, sans-serif;\">El argentino <strong>Sergio Ag\u00fcero<\/strong> est\u00e1 cerca de cerrar su vinculaci\u00f3n al <strong>Barcelona<\/strong> para jugar con su amigo <strong>Lionel Messi,<\/strong> revel\u00f3 su t\u00e9cnico en el <strong>Manchester City, Pep Guardiola.<\/strong><\/span><\/p>\n<p style=\"text-align: justify;\"><span style=\"font-family: helvetica, arial, sans-serif;\">\u201cQuiz\u00e1s revelo un secreto, quiz\u00e1s est\u00e9 cerca de llegar a un acuerdo con el club de mi coraz\u00f3n, el Barcelona. Va a jugar junto al mejor, <strong>Leo Messi.<\/strong> Estoy seguro de que va a disfrutar y a hacer m\u00e1s fuerte a mi Bar\u00e7a\", dijo Guardiola en entrevista con la <em>BBC<\/em> de <strong>Londres.<\/strong><\/span><\/p>\n<p style=\"text-align: justify;\"><span style=\"font-family: helvetica, arial, sans-serif;\">El \u2018Kun\u2019, que abandonar\u00e1 el equipo ingl\u00e9s tras disputar el pr\u00f3ximo s\u00e1bado la final de la<strong> Liga de Campeones<\/strong> contra el <strong>Chelsea<\/strong> en <strong>Oporto<\/strong>, jug\u00f3 este fin de semana su \u00faltimo partido en la <strong>Liga Premier<\/strong> frente al<strong> Everton<\/strong>, donde marc\u00f3 dos goles.<\/span><\/p>\n<p style=\"text-align: justify;\"><span style=\"font-family: helvetica, arial, sans-serif;\">El delantero marc\u00f3 184 goles durante 10 a\u00f1os con Manchester City.<\/span><\/p>\n","protected":false},"excerpt":{"rendered":"<p>(Pep Guardiola en entrevista con la BBC) El argentino Sergio Ag\u00fcero est\u00e1 cerca de cerrar su vinculaci\u00f3n al Barcelona para jugar con su amigo Lionel Messi, revel\u00f3 su t\u00e9cnico en el Manchester City, Pep Guardiola. \u201cQuiz\u00e1s revelo un secreto, quiz\u00e1s est\u00e9 cerca de llegar a un acuerdo con el club de mi coraz\u00f3n, el Barcelona. [&hellip;]<\/p>\n","protected":false},"author":5,"featured_media":65107,"comment_status":"open","ping_status":"open","sticky":false,"template":"","format":"video","meta":{"_acf_changed":false,"footnotes":""},"categories":[152],"tags":[722,271],"class_list":{"0":"post-65105","1":"post","2":"type-post","3":"status-publish","4":"format-video","5":"has-post-thumbnail","7":"category-mundo-futbol","8":"tag-barcelona","9":"tag-sergio-aguero","10":"post_format-post-format-video"},"acf":[],"yoast_head":"<!-- This site is optimized with the Yoast SEO plugin v26.8 - https:\/\/yoast.com\/product\/yoast-seo-wordpress\/ -->\n<title>Ag\u00fcero, cerca del &#039;Bar\u00e7a&#039; -<\/title>\n<meta name=\"robots\" content=\"index, follow, max-snippet:-1, max-image-preview:large, max-video-preview:-1\" \/>\n<link rel=\"canonical\" href=\"https:\/\/futbolhoy.co\/index.php\/2021\/05\/24\/aguero-cerca-del-barca\/\" \/>\n<meta property=\"og:locale\" content=\"es_ES\" \/>\n<meta property=\"og:type\" content=\"article\" \/>\n<meta property=\"og:title\" content=\"Ag\u00fcero, cerca del &#039;Bar\u00e7a&#039; -\" \/>\n<meta property=\"og:description\" content=\"(Pep Guardiola en entrevista con la BBC) El argentino Sergio Ag\u00fcero est\u00e1 cerca de cerrar su vinculaci\u00f3n al Barcelona para jugar con su amigo Lionel Messi, revel\u00f3 su t\u00e9cnico en el Manchester City, Pep Guardiola. \u201cQuiz\u00e1s revelo un secreto, quiz\u00e1s est\u00e9 cerca de llegar a un acuerdo con el club de mi coraz\u00f3n, el Barcelona. [&hellip;]\" \/>\n<meta property=\"og:url\" content=\"https:\/\/futbolhoy.co\/index.php\/2021\/05\/24\/aguero-cerca-del-barca\/\" \/>\n<meta property=\"article:publisher\" content=\"https:\/\/www.facebook.com\/FutbolHoyCol\/\" \/>\n<meta property=\"article:published_time\" content=\"2021-05-24T13:00:03+00:00\" \/>\n<meta property=\"article:modified_time\" content=\"2021-05-25T00:01:18+00:00\" \/>\n<meta property=\"og:image\" content=\"https:\/\/futbolhoy.co\/wp-content\/uploads\/2021\/05\/E2I2n02WQAQWz4t.jpg\" \/>\n\t<meta property=\"og:image:width\" content=\"1500\" \/>\n\t<meta property=\"og:image:height\" content=\"1021\" \/>\n\t<meta property=\"og:image:type\" content=\"image\/jpeg\" \/>\n<meta name=\"author\" content=\"Laura Hern\u00e1ndez\" \/>\n<meta name=\"twitter:card\" content=\"summary_large_image\" \/>\n<meta name=\"twitter:creator\" content=\"@FutbolHoyCol\" \/>\n<meta name=\"twitter:site\" content=\"@FutbolHoyCol\" \/>\n<meta name=\"twitter:label1\" content=\"Escrito por\" \/>\n\t<meta name=\"twitter:data1\" content=\"Laura Hern\u00e1ndez\" \/>\n\t<meta name=\"twitter:label2\" content=\"Tiempo de lectura\" \/>\n\t<meta name=\"twitter:data2\" content=\"1 minuto\" \/>\n<script type=\"application\/ld+json\" class=\"yoast-schema-graph\">{\"@context\":\"https:\/\/schema.org\",\"@graph\":[{\"@type\":\"Article\",\"@id\":\"https:\/\/futbolhoy.co\/index.php\/2021\/05\/24\/aguero-cerca-del-barca\/#article\",\"isPartOf\":{\"@id\":\"https:\/\/futbolhoy.co\/index.php\/2021\/05\/24\/aguero-cerca-del-barca\/\"},\"author\":{\"name\":\"Laura Hern\u00e1ndez\",\"@id\":\"https:\/\/futbolhoy.co\/#\/schema\/person\/c4a353a512b127643723a34bb1812f7d\"},\"headline\":\"Ag\u00fcero, cerca del 'Bar\u00e7a'\",\"datePublished\":\"2021-05-24T13:00:03+00:00\",\"dateModified\":\"2021-05-25T00:01:18+00:00\",\"mainEntityOfPage\":{\"@id\":\"https:\/\/futbolhoy.co\/index.php\/2021\/05\/24\/aguero-cerca-del-barca\/\"},\"wordCount\":167,\"commentCount\":0,\"publisher\":{\"@id\":\"https:\/\/futbolhoy.co\/#organization\"},\"image\":{\"@id\":\"https:\/\/futbolhoy.co\/index.php\/2021\/05\/24\/aguero-cerca-del-barca\/#primaryimage\"},\"thumbnailUrl\":\"https:\/\/futbolhoy.co\/wp-content\/uploads\/2021\/05\/E2I2n02WQAQWz4t.jpg\",\"keywords\":[\"Barcelona\",\"Sergio Aguero\"],\"articleSection\":[\"Mundo Futbol\"],\"inLanguage\":\"es\",\"potentialAction\":[{\"@type\":\"CommentAction\",\"name\":\"Comment\",\"target\":[\"https:\/\/futbolhoy.co\/index.php\/2021\/05\/24\/aguero-cerca-del-barca\/#respond\"]}]},{\"@type\":\"WebPage\",\"@id\":\"https:\/\/futbolhoy.co\/index.php\/2021\/05\/24\/aguero-cerca-del-barca\/\",\"url\":\"https:\/\/futbolhoy.co\/index.php\/2021\/05\/24\/aguero-cerca-del-barca\/\",\"name\":\"Ag\u00fcero, cerca del 'Bar\u00e7a' -\",\"isPartOf\":{\"@id\":\"https:\/\/futbolhoy.co\/#website\"},\"primaryImageOfPage\":{\"@id\":\"https:\/\/futbolhoy.co\/index.php\/2021\/05\/24\/aguero-cerca-del-barca\/#primaryimage\"},\"image\":{\"@id\":\"https:\/\/futbolhoy.co\/index.php\/2021\/05\/24\/aguero-cerca-del-barca\/#primaryimage\"},\"thumbnailUrl\":\"https:\/\/futbolhoy.co\/wp-content\/uploads\/2021\/05\/E2I2n02WQAQWz4t.jpg\",\"datePublished\":\"2021-05-24T13:00:03+00:00\",\"dateModified\":\"2021-05-25T00:01:18+00:00\",\"breadcrumb\":{\"@id\":\"https:\/\/futbolhoy.co\/index.php\/2021\/05\/24\/aguero-cerca-del-barca\/#breadcrumb\"},\"inLanguage\":\"es\",\"potentialAction\":[{\"@type\":\"ReadAction\",\"target\":[\"https:\/\/futbolhoy.co\/index.php\/2021\/05\/24\/aguero-cerca-del-barca\/\"]}]},{\"@type\":\"ImageObject\",\"inLanguage\":\"es\",\"@id\":\"https:\/\/futbolhoy.co\/index.php\/2021\/05\/24\/aguero-cerca-del-barca\/#primaryimage\",\"url\":\"https:\/\/futbolhoy.co\/wp-content\/uploads\/2021\/05\/E2I2n02WQAQWz4t.jpg\",\"contentUrl\":\"https:\/\/futbolhoy.co\/wp-content\/uploads\/2021\/05\/E2I2n02WQAQWz4t.jpg\",\"width\":1500,\"height\":1021},{\"@type\":\"BreadcrumbList\",\"@id\":\"https:\/\/futbolhoy.co\/index.php\/2021\/05\/24\/aguero-cerca-del-barca\/#breadcrumb\",\"itemListElement\":[{\"@type\":\"ListItem\",\"position\":1,\"name\":\"Portada\",\"item\":\"https:\/\/futbolhoy.co\/\"},{\"@type\":\"ListItem\",\"position\":2,\"name\":\"Ag\u00fcero, cerca del &#8216;Bar\u00e7a&#8217;\"}]},{\"@type\":\"WebSite\",\"@id\":\"https:\/\/futbolhoy.co\/#website\",\"url\":\"https:\/\/futbolhoy.co\/\",\"name\":\"FutbolHoy\",\"description\":\"\",\"publisher\":{\"@id\":\"https:\/\/futbolhoy.co\/#organization\"},\"potentialAction\":[{\"@type\":\"SearchAction\",\"target\":{\"@type\":\"EntryPoint\",\"urlTemplate\":\"https:\/\/futbolhoy.co\/?s={search_term_string}\"},\"query-input\":{\"@type\":\"PropertyValueSpecification\",\"valueRequired\":true,\"valueName\":\"search_term_string\"}}],\"inLanguage\":\"es\"},{\"@type\":\"Organization\",\"@id\":\"https:\/\/futbolhoy.co\/#organization\",\"name\":\"Futbolhoy.co\",\"url\":\"https:\/\/futbolhoy.co\/\",\"logo\":{\"@type\":\"ImageObject\",\"inLanguage\":\"es\",\"@id\":\"https:\/\/futbolhoy.co\/#\/schema\/logo\/image\/\",\"url\":\"https:\/\/futbolhoy.co\/wp-content\/uploads\/2018\/08\/17426380_1906371736249227_6326180412931521141_n.jpg\",\"contentUrl\":\"https:\/\/futbolhoy.co\/wp-content\/uploads\/2018\/08\/17426380_1906371736249227_6326180412931521141_n.jpg\",\"width\":960,\"height\":960,\"caption\":\"Futbolhoy.co\"},\"image\":{\"@id\":\"https:\/\/futbolhoy.co\/#\/schema\/logo\/image\/\"},\"sameAs\":[\"https:\/\/www.facebook.com\/FutbolHoyCol\/\",\"https:\/\/x.com\/FutbolHoyCol\",\"https:\/\/www.instagram.com\/futbolhoycol\/\"]},{\"@type\":\"Person\",\"@id\":\"https:\/\/futbolhoy.co\/#\/schema\/person\/c4a353a512b127643723a34bb1812f7d\",\"name\":\"Laura Hern\u00e1ndez\",\"image\":{\"@type\":\"ImageObject\",\"inLanguage\":\"es\",\"@id\":\"https:\/\/futbolhoy.co\/#\/schema\/person\/image\/\",\"url\":\"https:\/\/secure.gravatar.com\/avatar\/d25959a15b9b293a743f99181c7cfd01?s=96&d=mm&r=g\",\"contentUrl\":\"https:\/\/secure.gravatar.com\/avatar\/d25959a15b9b293a743f99181c7cfd01?s=96&d=mm&r=g\",\"caption\":\"Laura Hern\u00e1ndez\"}}]}<\/script>\n<!-- \/ Yoast SEO plugin. -->","yoast_head_json":{"title":"Ag\u00fcero, cerca del 'Bar\u00e7a' -","robots":{"index":"index","follow":"follow","max-snippet":"max-snippet:-1","max-image-preview":"max-image-preview:large","max-video-preview":"max-video-preview:-1"},"canonical":"https:\/\/futbolhoy.co\/index.php\/2021\/05\/24\/aguero-cerca-del-barca\/","og_locale":"es_ES","og_type":"article","og_title":"Ag\u00fcero, cerca del 'Bar\u00e7a' -","og_description":"(Pep Guardiola en entrevista con la BBC) El argentino Sergio Ag\u00fcero est\u00e1 cerca de cerrar su vinculaci\u00f3n al Barcelona para jugar con su amigo Lionel Messi, revel\u00f3 su t\u00e9cnico en el Manchester City, Pep Guardiola. \u201cQuiz\u00e1s revelo un secreto, quiz\u00e1s est\u00e9 cerca de llegar a un acuerdo con el club de mi coraz\u00f3n, el Barcelona. [&hellip;]","og_url":"https:\/\/futbolhoy.co\/index.php\/2021\/05\/24\/aguero-cerca-del-barca\/","article_publisher":"https:\/\/www.facebook.com\/FutbolHoyCol\/","article_published_time":"2021-05-24T13:00:03+00:00","article_modified_time":"2021-05-25T00:01:18+00:00","og_image":[{"width":1500,"height":1021,"url":"https:\/\/futbolhoy.co\/wp-content\/uploads\/2021\/05\/E2I2n02WQAQWz4t.jpg","type":"image\/jpeg"}],"author":"Laura Hern\u00e1ndez","twitter_card":"summary_large_image","twitter_creator":"@FutbolHoyCol","twitter_site":"@FutbolHoyCol","twitter_misc":{"Escrito por":"Laura Hern\u00e1ndez","Tiempo de lectura":"1 minuto"},"schema":{"@context":"https:\/\/schema.org","@graph":[{"@type":"Article","@id":"https:\/\/futbolhoy.co\/index.php\/2021\/05\/24\/aguero-cerca-del-barca\/#article","isPartOf":{"@id":"https:\/\/futbolhoy.co\/index.php\/2021\/05\/24\/aguero-cerca-del-barca\/"},"author":{"name":"Laura Hern\u00e1ndez","@id":"https:\/\/futbolhoy.co\/#\/schema\/person\/c4a353a512b127643723a34bb1812f7d"},"headline":"Ag\u00fcero, cerca del 'Bar\u00e7a'","datePublished":"2021-05-24T13:00:03+00:00","dateModified":"2021-05-25T00:01:18+00:00","mainEntityOfPage":{"@id":"https:\/\/futbolhoy.co\/index.php\/2021\/05\/24\/aguero-cerca-del-barca\/"},"wordCount":167,"commentCount":0,"publisher":{"@id":"https:\/\/futbolhoy.co\/#organization"},"image":{"@id":"https:\/\/futbolhoy.co\/index.php\/2021\/05\/24\/aguero-cerca-del-barca\/#primaryimage"},"thumbnailUrl":"https:\/\/futbolhoy.co\/wp-content\/uploads\/2021\/05\/E2I2n02WQAQWz4t.jpg","keywords":["Barcelona","Sergio Aguero"],"articleSection":["Mundo Futbol"],"inLanguage":"es","potentialAction":[{"@type":"CommentAction","name":"Comment","target":["https:\/\/futbolhoy.co\/index.php\/2021\/05\/24\/aguero-cerca-del-barca\/#respond"]}]},{"@type":"WebPage","@id":"https:\/\/futbolhoy.co\/index.php\/2021\/05\/24\/aguero-cerca-del-barca\/","url":"https:\/\/futbolhoy.co\/index.php\/2021\/05\/24\/aguero-cerca-del-barca\/","name":"Ag\u00fcero, cerca del 'Bar\u00e7a' -","isPartOf":{"@id":"https:\/\/futbolhoy.co\/#website"},"primaryImageOfPage":{"@id":"https:\/\/futbolhoy.co\/index.php\/2021\/05\/24\/aguero-cerca-del-barca\/#primaryimage"},"image":{"@id":"https:\/\/futbolhoy.co\/index.php\/2021\/05\/24\/aguero-cerca-del-barca\/#primaryimage"},"thumbnailUrl":"https:\/\/futbolhoy.co\/wp-content\/uploads\/2021\/05\/E2I2n02WQAQWz4t.jpg","datePublished":"2021-05-24T13:00:03+00:00","dateModified":"2021-05-25T00:01:18+00:00","breadcrumb":{"@id":"https:\/\/futbolhoy.co\/index.php\/2021\/05\/24\/aguero-cerca-del-barca\/#breadcrumb"},"inLanguage":"es","potentialAction":[{"@type":"ReadAction","target":["https:\/\/futbolhoy.co\/index.php\/2021\/05\/24\/aguero-cerca-del-barca\/"]}]},{"@type":"ImageObject","inLanguage":"es","@id":"https:\/\/futbolhoy.co\/index.php\/2021\/05\/24\/aguero-cerca-del-barca\/#primaryimage","url":"https:\/\/futbolhoy.co\/wp-content\/uploads\/2021\/05\/E2I2n02WQAQWz4t.jpg","contentUrl":"https:\/\/futbolhoy.co\/wp-content\/uploads\/2021\/05\/E2I2n02WQAQWz4t.jpg","width":1500,"height":1021},{"@type":"BreadcrumbList","@id":"https:\/\/futbolhoy.co\/index.php\/2021\/05\/24\/aguero-cerca-del-barca\/#breadcrumb","itemListElement":[{"@type":"ListItem","position":1,"name":"Portada","item":"https:\/\/futbolhoy.co\/"},{"@type":"ListItem","position":2,"name":"Ag\u00fcero, cerca del &#8216;Bar\u00e7a&#8217;"}]},{"@type":"WebSite","@id":"https:\/\/futbolhoy.co\/#website","url":"https:\/\/futbolhoy.co\/","name":"FutbolHoy","description":"","publisher":{"@id":"https:\/\/futbolhoy.co\/#organization"},"potentialAction":[{"@type":"SearchAction","target":{"@type":"EntryPoint","urlTemplate":"https:\/\/futbolhoy.co\/?s={search_term_string}"},"query-input":{"@type":"PropertyValueSpecification","valueRequired":true,"valueName":"search_term_string"}}],"inLanguage":"es"},{"@type":"Organization","@id":"https:\/\/futbolhoy.co\/#organization","name":"Futbolhoy.co","url":"https:\/\/futbolhoy.co\/","logo":{"@type":"ImageObject","inLanguage":"es","@id":"https:\/\/futbolhoy.co\/#\/schema\/logo\/image\/","url":"https:\/\/futbolhoy.co\/wp-content\/uploads\/2018\/08\/17426380_1906371736249227_6326180412931521141_n.jpg","contentUrl":"https:\/\/futbolhoy.co\/wp-content\/uploads\/2018\/08\/17426380_1906371736249227_6326180412931521141_n.jpg","width":960,"height":960,"caption":"Futbolhoy.co"},"image":{"@id":"https:\/\/futbolhoy.co\/#\/schema\/logo\/image\/"},"sameAs":["https:\/\/www.facebook.com\/FutbolHoyCol\/","https:\/\/x.com\/FutbolHoyCol","https:\/\/www.instagram.com\/futbolhoycol\/"]},{"@type":"Person","@id":"https:\/\/futbolhoy.co\/#\/schema\/person\/c4a353a512b127643723a34bb1812f7d","name":"Laura Hern\u00e1ndez","image":{"@type":"ImageObject","inLanguage":"es","@id":"https:\/\/futbolhoy.co\/#\/schema\/person\/image\/","url":"https:\/\/secure.gravatar.com\/avatar\/d25959a15b9b293a743f99181c7cfd01?s=96&d=mm&r=g","contentUrl":"https:\/\/secure.gravatar.com\/avatar\/d25959a15b9b293a743f99181c7cfd01?s=96&d=mm&r=g","caption":"Laura Hern\u00e1ndez"}}]}},"publishpress_future_action":{"enabled":false,"date":"2026-05-04 05:02:56","action":"change-status","newStatus":"draft","terms":[],"taxonomy":"category","extraData":[]},"publishpress_future_workflow_manual_trigger":{"enabledWorkflows":[]},"_links":{"self":[{"href":"https:\/\/futbolhoy.co\/index.php\/wp-json\/wp\/v2\/posts\/65105","targetHints":{"allow":["GET"]}}],"collection":[{"href":"https:\/\/futbolhoy.co\/index.php\/wp-json\/wp\/v2\/posts"}],"about":[{"href":"https:\/\/futbolhoy.co\/index.php\/wp-json\/wp\/v2\/types\/post"}],"author":[{"embeddable":true,"href":"https:\/\/futbolhoy.co\/index.php\/wp-json\/wp\/v2\/users\/5"}],"replies":[{"embeddable":true,"href":"https:\/\/futbolhoy.co\/index.php\/wp-json\/wp\/v2\/comments?post=65105"}],"version-history":[{"count":2,"href":"https:\/\/futbolhoy.co\/index.php\/wp-json\/wp\/v2\/posts\/65105\/revisions"}],"predecessor-version":[{"id":65149,"href":"https:\/\/futbolhoy.co\/index.php\/wp-json\/wp\/v2\/posts\/65105\/revisions\/65149"}],"wp:featuredmedia":[{"embeddable":true,"href":"https:\/\/futbolhoy.co\/index.php\/wp-json\/wp\/v2\/media\/65107"}],"wp:attachment":[{"href":"https:\/\/futbolhoy.co\/index.php\/wp-json\/wp\/v2\/media?parent=65105"}],"wp:term":[{"taxonomy":"category","embeddable":true,"href":"https:\/\/futbolhoy.co\/index.php\/wp-json\/wp\/v2\/categories?post=65105"},{"taxonomy":"post_tag","embeddable":true,"href":"https:\/\/futbolhoy.co\/index.php\/wp-json\/wp\/v2\/tags?post=65105"}],"curies":[{"name":"wp","href":"https:\/\/api.w.org\/{rel}","templated":true}]}}