{"id":65109,"date":"2021-05-24T09:05:25","date_gmt":"2021-05-24T14:05:25","guid":{"rendered":"https:\/\/futbolhoy.co\/?p=65109"},"modified":"2021-05-25T08:06:15","modified_gmt":"2021-05-25T13:06:15","slug":"sergio-ramos-se-pierde-la-eurocopa","status":"publish","type":"post","link":"https:\/\/futbolhoy.co\/index.php\/2021\/05\/24\/sergio-ramos-se-pierde-la-eurocopa\/","title":{"rendered":"Sergio Ramos se pierde la Eurocopa"},"content":{"rendered":"<p style=\"text-align: justify;\"><span style=\"font-family: helvetica, arial, sans-serif;\">El seleccionador <strong>Luis Enrique Mart\u00ednez<\/strong>\u00a0dej\u00f3 al capit\u00e1n de<strong>l Real Madrid, Sergio Ramos,<\/strong> fuera de la lista para la <strong>Eurocopa<\/strong> de 2020, donde la principal novedad fue el llamado del defensa <strong>Aymeric Laporte.<\/strong><\/span><\/p>\n<p style=\"text-align: justify;\"><span style=\"font-family: helvetica, arial, sans-serif;\">\"He decidido que no est\u00e9 en esta lista porque no ha podido competir esta temporada, especialmente desde enero\", dijo el entrenador tras anunciar los convocados.<\/span><\/p>\n<p style=\"text-align: justify;\"><span style=\"font-family: helvetica, arial, sans-serif;\">Esta citaci\u00f3n pasar\u00e1 a la historia, al convertirse en la primera que no aparece ning\u00fan jugador del Real Madrid.<\/span><\/p>\n<p style=\"text-align: justify;\"><span style=\"font-family: helvetica, arial, sans-serif;\">Los problemas f\u00edsicos sufridos por Ramos y<strong> Dani Carvajal,<\/strong> generaron esta situaci\u00f3n. Tampoco lleg\u00f3 a tiempo, con falta de regularidad y continuidad, <strong>Marco Asensio.<\/strong><\/span><\/p>\n<p style=\"text-align: justify;\"><span style=\"font-family: helvetica, arial, sans-serif;\">Entretanto, Laporte que recibi\u00f3 la nacionalidad espa\u00f1ola a principios de mayo, a petici\u00f3n de la Federaci\u00f3n Espa\u00f1ola, hacia previsible su llamado.<\/span><\/p>\n<p style=\"text-align: justify;\"><strong><span style=\"font-family: helvetica, arial, sans-serif;\">Los convocados son:<\/span><\/strong><\/p>\n<p style=\"text-align: justify;\"><span style=\"font-family: helvetica, arial, sans-serif;\"><strong>Porteros:<\/strong> David De Gea (Manchester United\/ING), Unai Sim\u00f3n (Athletic de Bilbao), Robert S\u00e1nchez (Brighton\/ING)<\/span><\/p>\n<p style=\"text-align: justify;\"><span style=\"font-family: helvetica, arial, sans-serif;\"><strong>Defensas:<\/strong> Jos\u00e9 Gay\u00e1 (Valencia), Eric Garc\u00eda, Aymeric Laporte (Manchester City\/ING), Jordi Alba (Barcelona), Diego Llorente (Leeds\/ING), Marcos LLorente (Atl\u00e9tico de Madrid), C\u00e9sar Azpilicueta (Chelsea\/ING)<\/span><\/p>\n<p style=\"text-align: justify;\"><span style=\"font-family: helvetica, arial, sans-serif;\"><strong>Volantes:<\/strong> Fabi\u00e1n Ruiz (N\u00e1poles\/ITA), Pedri, Sergio Busquets (Barcelona), Rodri Hern\u00e1ndez (Manchester City\/ING), Koke, Marcos Llorente (Atl\u00e9tico de Madrid), Thiago Alc\u00e1ntara (Liverpool\/ING).<\/span><\/p>\n<p style=\"text-align: justify;\"><span style=\"font-family: helvetica, arial, sans-serif;\"><strong>Delanteros:<\/strong> Dani Olmo (Leipzig\/ALE), Mikel Oyarzabal (Real Sociedad), Ferr\u00e1n Torres (Manchester City\/ING), Gerard Moreno (Villarreal), \u00c1lvaro Morata (Juventus\/ITA), Adama Traor\u00e9 (Wolverhampton\/ING) y Pablo Sarabia (PSG\/FRA).<\/span><\/p>\n","protected":false},"excerpt":{"rendered":"<p>El seleccionador Luis Enrique Mart\u00ednez\u00a0dej\u00f3 al capit\u00e1n del Real Madrid, Sergio Ramos, fuera de la lista para la Eurocopa de 2020, donde la principal novedad fue el llamado del defensa Aymeric Laporte. \"He decidido que no est\u00e9 en esta lista porque no ha podido competir esta temporada, especialmente desde enero\", dijo el entrenador tras anunciar [&hellip;]<\/p>\n","protected":false},"author":5,"featured_media":65110,"comment_status":"open","ping_status":"open","sticky":false,"template":"","format":"standard","meta":{"_acf_changed":false,"footnotes":""},"categories":[152],"tags":[304,419],"class_list":{"0":"post-65109","1":"post","2":"type-post","3":"status-publish","4":"format-standard","5":"has-post-thumbnail","8":"tag-espana","9":"tag-sergio-ramos"},"acf":[],"yoast_head":"<!-- This site is optimized with the Yoast SEO plugin v26.8 - https:\/\/yoast.com\/product\/yoast-seo-wordpress\/ -->\n<title>Sergio Ramos se pierde la Eurocopa -<\/title>\n<meta name=\"robots\" content=\"index, follow, max-snippet:-1, max-image-preview:large, max-video-preview:-1\" \/>\n<link rel=\"canonical\" href=\"https:\/\/futbolhoy.co\/index.php\/2021\/05\/24\/sergio-ramos-se-pierde-la-eurocopa\/\" \/>\n<meta property=\"og:locale\" content=\"es_ES\" \/>\n<meta property=\"og:type\" content=\"article\" \/>\n<meta property=\"og:title\" content=\"Sergio Ramos se pierde la Eurocopa -\" \/>\n<meta property=\"og:description\" content=\"El seleccionador Luis Enrique Mart\u00ednez\u00a0dej\u00f3 al capit\u00e1n del Real Madrid, Sergio Ramos, fuera de la lista para la Eurocopa de 2020, donde la principal novedad fue el llamado del defensa Aymeric Laporte. &quot;He decidido que no est\u00e9 en esta lista porque no ha podido competir esta temporada, especialmente desde enero&quot;, dijo el entrenador tras anunciar [&hellip;]\" \/>\n<meta property=\"og:url\" content=\"https:\/\/futbolhoy.co\/index.php\/2021\/05\/24\/sergio-ramos-se-pierde-la-eurocopa\/\" \/>\n<meta property=\"article:publisher\" content=\"https:\/\/www.facebook.com\/FutbolHoyCol\/\" \/>\n<meta property=\"article:published_time\" content=\"2021-05-24T14:05:25+00:00\" \/>\n<meta property=\"article:modified_time\" content=\"2021-05-25T13:06:15+00:00\" \/>\n<meta property=\"og:image\" content=\"https:\/\/futbolhoy.co\/wp-content\/uploads\/2021\/05\/E2JVu3fXEAAKiKE.jpg\" \/>\n\t<meta property=\"og:image:width\" content=\"1600\" \/>\n\t<meta property=\"og:image:height\" content=\"900\" \/>\n\t<meta property=\"og:image:type\" content=\"image\/jpeg\" \/>\n<meta name=\"author\" content=\"Laura Hern\u00e1ndez\" \/>\n<meta name=\"twitter:card\" content=\"summary_large_image\" \/>\n<meta name=\"twitter:creator\" content=\"@FutbolHoyCol\" \/>\n<meta name=\"twitter:site\" content=\"@FutbolHoyCol\" \/>\n<meta name=\"twitter:label1\" content=\"Escrito por\" \/>\n\t<meta name=\"twitter:data1\" content=\"Laura Hern\u00e1ndez\" \/>\n\t<meta name=\"twitter:label2\" content=\"Tiempo de lectura\" \/>\n\t<meta name=\"twitter:data2\" content=\"1 minuto\" \/>\n<script type=\"application\/ld+json\" class=\"yoast-schema-graph\">{\"@context\":\"https:\/\/schema.org\",\"@graph\":[{\"@type\":\"Article\",\"@id\":\"https:\/\/futbolhoy.co\/index.php\/2021\/05\/24\/sergio-ramos-se-pierde-la-eurocopa\/#article\",\"isPartOf\":{\"@id\":\"https:\/\/futbolhoy.co\/index.php\/2021\/05\/24\/sergio-ramos-se-pierde-la-eurocopa\/\"},\"author\":{\"name\":\"Laura Hern\u00e1ndez\",\"@id\":\"https:\/\/futbolhoy.co\/#\/schema\/person\/c4a353a512b127643723a34bb1812f7d\"},\"headline\":\"Sergio Ramos se pierde la Eurocopa\",\"datePublished\":\"2021-05-24T14:05:25+00:00\",\"dateModified\":\"2021-05-25T13:06:15+00:00\",\"mainEntityOfPage\":{\"@id\":\"https:\/\/futbolhoy.co\/index.php\/2021\/05\/24\/sergio-ramos-se-pierde-la-eurocopa\/\"},\"wordCount\":248,\"commentCount\":0,\"publisher\":{\"@id\":\"https:\/\/futbolhoy.co\/#organization\"},\"image\":{\"@id\":\"https:\/\/futbolhoy.co\/index.php\/2021\/05\/24\/sergio-ramos-se-pierde-la-eurocopa\/#primaryimage\"},\"thumbnailUrl\":\"https:\/\/futbolhoy.co\/wp-content\/uploads\/2021\/05\/E2JVu3fXEAAKiKE.jpg\",\"keywords\":[\"Espa\u00f1a\",\"Sergio ramos\"],\"articleSection\":[\"Mundo Futbol\"],\"inLanguage\":\"es\",\"potentialAction\":[{\"@type\":\"CommentAction\",\"name\":\"Comment\",\"target\":[\"https:\/\/futbolhoy.co\/index.php\/2021\/05\/24\/sergio-ramos-se-pierde-la-eurocopa\/#respond\"]}]},{\"@type\":\"WebPage\",\"@id\":\"https:\/\/futbolhoy.co\/index.php\/2021\/05\/24\/sergio-ramos-se-pierde-la-eurocopa\/\",\"url\":\"https:\/\/futbolhoy.co\/index.php\/2021\/05\/24\/sergio-ramos-se-pierde-la-eurocopa\/\",\"name\":\"Sergio Ramos se pierde la Eurocopa -\",\"isPartOf\":{\"@id\":\"https:\/\/futbolhoy.co\/#website\"},\"primaryImageOfPage\":{\"@id\":\"https:\/\/futbolhoy.co\/index.php\/2021\/05\/24\/sergio-ramos-se-pierde-la-eurocopa\/#primaryimage\"},\"image\":{\"@id\":\"https:\/\/futbolhoy.co\/index.php\/2021\/05\/24\/sergio-ramos-se-pierde-la-eurocopa\/#primaryimage\"},\"thumbnailUrl\":\"https:\/\/futbolhoy.co\/wp-content\/uploads\/2021\/05\/E2JVu3fXEAAKiKE.jpg\",\"datePublished\":\"2021-05-24T14:05:25+00:00\",\"dateModified\":\"2021-05-25T13:06:15+00:00\",\"breadcrumb\":{\"@id\":\"https:\/\/futbolhoy.co\/index.php\/2021\/05\/24\/sergio-ramos-se-pierde-la-eurocopa\/#breadcrumb\"},\"inLanguage\":\"es\",\"potentialAction\":[{\"@type\":\"ReadAction\",\"target\":[\"https:\/\/futbolhoy.co\/index.php\/2021\/05\/24\/sergio-ramos-se-pierde-la-eurocopa\/\"]}]},{\"@type\":\"ImageObject\",\"inLanguage\":\"es\",\"@id\":\"https:\/\/futbolhoy.co\/index.php\/2021\/05\/24\/sergio-ramos-se-pierde-la-eurocopa\/#primaryimage\",\"url\":\"https:\/\/futbolhoy.co\/wp-content\/uploads\/2021\/05\/E2JVu3fXEAAKiKE.jpg\",\"contentUrl\":\"https:\/\/futbolhoy.co\/wp-content\/uploads\/2021\/05\/E2JVu3fXEAAKiKE.jpg\",\"width\":1600,\"height\":900},{\"@type\":\"BreadcrumbList\",\"@id\":\"https:\/\/futbolhoy.co\/index.php\/2021\/05\/24\/sergio-ramos-se-pierde-la-eurocopa\/#breadcrumb\",\"itemListElement\":[{\"@type\":\"ListItem\",\"position\":1,\"name\":\"Portada\",\"item\":\"https:\/\/futbolhoy.co\/\"},{\"@type\":\"ListItem\",\"position\":2,\"name\":\"Sergio Ramos se pierde la Eurocopa\"}]},{\"@type\":\"WebSite\",\"@id\":\"https:\/\/futbolhoy.co\/#website\",\"url\":\"https:\/\/futbolhoy.co\/\",\"name\":\"FutbolHoy\",\"description\":\"\",\"publisher\":{\"@id\":\"https:\/\/futbolhoy.co\/#organization\"},\"potentialAction\":[{\"@type\":\"SearchAction\",\"target\":{\"@type\":\"EntryPoint\",\"urlTemplate\":\"https:\/\/futbolhoy.co\/?s={search_term_string}\"},\"query-input\":{\"@type\":\"PropertyValueSpecification\",\"valueRequired\":true,\"valueName\":\"search_term_string\"}}],\"inLanguage\":\"es\"},{\"@type\":\"Organization\",\"@id\":\"https:\/\/futbolhoy.co\/#organization\",\"name\":\"Futbolhoy.co\",\"url\":\"https:\/\/futbolhoy.co\/\",\"logo\":{\"@type\":\"ImageObject\",\"inLanguage\":\"es\",\"@id\":\"https:\/\/futbolhoy.co\/#\/schema\/logo\/image\/\",\"url\":\"https:\/\/futbolhoy.co\/wp-content\/uploads\/2018\/08\/17426380_1906371736249227_6326180412931521141_n.jpg\",\"contentUrl\":\"https:\/\/futbolhoy.co\/wp-content\/uploads\/2018\/08\/17426380_1906371736249227_6326180412931521141_n.jpg\",\"width\":960,\"height\":960,\"caption\":\"Futbolhoy.co\"},\"image\":{\"@id\":\"https:\/\/futbolhoy.co\/#\/schema\/logo\/image\/\"},\"sameAs\":[\"https:\/\/www.facebook.com\/FutbolHoyCol\/\",\"https:\/\/x.com\/FutbolHoyCol\",\"https:\/\/www.instagram.com\/futbolhoycol\/\"]},{\"@type\":\"Person\",\"@id\":\"https:\/\/futbolhoy.co\/#\/schema\/person\/c4a353a512b127643723a34bb1812f7d\",\"name\":\"Laura Hern\u00e1ndez\",\"image\":{\"@type\":\"ImageObject\",\"inLanguage\":\"es\",\"@id\":\"https:\/\/futbolhoy.co\/#\/schema\/person\/image\/\",\"url\":\"https:\/\/secure.gravatar.com\/avatar\/d25959a15b9b293a743f99181c7cfd01?s=96&d=mm&r=g\",\"contentUrl\":\"https:\/\/secure.gravatar.com\/avatar\/d25959a15b9b293a743f99181c7cfd01?s=96&d=mm&r=g\",\"caption\":\"Laura Hern\u00e1ndez\"}}]}<\/script>\n<!-- \/ Yoast SEO plugin. -->","yoast_head_json":{"title":"Sergio Ramos se pierde la Eurocopa -","robots":{"index":"index","follow":"follow","max-snippet":"max-snippet:-1","max-image-preview":"max-image-preview:large","max-video-preview":"max-video-preview:-1"},"canonical":"https:\/\/futbolhoy.co\/index.php\/2021\/05\/24\/sergio-ramos-se-pierde-la-eurocopa\/","og_locale":"es_ES","og_type":"article","og_title":"Sergio Ramos se pierde la Eurocopa -","og_description":"El seleccionador Luis Enrique Mart\u00ednez\u00a0dej\u00f3 al capit\u00e1n del Real Madrid, Sergio Ramos, fuera de la lista para la Eurocopa de 2020, donde la principal novedad fue el llamado del defensa Aymeric Laporte. \"He decidido que no est\u00e9 en esta lista porque no ha podido competir esta temporada, especialmente desde enero\", dijo el entrenador tras anunciar [&hellip;]","og_url":"https:\/\/futbolhoy.co\/index.php\/2021\/05\/24\/sergio-ramos-se-pierde-la-eurocopa\/","article_publisher":"https:\/\/www.facebook.com\/FutbolHoyCol\/","article_published_time":"2021-05-24T14:05:25+00:00","article_modified_time":"2021-05-25T13:06:15+00:00","og_image":[{"width":1600,"height":900,"url":"https:\/\/futbolhoy.co\/wp-content\/uploads\/2021\/05\/E2JVu3fXEAAKiKE.jpg","type":"image\/jpeg"}],"author":"Laura Hern\u00e1ndez","twitter_card":"summary_large_image","twitter_creator":"@FutbolHoyCol","twitter_site":"@FutbolHoyCol","twitter_misc":{"Escrito por":"Laura Hern\u00e1ndez","Tiempo de lectura":"1 minuto"},"schema":{"@context":"https:\/\/schema.org","@graph":[{"@type":"Article","@id":"https:\/\/futbolhoy.co\/index.php\/2021\/05\/24\/sergio-ramos-se-pierde-la-eurocopa\/#article","isPartOf":{"@id":"https:\/\/futbolhoy.co\/index.php\/2021\/05\/24\/sergio-ramos-se-pierde-la-eurocopa\/"},"author":{"name":"Laura Hern\u00e1ndez","@id":"https:\/\/futbolhoy.co\/#\/schema\/person\/c4a353a512b127643723a34bb1812f7d"},"headline":"Sergio Ramos se pierde la Eurocopa","datePublished":"2021-05-24T14:05:25+00:00","dateModified":"2021-05-25T13:06:15+00:00","mainEntityOfPage":{"@id":"https:\/\/futbolhoy.co\/index.php\/2021\/05\/24\/sergio-ramos-se-pierde-la-eurocopa\/"},"wordCount":248,"commentCount":0,"publisher":{"@id":"https:\/\/futbolhoy.co\/#organization"},"image":{"@id":"https:\/\/futbolhoy.co\/index.php\/2021\/05\/24\/sergio-ramos-se-pierde-la-eurocopa\/#primaryimage"},"thumbnailUrl":"https:\/\/futbolhoy.co\/wp-content\/uploads\/2021\/05\/E2JVu3fXEAAKiKE.jpg","keywords":["Espa\u00f1a","Sergio ramos"],"articleSection":["Mundo Futbol"],"inLanguage":"es","potentialAction":[{"@type":"CommentAction","name":"Comment","target":["https:\/\/futbolhoy.co\/index.php\/2021\/05\/24\/sergio-ramos-se-pierde-la-eurocopa\/#respond"]}]},{"@type":"WebPage","@id":"https:\/\/futbolhoy.co\/index.php\/2021\/05\/24\/sergio-ramos-se-pierde-la-eurocopa\/","url":"https:\/\/futbolhoy.co\/index.php\/2021\/05\/24\/sergio-ramos-se-pierde-la-eurocopa\/","name":"Sergio Ramos se pierde la Eurocopa -","isPartOf":{"@id":"https:\/\/futbolhoy.co\/#website"},"primaryImageOfPage":{"@id":"https:\/\/futbolhoy.co\/index.php\/2021\/05\/24\/sergio-ramos-se-pierde-la-eurocopa\/#primaryimage"},"image":{"@id":"https:\/\/futbolhoy.co\/index.php\/2021\/05\/24\/sergio-ramos-se-pierde-la-eurocopa\/#primaryimage"},"thumbnailUrl":"https:\/\/futbolhoy.co\/wp-content\/uploads\/2021\/05\/E2JVu3fXEAAKiKE.jpg","datePublished":"2021-05-24T14:05:25+00:00","dateModified":"2021-05-25T13:06:15+00:00","breadcrumb":{"@id":"https:\/\/futbolhoy.co\/index.php\/2021\/05\/24\/sergio-ramos-se-pierde-la-eurocopa\/#breadcrumb"},"inLanguage":"es","potentialAction":[{"@type":"ReadAction","target":["https:\/\/futbolhoy.co\/index.php\/2021\/05\/24\/sergio-ramos-se-pierde-la-eurocopa\/"]}]},{"@type":"ImageObject","inLanguage":"es","@id":"https:\/\/futbolhoy.co\/index.php\/2021\/05\/24\/sergio-ramos-se-pierde-la-eurocopa\/#primaryimage","url":"https:\/\/futbolhoy.co\/wp-content\/uploads\/2021\/05\/E2JVu3fXEAAKiKE.jpg","contentUrl":"https:\/\/futbolhoy.co\/wp-content\/uploads\/2021\/05\/E2JVu3fXEAAKiKE.jpg","width":1600,"height":900},{"@type":"BreadcrumbList","@id":"https:\/\/futbolhoy.co\/index.php\/2021\/05\/24\/sergio-ramos-se-pierde-la-eurocopa\/#breadcrumb","itemListElement":[{"@type":"ListItem","position":1,"name":"Portada","item":"https:\/\/futbolhoy.co\/"},{"@type":"ListItem","position":2,"name":"Sergio Ramos se pierde la Eurocopa"}]},{"@type":"WebSite","@id":"https:\/\/futbolhoy.co\/#website","url":"https:\/\/futbolhoy.co\/","name":"FutbolHoy","description":"","publisher":{"@id":"https:\/\/futbolhoy.co\/#organization"},"potentialAction":[{"@type":"SearchAction","target":{"@type":"EntryPoint","urlTemplate":"https:\/\/futbolhoy.co\/?s={search_term_string}"},"query-input":{"@type":"PropertyValueSpecification","valueRequired":true,"valueName":"search_term_string"}}],"inLanguage":"es"},{"@type":"Organization","@id":"https:\/\/futbolhoy.co\/#organization","name":"Futbolhoy.co","url":"https:\/\/futbolhoy.co\/","logo":{"@type":"ImageObject","inLanguage":"es","@id":"https:\/\/futbolhoy.co\/#\/schema\/logo\/image\/","url":"https:\/\/futbolhoy.co\/wp-content\/uploads\/2018\/08\/17426380_1906371736249227_6326180412931521141_n.jpg","contentUrl":"https:\/\/futbolhoy.co\/wp-content\/uploads\/2018\/08\/17426380_1906371736249227_6326180412931521141_n.jpg","width":960,"height":960,"caption":"Futbolhoy.co"},"image":{"@id":"https:\/\/futbolhoy.co\/#\/schema\/logo\/image\/"},"sameAs":["https:\/\/www.facebook.com\/FutbolHoyCol\/","https:\/\/x.com\/FutbolHoyCol","https:\/\/www.instagram.com\/futbolhoycol\/"]},{"@type":"Person","@id":"https:\/\/futbolhoy.co\/#\/schema\/person\/c4a353a512b127643723a34bb1812f7d","name":"Laura Hern\u00e1ndez","image":{"@type":"ImageObject","inLanguage":"es","@id":"https:\/\/futbolhoy.co\/#\/schema\/person\/image\/","url":"https:\/\/secure.gravatar.com\/avatar\/d25959a15b9b293a743f99181c7cfd01?s=96&d=mm&r=g","contentUrl":"https:\/\/secure.gravatar.com\/avatar\/d25959a15b9b293a743f99181c7cfd01?s=96&d=mm&r=g","caption":"Laura Hern\u00e1ndez"}}]}},"publishpress_future_action":{"enabled":false,"date":"2026-05-04 10:53:08","action":"change-status","newStatus":"draft","terms":[],"taxonomy":"category","extraData":[]},"publishpress_future_workflow_manual_trigger":{"enabledWorkflows":[]},"_links":{"self":[{"href":"https:\/\/futbolhoy.co\/index.php\/wp-json\/wp\/v2\/posts\/65109","targetHints":{"allow":["GET"]}}],"collection":[{"href":"https:\/\/futbolhoy.co\/index.php\/wp-json\/wp\/v2\/posts"}],"about":[{"href":"https:\/\/futbolhoy.co\/index.php\/wp-json\/wp\/v2\/types\/post"}],"author":[{"embeddable":true,"href":"https:\/\/futbolhoy.co\/index.php\/wp-json\/wp\/v2\/users\/5"}],"replies":[{"embeddable":true,"href":"https:\/\/futbolhoy.co\/index.php\/wp-json\/wp\/v2\/comments?post=65109"}],"version-history":[{"count":2,"href":"https:\/\/futbolhoy.co\/index.php\/wp-json\/wp\/v2\/posts\/65109\/revisions"}],"predecessor-version":[{"id":65113,"href":"https:\/\/futbolhoy.co\/index.php\/wp-json\/wp\/v2\/posts\/65109\/revisions\/65113"}],"wp:featuredmedia":[{"embeddable":true,"href":"https:\/\/futbolhoy.co\/index.php\/wp-json\/wp\/v2\/media\/65110"}],"wp:attachment":[{"href":"https:\/\/futbolhoy.co\/index.php\/wp-json\/wp\/v2\/media?parent=65109"}],"wp:term":[{"taxonomy":"category","embeddable":true,"href":"https:\/\/futbolhoy.co\/index.php\/wp-json\/wp\/v2\/categories?post=65109"},{"taxonomy":"post_tag","embeddable":true,"href":"https:\/\/futbolhoy.co\/index.php\/wp-json\/wp\/v2\/tags?post=65109"}],"curies":[{"name":"wp","href":"https:\/\/api.w.org\/{rel}","templated":true}]}}