{"id":65112,"date":"2021-05-24T07:12:49","date_gmt":"2021-05-24T12:12:49","guid":{"rendered":"https:\/\/futbolhoy.co\/?p=65112"},"modified":"2021-05-24T17:59:15","modified_gmt":"2021-05-24T22:59:15","slug":"suarez-seguira-en-el-atleti","status":"publish","type":"post","link":"https:\/\/futbolhoy.co\/index.php\/2021\/05\/24\/suarez-seguira-en-el-atleti\/","title":{"rendered":"Su\u00e1rez seguir\u00e1 en el 'Atleti'"},"content":{"rendered":"<p style=\"text-align: justify;\"><span style=\"font-family: helvetica, arial, sans-serif;\">El delantero uruguayo del <strong>Atl\u00e9tico de Madrid, Luis Su\u00e1rez,<\/strong> confirm\u00f3 su continuidad en el equipo \u2018colchonero\u2019 para la pr\u00f3xima temporada.<\/span><\/p>\n<p style=\"text-align: justify;\"><span style=\"font-family: helvetica, arial, sans-serif;\">\u201cS\u00ed, s\u00ed, seguro (\u2026) Es dif\u00edcil un cambio para una familia que tiene tres ni\u00f1os, que ten\u00eda toda una vida hecha. El sufrimiento del d\u00eda a d\u00eda, del cambio, es complicado. Ella sabe lo que yo trabaj\u00e9 para poder revertir la situaci\u00f3n y demostrar que pod\u00eda estar a buen nivel\", afirm\u00f3 Su\u00e1rez en el canal oficial de <strong>LaLiga,<\/strong><em> Movistar+<\/em>.<\/span><\/p>\n<p style=\"text-align: justify;\"><span style=\"font-family: helvetica, arial, sans-serif;\">El artillero tiene contrato vigente hasta 2022, pero hay una cl\u00e1usula que le permit\u00eda rescindirlo al t\u00e9rmino de este periodo.<\/span><\/p>\n","protected":false},"excerpt":{"rendered":"<p>El delantero uruguayo del Atl\u00e9tico de Madrid, Luis Su\u00e1rez, confirm\u00f3 su continuidad en el equipo \u2018colchonero\u2019 para la pr\u00f3xima temporada. \u201cS\u00ed, s\u00ed, seguro (\u2026) Es dif\u00edcil un cambio para una familia que tiene tres ni\u00f1os, que ten\u00eda toda una vida hecha. El sufrimiento del d\u00eda a d\u00eda, del cambio, es complicado. Ella sabe lo que [&hellip;]<\/p>\n","protected":false},"author":5,"featured_media":65114,"comment_status":"open","ping_status":"open","sticky":false,"template":"","format":"standard","meta":{"_acf_changed":false,"footnotes":""},"categories":[152],"tags":[],"class_list":{"0":"post-65112","1":"post","2":"type-post","3":"status-publish","4":"format-standard","5":"has-post-thumbnail","7":"category-mundo-futbol"},"acf":[],"yoast_head":"<!-- This site is optimized with the Yoast SEO plugin v26.8 - https:\/\/yoast.com\/product\/yoast-seo-wordpress\/ -->\n<title>Su\u00e1rez seguir\u00e1 en el &#039;Atleti&#039; -<\/title>\n<meta name=\"robots\" content=\"index, follow, max-snippet:-1, max-image-preview:large, max-video-preview:-1\" \/>\n<link rel=\"canonical\" href=\"https:\/\/futbolhoy.co\/index.php\/2021\/05\/24\/suarez-seguira-en-el-atleti\/\" \/>\n<meta property=\"og:locale\" content=\"es_ES\" \/>\n<meta property=\"og:type\" content=\"article\" \/>\n<meta property=\"og:title\" content=\"Su\u00e1rez seguir\u00e1 en el &#039;Atleti&#039; -\" \/>\n<meta property=\"og:description\" content=\"El delantero uruguayo del Atl\u00e9tico de Madrid, Luis Su\u00e1rez, confirm\u00f3 su continuidad en el equipo \u2018colchonero\u2019 para la pr\u00f3xima temporada. \u201cS\u00ed, s\u00ed, seguro (\u2026) Es dif\u00edcil un cambio para una familia que tiene tres ni\u00f1os, que ten\u00eda toda una vida hecha. El sufrimiento del d\u00eda a d\u00eda, del cambio, es complicado. Ella sabe lo que [&hellip;]\" \/>\n<meta property=\"og:url\" content=\"https:\/\/futbolhoy.co\/index.php\/2021\/05\/24\/suarez-seguira-en-el-atleti\/\" \/>\n<meta property=\"article:publisher\" content=\"https:\/\/www.facebook.com\/FutbolHoyCol\/\" \/>\n<meta property=\"article:published_time\" content=\"2021-05-24T12:12:49+00:00\" \/>\n<meta property=\"article:modified_time\" content=\"2021-05-24T22:59:15+00:00\" \/>\n<meta property=\"og:image\" content=\"https:\/\/futbolhoy.co\/wp-content\/uploads\/2021\/05\/E2Jt18cXIAMYX4O.jpg\" \/>\n\t<meta property=\"og:image:width\" content=\"1213\" \/>\n\t<meta property=\"og:image:height\" content=\"1417\" \/>\n\t<meta property=\"og:image:type\" content=\"image\/jpeg\" \/>\n<meta name=\"author\" content=\"Laura Hern\u00e1ndez\" \/>\n<meta name=\"twitter:card\" content=\"summary_large_image\" \/>\n<meta name=\"twitter:creator\" content=\"@FutbolHoyCol\" \/>\n<meta name=\"twitter:site\" content=\"@FutbolHoyCol\" \/>\n<meta name=\"twitter:label1\" content=\"Escrito por\" \/>\n\t<meta name=\"twitter:data1\" content=\"Laura Hern\u00e1ndez\" \/>\n\t<meta name=\"twitter:label2\" content=\"Tiempo de lectura\" \/>\n\t<meta name=\"twitter:data2\" content=\"1 minuto\" \/>\n<script type=\"application\/ld+json\" class=\"yoast-schema-graph\">{\"@context\":\"https:\/\/schema.org\",\"@graph\":[{\"@type\":\"Article\",\"@id\":\"https:\/\/futbolhoy.co\/index.php\/2021\/05\/24\/suarez-seguira-en-el-atleti\/#article\",\"isPartOf\":{\"@id\":\"https:\/\/futbolhoy.co\/index.php\/2021\/05\/24\/suarez-seguira-en-el-atleti\/\"},\"author\":{\"name\":\"Laura Hern\u00e1ndez\",\"@id\":\"https:\/\/futbolhoy.co\/#\/schema\/person\/c4a353a512b127643723a34bb1812f7d\"},\"headline\":\"Su\u00e1rez seguir\u00e1 en el 'Atleti'\",\"datePublished\":\"2021-05-24T12:12:49+00:00\",\"dateModified\":\"2021-05-24T22:59:15+00:00\",\"mainEntityOfPage\":{\"@id\":\"https:\/\/futbolhoy.co\/index.php\/2021\/05\/24\/suarez-seguira-en-el-atleti\/\"},\"wordCount\":117,\"commentCount\":0,\"publisher\":{\"@id\":\"https:\/\/futbolhoy.co\/#organization\"},\"image\":{\"@id\":\"https:\/\/futbolhoy.co\/index.php\/2021\/05\/24\/suarez-seguira-en-el-atleti\/#primaryimage\"},\"thumbnailUrl\":\"https:\/\/futbolhoy.co\/wp-content\/uploads\/2021\/05\/E2Jt18cXIAMYX4O.jpg\",\"articleSection\":[\"Mundo Futbol\"],\"inLanguage\":\"es\",\"potentialAction\":[{\"@type\":\"CommentAction\",\"name\":\"Comment\",\"target\":[\"https:\/\/futbolhoy.co\/index.php\/2021\/05\/24\/suarez-seguira-en-el-atleti\/#respond\"]}]},{\"@type\":\"WebPage\",\"@id\":\"https:\/\/futbolhoy.co\/index.php\/2021\/05\/24\/suarez-seguira-en-el-atleti\/\",\"url\":\"https:\/\/futbolhoy.co\/index.php\/2021\/05\/24\/suarez-seguira-en-el-atleti\/\",\"name\":\"Su\u00e1rez seguir\u00e1 en el 'Atleti' -\",\"isPartOf\":{\"@id\":\"https:\/\/futbolhoy.co\/#website\"},\"primaryImageOfPage\":{\"@id\":\"https:\/\/futbolhoy.co\/index.php\/2021\/05\/24\/suarez-seguira-en-el-atleti\/#primaryimage\"},\"image\":{\"@id\":\"https:\/\/futbolhoy.co\/index.php\/2021\/05\/24\/suarez-seguira-en-el-atleti\/#primaryimage\"},\"thumbnailUrl\":\"https:\/\/futbolhoy.co\/wp-content\/uploads\/2021\/05\/E2Jt18cXIAMYX4O.jpg\",\"datePublished\":\"2021-05-24T12:12:49+00:00\",\"dateModified\":\"2021-05-24T22:59:15+00:00\",\"breadcrumb\":{\"@id\":\"https:\/\/futbolhoy.co\/index.php\/2021\/05\/24\/suarez-seguira-en-el-atleti\/#breadcrumb\"},\"inLanguage\":\"es\",\"potentialAction\":[{\"@type\":\"ReadAction\",\"target\":[\"https:\/\/futbolhoy.co\/index.php\/2021\/05\/24\/suarez-seguira-en-el-atleti\/\"]}]},{\"@type\":\"ImageObject\",\"inLanguage\":\"es\",\"@id\":\"https:\/\/futbolhoy.co\/index.php\/2021\/05\/24\/suarez-seguira-en-el-atleti\/#primaryimage\",\"url\":\"https:\/\/futbolhoy.co\/wp-content\/uploads\/2021\/05\/E2Jt18cXIAMYX4O.jpg\",\"contentUrl\":\"https:\/\/futbolhoy.co\/wp-content\/uploads\/2021\/05\/E2Jt18cXIAMYX4O.jpg\",\"width\":1213,\"height\":1417},{\"@type\":\"BreadcrumbList\",\"@id\":\"https:\/\/futbolhoy.co\/index.php\/2021\/05\/24\/suarez-seguira-en-el-atleti\/#breadcrumb\",\"itemListElement\":[{\"@type\":\"ListItem\",\"position\":1,\"name\":\"Portada\",\"item\":\"https:\/\/futbolhoy.co\/\"},{\"@type\":\"ListItem\",\"position\":2,\"name\":\"Su\u00e1rez seguir\u00e1 en el &#8216;Atleti&#8217;\"}]},{\"@type\":\"WebSite\",\"@id\":\"https:\/\/futbolhoy.co\/#website\",\"url\":\"https:\/\/futbolhoy.co\/\",\"name\":\"FutbolHoy\",\"description\":\"\",\"publisher\":{\"@id\":\"https:\/\/futbolhoy.co\/#organization\"},\"potentialAction\":[{\"@type\":\"SearchAction\",\"target\":{\"@type\":\"EntryPoint\",\"urlTemplate\":\"https:\/\/futbolhoy.co\/?s={search_term_string}\"},\"query-input\":{\"@type\":\"PropertyValueSpecification\",\"valueRequired\":true,\"valueName\":\"search_term_string\"}}],\"inLanguage\":\"es\"},{\"@type\":\"Organization\",\"@id\":\"https:\/\/futbolhoy.co\/#organization\",\"name\":\"Futbolhoy.co\",\"url\":\"https:\/\/futbolhoy.co\/\",\"logo\":{\"@type\":\"ImageObject\",\"inLanguage\":\"es\",\"@id\":\"https:\/\/futbolhoy.co\/#\/schema\/logo\/image\/\",\"url\":\"https:\/\/futbolhoy.co\/wp-content\/uploads\/2018\/08\/17426380_1906371736249227_6326180412931521141_n.jpg\",\"contentUrl\":\"https:\/\/futbolhoy.co\/wp-content\/uploads\/2018\/08\/17426380_1906371736249227_6326180412931521141_n.jpg\",\"width\":960,\"height\":960,\"caption\":\"Futbolhoy.co\"},\"image\":{\"@id\":\"https:\/\/futbolhoy.co\/#\/schema\/logo\/image\/\"},\"sameAs\":[\"https:\/\/www.facebook.com\/FutbolHoyCol\/\",\"https:\/\/x.com\/FutbolHoyCol\",\"https:\/\/www.instagram.com\/futbolhoycol\/\"]},{\"@type\":\"Person\",\"@id\":\"https:\/\/futbolhoy.co\/#\/schema\/person\/c4a353a512b127643723a34bb1812f7d\",\"name\":\"Laura Hern\u00e1ndez\",\"image\":{\"@type\":\"ImageObject\",\"inLanguage\":\"es\",\"@id\":\"https:\/\/futbolhoy.co\/#\/schema\/person\/image\/\",\"url\":\"https:\/\/secure.gravatar.com\/avatar\/d25959a15b9b293a743f99181c7cfd01?s=96&d=mm&r=g\",\"contentUrl\":\"https:\/\/secure.gravatar.com\/avatar\/d25959a15b9b293a743f99181c7cfd01?s=96&d=mm&r=g\",\"caption\":\"Laura Hern\u00e1ndez\"}}]}<\/script>\n<!-- \/ Yoast SEO plugin. -->","yoast_head_json":{"title":"Su\u00e1rez seguir\u00e1 en el 'Atleti' -","robots":{"index":"index","follow":"follow","max-snippet":"max-snippet:-1","max-image-preview":"max-image-preview:large","max-video-preview":"max-video-preview:-1"},"canonical":"https:\/\/futbolhoy.co\/index.php\/2021\/05\/24\/suarez-seguira-en-el-atleti\/","og_locale":"es_ES","og_type":"article","og_title":"Su\u00e1rez seguir\u00e1 en el 'Atleti' -","og_description":"El delantero uruguayo del Atl\u00e9tico de Madrid, Luis Su\u00e1rez, confirm\u00f3 su continuidad en el equipo \u2018colchonero\u2019 para la pr\u00f3xima temporada. \u201cS\u00ed, s\u00ed, seguro (\u2026) Es dif\u00edcil un cambio para una familia que tiene tres ni\u00f1os, que ten\u00eda toda una vida hecha. El sufrimiento del d\u00eda a d\u00eda, del cambio, es complicado. Ella sabe lo que [&hellip;]","og_url":"https:\/\/futbolhoy.co\/index.php\/2021\/05\/24\/suarez-seguira-en-el-atleti\/","article_publisher":"https:\/\/www.facebook.com\/FutbolHoyCol\/","article_published_time":"2021-05-24T12:12:49+00:00","article_modified_time":"2021-05-24T22:59:15+00:00","og_image":[{"width":1213,"height":1417,"url":"https:\/\/futbolhoy.co\/wp-content\/uploads\/2021\/05\/E2Jt18cXIAMYX4O.jpg","type":"image\/jpeg"}],"author":"Laura Hern\u00e1ndez","twitter_card":"summary_large_image","twitter_creator":"@FutbolHoyCol","twitter_site":"@FutbolHoyCol","twitter_misc":{"Escrito por":"Laura Hern\u00e1ndez","Tiempo de lectura":"1 minuto"},"schema":{"@context":"https:\/\/schema.org","@graph":[{"@type":"Article","@id":"https:\/\/futbolhoy.co\/index.php\/2021\/05\/24\/suarez-seguira-en-el-atleti\/#article","isPartOf":{"@id":"https:\/\/futbolhoy.co\/index.php\/2021\/05\/24\/suarez-seguira-en-el-atleti\/"},"author":{"name":"Laura Hern\u00e1ndez","@id":"https:\/\/futbolhoy.co\/#\/schema\/person\/c4a353a512b127643723a34bb1812f7d"},"headline":"Su\u00e1rez seguir\u00e1 en el 'Atleti'","datePublished":"2021-05-24T12:12:49+00:00","dateModified":"2021-05-24T22:59:15+00:00","mainEntityOfPage":{"@id":"https:\/\/futbolhoy.co\/index.php\/2021\/05\/24\/suarez-seguira-en-el-atleti\/"},"wordCount":117,"commentCount":0,"publisher":{"@id":"https:\/\/futbolhoy.co\/#organization"},"image":{"@id":"https:\/\/futbolhoy.co\/index.php\/2021\/05\/24\/suarez-seguira-en-el-atleti\/#primaryimage"},"thumbnailUrl":"https:\/\/futbolhoy.co\/wp-content\/uploads\/2021\/05\/E2Jt18cXIAMYX4O.jpg","articleSection":["Mundo Futbol"],"inLanguage":"es","potentialAction":[{"@type":"CommentAction","name":"Comment","target":["https:\/\/futbolhoy.co\/index.php\/2021\/05\/24\/suarez-seguira-en-el-atleti\/#respond"]}]},{"@type":"WebPage","@id":"https:\/\/futbolhoy.co\/index.php\/2021\/05\/24\/suarez-seguira-en-el-atleti\/","url":"https:\/\/futbolhoy.co\/index.php\/2021\/05\/24\/suarez-seguira-en-el-atleti\/","name":"Su\u00e1rez seguir\u00e1 en el 'Atleti' -","isPartOf":{"@id":"https:\/\/futbolhoy.co\/#website"},"primaryImageOfPage":{"@id":"https:\/\/futbolhoy.co\/index.php\/2021\/05\/24\/suarez-seguira-en-el-atleti\/#primaryimage"},"image":{"@id":"https:\/\/futbolhoy.co\/index.php\/2021\/05\/24\/suarez-seguira-en-el-atleti\/#primaryimage"},"thumbnailUrl":"https:\/\/futbolhoy.co\/wp-content\/uploads\/2021\/05\/E2Jt18cXIAMYX4O.jpg","datePublished":"2021-05-24T12:12:49+00:00","dateModified":"2021-05-24T22:59:15+00:00","breadcrumb":{"@id":"https:\/\/futbolhoy.co\/index.php\/2021\/05\/24\/suarez-seguira-en-el-atleti\/#breadcrumb"},"inLanguage":"es","potentialAction":[{"@type":"ReadAction","target":["https:\/\/futbolhoy.co\/index.php\/2021\/05\/24\/suarez-seguira-en-el-atleti\/"]}]},{"@type":"ImageObject","inLanguage":"es","@id":"https:\/\/futbolhoy.co\/index.php\/2021\/05\/24\/suarez-seguira-en-el-atleti\/#primaryimage","url":"https:\/\/futbolhoy.co\/wp-content\/uploads\/2021\/05\/E2Jt18cXIAMYX4O.jpg","contentUrl":"https:\/\/futbolhoy.co\/wp-content\/uploads\/2021\/05\/E2Jt18cXIAMYX4O.jpg","width":1213,"height":1417},{"@type":"BreadcrumbList","@id":"https:\/\/futbolhoy.co\/index.php\/2021\/05\/24\/suarez-seguira-en-el-atleti\/#breadcrumb","itemListElement":[{"@type":"ListItem","position":1,"name":"Portada","item":"https:\/\/futbolhoy.co\/"},{"@type":"ListItem","position":2,"name":"Su\u00e1rez seguir\u00e1 en el &#8216;Atleti&#8217;"}]},{"@type":"WebSite","@id":"https:\/\/futbolhoy.co\/#website","url":"https:\/\/futbolhoy.co\/","name":"FutbolHoy","description":"","publisher":{"@id":"https:\/\/futbolhoy.co\/#organization"},"potentialAction":[{"@type":"SearchAction","target":{"@type":"EntryPoint","urlTemplate":"https:\/\/futbolhoy.co\/?s={search_term_string}"},"query-input":{"@type":"PropertyValueSpecification","valueRequired":true,"valueName":"search_term_string"}}],"inLanguage":"es"},{"@type":"Organization","@id":"https:\/\/futbolhoy.co\/#organization","name":"Futbolhoy.co","url":"https:\/\/futbolhoy.co\/","logo":{"@type":"ImageObject","inLanguage":"es","@id":"https:\/\/futbolhoy.co\/#\/schema\/logo\/image\/","url":"https:\/\/futbolhoy.co\/wp-content\/uploads\/2018\/08\/17426380_1906371736249227_6326180412931521141_n.jpg","contentUrl":"https:\/\/futbolhoy.co\/wp-content\/uploads\/2018\/08\/17426380_1906371736249227_6326180412931521141_n.jpg","width":960,"height":960,"caption":"Futbolhoy.co"},"image":{"@id":"https:\/\/futbolhoy.co\/#\/schema\/logo\/image\/"},"sameAs":["https:\/\/www.facebook.com\/FutbolHoyCol\/","https:\/\/x.com\/FutbolHoyCol","https:\/\/www.instagram.com\/futbolhoycol\/"]},{"@type":"Person","@id":"https:\/\/futbolhoy.co\/#\/schema\/person\/c4a353a512b127643723a34bb1812f7d","name":"Laura Hern\u00e1ndez","image":{"@type":"ImageObject","inLanguage":"es","@id":"https:\/\/futbolhoy.co\/#\/schema\/person\/image\/","url":"https:\/\/secure.gravatar.com\/avatar\/d25959a15b9b293a743f99181c7cfd01?s=96&d=mm&r=g","contentUrl":"https:\/\/secure.gravatar.com\/avatar\/d25959a15b9b293a743f99181c7cfd01?s=96&d=mm&r=g","caption":"Laura Hern\u00e1ndez"}}]}},"publishpress_future_action":{"enabled":false,"date":"2026-05-04 03:30:37","action":"change-status","newStatus":"draft","terms":[],"taxonomy":"category","extraData":[]},"publishpress_future_workflow_manual_trigger":{"enabledWorkflows":[]},"_links":{"self":[{"href":"https:\/\/futbolhoy.co\/index.php\/wp-json\/wp\/v2\/posts\/65112","targetHints":{"allow":["GET"]}}],"collection":[{"href":"https:\/\/futbolhoy.co\/index.php\/wp-json\/wp\/v2\/posts"}],"about":[{"href":"https:\/\/futbolhoy.co\/index.php\/wp-json\/wp\/v2\/types\/post"}],"author":[{"embeddable":true,"href":"https:\/\/futbolhoy.co\/index.php\/wp-json\/wp\/v2\/users\/5"}],"replies":[{"embeddable":true,"href":"https:\/\/futbolhoy.co\/index.php\/wp-json\/wp\/v2\/comments?post=65112"}],"version-history":[{"count":1,"href":"https:\/\/futbolhoy.co\/index.php\/wp-json\/wp\/v2\/posts\/65112\/revisions"}],"predecessor-version":[{"id":65115,"href":"https:\/\/futbolhoy.co\/index.php\/wp-json\/wp\/v2\/posts\/65112\/revisions\/65115"}],"wp:featuredmedia":[{"embeddable":true,"href":"https:\/\/futbolhoy.co\/index.php\/wp-json\/wp\/v2\/media\/65114"}],"wp:attachment":[{"href":"https:\/\/futbolhoy.co\/index.php\/wp-json\/wp\/v2\/media?parent=65112"}],"wp:term":[{"taxonomy":"category","embeddable":true,"href":"https:\/\/futbolhoy.co\/index.php\/wp-json\/wp\/v2\/categories?post=65112"},{"taxonomy":"post_tag","embeddable":true,"href":"https:\/\/futbolhoy.co\/index.php\/wp-json\/wp\/v2\/tags?post=65112"}],"curies":[{"name":"wp","href":"https:\/\/api.w.org\/{rel}","templated":true}]}}