{"id":65139,"date":"2021-05-24T17:28:41","date_gmt":"2021-05-24T22:28:41","guid":{"rendered":"https:\/\/futbolhoy.co\/?p=65139"},"modified":"2021-06-02T19:24:18","modified_gmt":"2021-06-03T00:24:18","slug":"river-completo-la-nomina-de-argentina","status":"publish","type":"post","link":"https:\/\/futbolhoy.co\/index.php\/2021\/05\/24\/river-completo-la-nomina-de-argentina\/","title":{"rendered":"River complet\u00f3 la n\u00f3mina de Argentina"},"content":{"rendered":"<p style=\"text-align: justify;\"><span lang=\"ES-MX\" style=\"font-family: helvetica, arial, sans-serif;\">El portero\u00a0<b>Franco Armani<\/b>, el lateral\u00a0<b>Gonzalo Montiel<\/b>\u00a0y el delantero\u00a0<b>Juli\u00e1n \u00c1lvarez<\/b>, todos de\u00a0<b>River Plate<\/b>, fueron los p\u00fanicos jugadores de la liga local citados a la\u00a0<b>Selecci\u00f3n Argentina<\/b>\u00a0para los partidos de eliminatorias al\u00a0<b>Mundial Qatar 2022<\/b>\u00a0ante\u00a0<b>Chile<\/b>\u00a0y\u00a0<b>Colombia<\/b>.<\/span><\/p>\n<p style=\"text-align: justify;\"><span lang=\"ES-MX\" style=\"font-family: helvetica, arial, sans-serif;\">Armani ha disputado 15 partidos con la \u2018celeste y blanca\u2019, Montiel 8 y \u00c1lvarez ninguno.<\/span><\/p>\n<p style=\"text-align: justify;\"><span lang=\"ES-MX\" style=\"font-family: helvetica, arial, sans-serif;\">El grupo de convocados por el t\u00e9cnico\u00a0<b>Lionel Scaloni<\/b>\u00a0se ampli\u00f3 a 33.<\/span><\/p>\n<p style=\"text-align: justify;\"><span style=\"font-family: helvetica, arial, sans-serif;\"><b><span lang=\"ES-MX\">Arqueros:<\/span><\/b><span lang=\"ES-MX\">\u00a0Agust\u00edn Marches\u00edn (Porto-POR), Franco Armani (River Plate), Emiliano Mart\u00ednez (Aston Villa-ING) y Juan Musso (Udinese-ITA).<\/span><\/span><\/p>\n<p style=\"text-align: justify;\"><span style=\"font-family: helvetica, arial, sans-serif;\"><b><span lang=\"ES-MX\">Defensores:<\/span><\/b><span lang=\"ES-MX\">\u00a0Marcos Acu\u00f1a (Sevilla-ESP), Juan Foyth (Villarreal-ESP), Lisandro Mart\u00ednez (Ajax-NED), Lucas Mart\u00ednez Quarta (Fiorentina-ITA), Nahuel Molina (Udinese-ITA), Cristian Romero (Atalanta-ITA), Nicol\u00e1s Otamendi (Benfica-POR), Jos\u00e9 Luis Palomino (Atalanta-ITA), Germ\u00e1n Pezzella (Fiorentina-ITA), Gonzalo Montiel (River Plate) y Nicol\u00e1s Tagliafico (Ajax-NED).<\/span><\/span><\/p>\n<p style=\"text-align: justify;\"><span style=\"font-family: helvetica, arial, sans-serif;\"><b><span lang=\"ES-MX\">Volantes:<\/span><\/b><span lang=\"ES-MX\">\u00a0Emiliano Buend\u00eda (Norwich-ING), Rodrigo De Paul (Udinese-ITA), \u00c1ngel Di Mar\u00eda (PSG-FRA), Nicol\u00e1s Dom\u00ednguez (Bologna-ITA), Alejandro G\u00f3mez (Sevilla-ESP), Giovanni Lo Celso (Tottenham-ING), Guido Rodr\u00edguez (Betis-ESP), Lucas Ocampos (Sevilla-ESP), Exequiel Palacios (Bayer Leverkusen-ALE) y Leandro Paredes (PSG-FRA).<\/span><\/span><\/p>\n<p style=\"text-align: justify;\"><span style=\"font-family: helvetica, arial, sans-serif;\"><b><span lang=\"ES-MX\">Delanteros:<\/span><\/b><span lang=\"ES-MX\">\u00a0Sergio Ag\u00fcero (M\u00e1nchester City-ING), Lucas Alario (Bayer Leverkusen-ALE), \u00c1ngel Correa (Atl\u00e9tico de Madrid-ESP), Joaqu\u00edn Correa (Lazio-ITA), Nicol\u00e1s Gonz\u00e1lez (Stuttgart-ALE), Lautaro Mart\u00ednez (Inter-ITA), Lionel Messi (Barcelona-ESP) y Juli\u00e1n \u00c1lvarez (River Plate).<\/span><\/span><\/p>\n","protected":false},"excerpt":{"rendered":"<p>El portero\u00a0Franco Armani, el lateral\u00a0Gonzalo Montiel\u00a0y el delantero\u00a0Juli\u00e1n \u00c1lvarez, todos de\u00a0River Plate, fueron los p\u00fanicos jugadores de la liga local citados a la\u00a0Selecci\u00f3n Argentina\u00a0para los partidos de eliminatorias al\u00a0Mundial Qatar 2022\u00a0ante\u00a0Chile\u00a0y\u00a0Colombia. Armani ha disputado 15 partidos con la \u2018celeste y blanca\u2019, Montiel 8 y \u00c1lvarez ninguno. El grupo de convocados por el t\u00e9cnico\u00a0Lionel Scaloni\u00a0se ampli\u00f3 [&hellip;]<\/p>\n","protected":false},"author":5,"featured_media":65143,"comment_status":"open","ping_status":"open","sticky":false,"template":"","format":"standard","meta":{"_acf_changed":false,"footnotes":""},"categories":[1965],"tags":[],"class_list":{"0":"post-65139","1":"post","2":"type-post","3":"status-publish","4":"format-standard","5":"has-post-thumbnail","7":"category-eli"},"acf":[],"yoast_head":"<!-- This site is optimized with the Yoast SEO plugin v26.8 - https:\/\/yoast.com\/product\/yoast-seo-wordpress\/ -->\n<title>River complet\u00f3 la n\u00f3mina de Argentina -<\/title>\n<meta name=\"robots\" content=\"index, follow, max-snippet:-1, max-image-preview:large, max-video-preview:-1\" \/>\n<link rel=\"canonical\" href=\"https:\/\/futbolhoy.co\/index.php\/2021\/05\/24\/river-completo-la-nomina-de-argentina\/\" \/>\n<meta property=\"og:locale\" content=\"es_ES\" \/>\n<meta property=\"og:type\" content=\"article\" \/>\n<meta property=\"og:title\" content=\"River complet\u00f3 la n\u00f3mina de Argentina -\" \/>\n<meta property=\"og:description\" content=\"El portero\u00a0Franco Armani, el lateral\u00a0Gonzalo Montiel\u00a0y el delantero\u00a0Juli\u00e1n \u00c1lvarez, todos de\u00a0River Plate, fueron los p\u00fanicos jugadores de la liga local citados a la\u00a0Selecci\u00f3n Argentina\u00a0para los partidos de eliminatorias al\u00a0Mundial Qatar 2022\u00a0ante\u00a0Chile\u00a0y\u00a0Colombia. Armani ha disputado 15 partidos con la \u2018celeste y blanca\u2019, Montiel 8 y \u00c1lvarez ninguno. El grupo de convocados por el t\u00e9cnico\u00a0Lionel Scaloni\u00a0se ampli\u00f3 [&hellip;]\" \/>\n<meta property=\"og:url\" content=\"https:\/\/futbolhoy.co\/index.php\/2021\/05\/24\/river-completo-la-nomina-de-argentina\/\" \/>\n<meta property=\"article:publisher\" content=\"https:\/\/www.facebook.com\/FutbolHoyCol\/\" \/>\n<meta property=\"article:published_time\" content=\"2021-05-24T22:28:41+00:00\" \/>\n<meta property=\"article:modified_time\" content=\"2021-06-03T00:24:18+00:00\" \/>\n<meta property=\"og:image\" content=\"https:\/\/futbolhoy.co\/wp-content\/uploads\/2021\/05\/E2LnTlyXIAcB2B_.jpg\" \/>\n\t<meta property=\"og:image:width\" content=\"680\" \/>\n\t<meta property=\"og:image:height\" content=\"383\" \/>\n\t<meta property=\"og:image:type\" content=\"image\/jpeg\" \/>\n<meta name=\"author\" content=\"Laura Hern\u00e1ndez\" \/>\n<meta name=\"twitter:card\" content=\"summary_large_image\" \/>\n<meta name=\"twitter:creator\" content=\"@FutbolHoyCol\" \/>\n<meta name=\"twitter:site\" content=\"@FutbolHoyCol\" \/>\n<meta name=\"twitter:label1\" content=\"Escrito por\" \/>\n\t<meta name=\"twitter:data1\" content=\"Laura Hern\u00e1ndez\" \/>\n\t<meta name=\"twitter:label2\" content=\"Tiempo de lectura\" \/>\n\t<meta name=\"twitter:data2\" content=\"1 minuto\" \/>\n<script type=\"application\/ld+json\" class=\"yoast-schema-graph\">{\"@context\":\"https:\/\/schema.org\",\"@graph\":[{\"@type\":\"Article\",\"@id\":\"https:\/\/futbolhoy.co\/index.php\/2021\/05\/24\/river-completo-la-nomina-de-argentina\/#article\",\"isPartOf\":{\"@id\":\"https:\/\/futbolhoy.co\/index.php\/2021\/05\/24\/river-completo-la-nomina-de-argentina\/\"},\"author\":{\"name\":\"Laura Hern\u00e1ndez\",\"@id\":\"https:\/\/futbolhoy.co\/#\/schema\/person\/c4a353a512b127643723a34bb1812f7d\"},\"headline\":\"River complet\u00f3 la n\u00f3mina de Argentina\",\"datePublished\":\"2021-05-24T22:28:41+00:00\",\"dateModified\":\"2021-06-03T00:24:18+00:00\",\"mainEntityOfPage\":{\"@id\":\"https:\/\/futbolhoy.co\/index.php\/2021\/05\/24\/river-completo-la-nomina-de-argentina\/\"},\"wordCount\":222,\"commentCount\":0,\"publisher\":{\"@id\":\"https:\/\/futbolhoy.co\/#organization\"},\"image\":{\"@id\":\"https:\/\/futbolhoy.co\/index.php\/2021\/05\/24\/river-completo-la-nomina-de-argentina\/#primaryimage\"},\"thumbnailUrl\":\"https:\/\/futbolhoy.co\/wp-content\/uploads\/2021\/05\/E2LnTlyXIAcB2B_.jpg\",\"articleSection\":[\"Qatar 2022\"],\"inLanguage\":\"es\",\"potentialAction\":[{\"@type\":\"CommentAction\",\"name\":\"Comment\",\"target\":[\"https:\/\/futbolhoy.co\/index.php\/2021\/05\/24\/river-completo-la-nomina-de-argentina\/#respond\"]}]},{\"@type\":\"WebPage\",\"@id\":\"https:\/\/futbolhoy.co\/index.php\/2021\/05\/24\/river-completo-la-nomina-de-argentina\/\",\"url\":\"https:\/\/futbolhoy.co\/index.php\/2021\/05\/24\/river-completo-la-nomina-de-argentina\/\",\"name\":\"River complet\u00f3 la n\u00f3mina de Argentina -\",\"isPartOf\":{\"@id\":\"https:\/\/futbolhoy.co\/#website\"},\"primaryImageOfPage\":{\"@id\":\"https:\/\/futbolhoy.co\/index.php\/2021\/05\/24\/river-completo-la-nomina-de-argentina\/#primaryimage\"},\"image\":{\"@id\":\"https:\/\/futbolhoy.co\/index.php\/2021\/05\/24\/river-completo-la-nomina-de-argentina\/#primaryimage\"},\"thumbnailUrl\":\"https:\/\/futbolhoy.co\/wp-content\/uploads\/2021\/05\/E2LnTlyXIAcB2B_.jpg\",\"datePublished\":\"2021-05-24T22:28:41+00:00\",\"dateModified\":\"2021-06-03T00:24:18+00:00\",\"breadcrumb\":{\"@id\":\"https:\/\/futbolhoy.co\/index.php\/2021\/05\/24\/river-completo-la-nomina-de-argentina\/#breadcrumb\"},\"inLanguage\":\"es\",\"potentialAction\":[{\"@type\":\"ReadAction\",\"target\":[\"https:\/\/futbolhoy.co\/index.php\/2021\/05\/24\/river-completo-la-nomina-de-argentina\/\"]}]},{\"@type\":\"ImageObject\",\"inLanguage\":\"es\",\"@id\":\"https:\/\/futbolhoy.co\/index.php\/2021\/05\/24\/river-completo-la-nomina-de-argentina\/#primaryimage\",\"url\":\"https:\/\/futbolhoy.co\/wp-content\/uploads\/2021\/05\/E2LnTlyXIAcB2B_.jpg\",\"contentUrl\":\"https:\/\/futbolhoy.co\/wp-content\/uploads\/2021\/05\/E2LnTlyXIAcB2B_.jpg\",\"width\":680,\"height\":383},{\"@type\":\"BreadcrumbList\",\"@id\":\"https:\/\/futbolhoy.co\/index.php\/2021\/05\/24\/river-completo-la-nomina-de-argentina\/#breadcrumb\",\"itemListElement\":[{\"@type\":\"ListItem\",\"position\":1,\"name\":\"Portada\",\"item\":\"https:\/\/futbolhoy.co\/\"},{\"@type\":\"ListItem\",\"position\":2,\"name\":\"River complet\u00f3 la n\u00f3mina de Argentina\"}]},{\"@type\":\"WebSite\",\"@id\":\"https:\/\/futbolhoy.co\/#website\",\"url\":\"https:\/\/futbolhoy.co\/\",\"name\":\"FutbolHoy\",\"description\":\"\",\"publisher\":{\"@id\":\"https:\/\/futbolhoy.co\/#organization\"},\"potentialAction\":[{\"@type\":\"SearchAction\",\"target\":{\"@type\":\"EntryPoint\",\"urlTemplate\":\"https:\/\/futbolhoy.co\/?s={search_term_string}\"},\"query-input\":{\"@type\":\"PropertyValueSpecification\",\"valueRequired\":true,\"valueName\":\"search_term_string\"}}],\"inLanguage\":\"es\"},{\"@type\":\"Organization\",\"@id\":\"https:\/\/futbolhoy.co\/#organization\",\"name\":\"Futbolhoy.co\",\"url\":\"https:\/\/futbolhoy.co\/\",\"logo\":{\"@type\":\"ImageObject\",\"inLanguage\":\"es\",\"@id\":\"https:\/\/futbolhoy.co\/#\/schema\/logo\/image\/\",\"url\":\"https:\/\/futbolhoy.co\/wp-content\/uploads\/2018\/08\/17426380_1906371736249227_6326180412931521141_n.jpg\",\"contentUrl\":\"https:\/\/futbolhoy.co\/wp-content\/uploads\/2018\/08\/17426380_1906371736249227_6326180412931521141_n.jpg\",\"width\":960,\"height\":960,\"caption\":\"Futbolhoy.co\"},\"image\":{\"@id\":\"https:\/\/futbolhoy.co\/#\/schema\/logo\/image\/\"},\"sameAs\":[\"https:\/\/www.facebook.com\/FutbolHoyCol\/\",\"https:\/\/x.com\/FutbolHoyCol\",\"https:\/\/www.instagram.com\/futbolhoycol\/\"]},{\"@type\":\"Person\",\"@id\":\"https:\/\/futbolhoy.co\/#\/schema\/person\/c4a353a512b127643723a34bb1812f7d\",\"name\":\"Laura Hern\u00e1ndez\",\"image\":{\"@type\":\"ImageObject\",\"inLanguage\":\"es\",\"@id\":\"https:\/\/futbolhoy.co\/#\/schema\/person\/image\/\",\"url\":\"https:\/\/secure.gravatar.com\/avatar\/d25959a15b9b293a743f99181c7cfd01?s=96&d=mm&r=g\",\"contentUrl\":\"https:\/\/secure.gravatar.com\/avatar\/d25959a15b9b293a743f99181c7cfd01?s=96&d=mm&r=g\",\"caption\":\"Laura Hern\u00e1ndez\"}}]}<\/script>\n<!-- \/ Yoast SEO plugin. -->","yoast_head_json":{"title":"River complet\u00f3 la n\u00f3mina de Argentina -","robots":{"index":"index","follow":"follow","max-snippet":"max-snippet:-1","max-image-preview":"max-image-preview:large","max-video-preview":"max-video-preview:-1"},"canonical":"https:\/\/futbolhoy.co\/index.php\/2021\/05\/24\/river-completo-la-nomina-de-argentina\/","og_locale":"es_ES","og_type":"article","og_title":"River complet\u00f3 la n\u00f3mina de Argentina -","og_description":"El portero\u00a0Franco Armani, el lateral\u00a0Gonzalo Montiel\u00a0y el delantero\u00a0Juli\u00e1n \u00c1lvarez, todos de\u00a0River Plate, fueron los p\u00fanicos jugadores de la liga local citados a la\u00a0Selecci\u00f3n Argentina\u00a0para los partidos de eliminatorias al\u00a0Mundial Qatar 2022\u00a0ante\u00a0Chile\u00a0y\u00a0Colombia. Armani ha disputado 15 partidos con la \u2018celeste y blanca\u2019, Montiel 8 y \u00c1lvarez ninguno. El grupo de convocados por el t\u00e9cnico\u00a0Lionel Scaloni\u00a0se ampli\u00f3 [&hellip;]","og_url":"https:\/\/futbolhoy.co\/index.php\/2021\/05\/24\/river-completo-la-nomina-de-argentina\/","article_publisher":"https:\/\/www.facebook.com\/FutbolHoyCol\/","article_published_time":"2021-05-24T22:28:41+00:00","article_modified_time":"2021-06-03T00:24:18+00:00","og_image":[{"width":680,"height":383,"url":"https:\/\/futbolhoy.co\/wp-content\/uploads\/2021\/05\/E2LnTlyXIAcB2B_.jpg","type":"image\/jpeg"}],"author":"Laura Hern\u00e1ndez","twitter_card":"summary_large_image","twitter_creator":"@FutbolHoyCol","twitter_site":"@FutbolHoyCol","twitter_misc":{"Escrito por":"Laura Hern\u00e1ndez","Tiempo de lectura":"1 minuto"},"schema":{"@context":"https:\/\/schema.org","@graph":[{"@type":"Article","@id":"https:\/\/futbolhoy.co\/index.php\/2021\/05\/24\/river-completo-la-nomina-de-argentina\/#article","isPartOf":{"@id":"https:\/\/futbolhoy.co\/index.php\/2021\/05\/24\/river-completo-la-nomina-de-argentina\/"},"author":{"name":"Laura Hern\u00e1ndez","@id":"https:\/\/futbolhoy.co\/#\/schema\/person\/c4a353a512b127643723a34bb1812f7d"},"headline":"River complet\u00f3 la n\u00f3mina de Argentina","datePublished":"2021-05-24T22:28:41+00:00","dateModified":"2021-06-03T00:24:18+00:00","mainEntityOfPage":{"@id":"https:\/\/futbolhoy.co\/index.php\/2021\/05\/24\/river-completo-la-nomina-de-argentina\/"},"wordCount":222,"commentCount":0,"publisher":{"@id":"https:\/\/futbolhoy.co\/#organization"},"image":{"@id":"https:\/\/futbolhoy.co\/index.php\/2021\/05\/24\/river-completo-la-nomina-de-argentina\/#primaryimage"},"thumbnailUrl":"https:\/\/futbolhoy.co\/wp-content\/uploads\/2021\/05\/E2LnTlyXIAcB2B_.jpg","articleSection":["Qatar 2022"],"inLanguage":"es","potentialAction":[{"@type":"CommentAction","name":"Comment","target":["https:\/\/futbolhoy.co\/index.php\/2021\/05\/24\/river-completo-la-nomina-de-argentina\/#respond"]}]},{"@type":"WebPage","@id":"https:\/\/futbolhoy.co\/index.php\/2021\/05\/24\/river-completo-la-nomina-de-argentina\/","url":"https:\/\/futbolhoy.co\/index.php\/2021\/05\/24\/river-completo-la-nomina-de-argentina\/","name":"River complet\u00f3 la n\u00f3mina de Argentina -","isPartOf":{"@id":"https:\/\/futbolhoy.co\/#website"},"primaryImageOfPage":{"@id":"https:\/\/futbolhoy.co\/index.php\/2021\/05\/24\/river-completo-la-nomina-de-argentina\/#primaryimage"},"image":{"@id":"https:\/\/futbolhoy.co\/index.php\/2021\/05\/24\/river-completo-la-nomina-de-argentina\/#primaryimage"},"thumbnailUrl":"https:\/\/futbolhoy.co\/wp-content\/uploads\/2021\/05\/E2LnTlyXIAcB2B_.jpg","datePublished":"2021-05-24T22:28:41+00:00","dateModified":"2021-06-03T00:24:18+00:00","breadcrumb":{"@id":"https:\/\/futbolhoy.co\/index.php\/2021\/05\/24\/river-completo-la-nomina-de-argentina\/#breadcrumb"},"inLanguage":"es","potentialAction":[{"@type":"ReadAction","target":["https:\/\/futbolhoy.co\/index.php\/2021\/05\/24\/river-completo-la-nomina-de-argentina\/"]}]},{"@type":"ImageObject","inLanguage":"es","@id":"https:\/\/futbolhoy.co\/index.php\/2021\/05\/24\/river-completo-la-nomina-de-argentina\/#primaryimage","url":"https:\/\/futbolhoy.co\/wp-content\/uploads\/2021\/05\/E2LnTlyXIAcB2B_.jpg","contentUrl":"https:\/\/futbolhoy.co\/wp-content\/uploads\/2021\/05\/E2LnTlyXIAcB2B_.jpg","width":680,"height":383},{"@type":"BreadcrumbList","@id":"https:\/\/futbolhoy.co\/index.php\/2021\/05\/24\/river-completo-la-nomina-de-argentina\/#breadcrumb","itemListElement":[{"@type":"ListItem","position":1,"name":"Portada","item":"https:\/\/futbolhoy.co\/"},{"@type":"ListItem","position":2,"name":"River complet\u00f3 la n\u00f3mina de Argentina"}]},{"@type":"WebSite","@id":"https:\/\/futbolhoy.co\/#website","url":"https:\/\/futbolhoy.co\/","name":"FutbolHoy","description":"","publisher":{"@id":"https:\/\/futbolhoy.co\/#organization"},"potentialAction":[{"@type":"SearchAction","target":{"@type":"EntryPoint","urlTemplate":"https:\/\/futbolhoy.co\/?s={search_term_string}"},"query-input":{"@type":"PropertyValueSpecification","valueRequired":true,"valueName":"search_term_string"}}],"inLanguage":"es"},{"@type":"Organization","@id":"https:\/\/futbolhoy.co\/#organization","name":"Futbolhoy.co","url":"https:\/\/futbolhoy.co\/","logo":{"@type":"ImageObject","inLanguage":"es","@id":"https:\/\/futbolhoy.co\/#\/schema\/logo\/image\/","url":"https:\/\/futbolhoy.co\/wp-content\/uploads\/2018\/08\/17426380_1906371736249227_6326180412931521141_n.jpg","contentUrl":"https:\/\/futbolhoy.co\/wp-content\/uploads\/2018\/08\/17426380_1906371736249227_6326180412931521141_n.jpg","width":960,"height":960,"caption":"Futbolhoy.co"},"image":{"@id":"https:\/\/futbolhoy.co\/#\/schema\/logo\/image\/"},"sameAs":["https:\/\/www.facebook.com\/FutbolHoyCol\/","https:\/\/x.com\/FutbolHoyCol","https:\/\/www.instagram.com\/futbolhoycol\/"]},{"@type":"Person","@id":"https:\/\/futbolhoy.co\/#\/schema\/person\/c4a353a512b127643723a34bb1812f7d","name":"Laura Hern\u00e1ndez","image":{"@type":"ImageObject","inLanguage":"es","@id":"https:\/\/futbolhoy.co\/#\/schema\/person\/image\/","url":"https:\/\/secure.gravatar.com\/avatar\/d25959a15b9b293a743f99181c7cfd01?s=96&d=mm&r=g","contentUrl":"https:\/\/secure.gravatar.com\/avatar\/d25959a15b9b293a743f99181c7cfd01?s=96&d=mm&r=g","caption":"Laura Hern\u00e1ndez"}}]}},"publishpress_future_action":{"enabled":false,"date":"2026-05-04 12:13:32","action":"change-status","newStatus":"draft","terms":[],"taxonomy":"category","extraData":[]},"publishpress_future_workflow_manual_trigger":{"enabledWorkflows":[]},"_links":{"self":[{"href":"https:\/\/futbolhoy.co\/index.php\/wp-json\/wp\/v2\/posts\/65139","targetHints":{"allow":["GET"]}}],"collection":[{"href":"https:\/\/futbolhoy.co\/index.php\/wp-json\/wp\/v2\/posts"}],"about":[{"href":"https:\/\/futbolhoy.co\/index.php\/wp-json\/wp\/v2\/types\/post"}],"author":[{"embeddable":true,"href":"https:\/\/futbolhoy.co\/index.php\/wp-json\/wp\/v2\/users\/5"}],"replies":[{"embeddable":true,"href":"https:\/\/futbolhoy.co\/index.php\/wp-json\/wp\/v2\/comments?post=65139"}],"version-history":[{"count":2,"href":"https:\/\/futbolhoy.co\/index.php\/wp-json\/wp\/v2\/posts\/65139\/revisions"}],"predecessor-version":[{"id":65161,"href":"https:\/\/futbolhoy.co\/index.php\/wp-json\/wp\/v2\/posts\/65139\/revisions\/65161"}],"wp:featuredmedia":[{"embeddable":true,"href":"https:\/\/futbolhoy.co\/index.php\/wp-json\/wp\/v2\/media\/65143"}],"wp:attachment":[{"href":"https:\/\/futbolhoy.co\/index.php\/wp-json\/wp\/v2\/media?parent=65139"}],"wp:term":[{"taxonomy":"category","embeddable":true,"href":"https:\/\/futbolhoy.co\/index.php\/wp-json\/wp\/v2\/categories?post=65139"},{"taxonomy":"post_tag","embeddable":true,"href":"https:\/\/futbolhoy.co\/index.php\/wp-json\/wp\/v2\/tags?post=65139"}],"curies":[{"name":"wp","href":"https:\/\/api.w.org\/{rel}","templated":true}]}}