{"id":65145,"date":"2021-05-24T18:59:32","date_gmt":"2021-05-24T23:59:32","guid":{"rendered":"https:\/\/futbolhoy.co\/?p=65145"},"modified":"2021-05-25T12:16:30","modified_gmt":"2021-05-25T17:16:30","slug":"simeone-elogio-a-borre","status":"publish","type":"post","link":"https:\/\/futbolhoy.co\/index.php\/2021\/05\/24\/simeone-elogio-a-borre\/","title":{"rendered":"Simeone elogi\u00f3 a Borr\u00e9"},"content":{"rendered":"<!--[if lt IE 9]><script>document.createElement('audio');<\/script><![endif]-->\n<audio class=\"wp-audio-shortcode\" id=\"audio-65145-1\" preload=\"none\" style=\"width: 100%;\" controls=\"controls\"><source type=\"audio\/mpeg\" src=\"https:\/\/futbolhoy.co\/wp-content\/uploads\/2021\/05\/Diego-Pablo-Simeone-DT-Atletico-de-Madrid-en-ESPN..mp3?_=1\" \/><a href=\"https:\/\/futbolhoy.co\/wp-content\/uploads\/2021\/05\/Diego-Pablo-Simeone-DT-Atletico-de-Madrid-en-ESPN..mp3\">https:\/\/futbolhoy.co\/wp-content\/uploads\/2021\/05\/Diego-Pablo-Simeone-DT-Atletico-de-Madrid-en-ESPN..mp3<\/a><\/audio>\n<p style=\"text-align: justify;\"><span style=\"font-family: helvetica, arial, sans-serif; font-size: 10pt;\"><em><strong>Diego Pablo Simeone, DT Atl\u00e9tico de Madrid - Cortes\u00eda ESPN\u00a0<\/strong><\/em><\/span><\/p>\n<p style=\"text-align: justify;\"><span lang=\"ES-MX\" style=\"font-family: helvetica, arial, sans-serif;\">El t\u00e9cnico argentino del\u00a0<b>Atl\u00e9tico de Madrid<\/b>,\u00a0<b>Diego Pablo \u2018Cholo\u2019 Simeone<\/b>, flamante campe\u00f3n de la\u00a0<b>Liga espa\u00f1ola<\/b>, elogi\u00f3 al delantero barranquillero\u00a0<b>Rafael Santos Borr\u00e9<\/b>, de gran temporada con\u00a0<b>River Plate<\/b>.<\/span><\/p>\n<p style=\"text-align: justify;\"><span lang=\"ES-MX\" style=\"font-family: helvetica, arial, sans-serif;\">Simeone destac\u00f3 las virtudes del atacante colombiano y aunque no confirm\u00f3 que el club\u00a0<b>\u2018colchonero\u2019<\/b>\u00a0vaya a buscar al jugador este verano, s\u00ed mostr\u00f3 deseo en que el jugador pueda tener una nueva oportunidad en el f\u00fatbol europeo, donde ya estuvo en el\u00a0<b>Villarreal<\/b>\u00a0entre 2016 y 2017, cedido por el Atl\u00e9tico.<\/span><\/p>\n<p style=\"text-align: justify;\"><span lang=\"ES-MX\" style=\"font-family: helvetica, arial, sans-serif;\">\u201cEs verdad que no hemos hablado del tema Borr\u00e9, pero\u00a0<b>la est\u00e1 rompiendo en River<\/b>. Estoy muy contento por \u00e9l, vino muy chico y la verdad que su crecimiento ha sido tremendo, fenomenal; y ojal\u00e1 que tenga los mejores caminos para poder seguir recorriendo, porque lo est\u00e1 haciendo muy bien\u201d, declar\u00f3 Simeone en\u00a0<i>ESPN<\/i>.<\/span><\/p>\n<p style=\"text-align: justify;\"><span lang=\"ES-MX\" style=\"font-family: helvetica, arial, sans-serif;\">Borr\u00e9, de 25 a\u00f1os, ha disputado 146 partidos con el\u00a0<b>\u2018millonario\u2019 argentino<\/b>, marcando 56 goles y realizando 20 asistencias.<\/span><\/p>\n","protected":false},"excerpt":{"rendered":"<p>Diego Pablo Simeone, DT Atl\u00e9tico de Madrid - Cortes\u00eda ESPN\u00a0 El t\u00e9cnico argentino del\u00a0Atl\u00e9tico de Madrid,\u00a0Diego Pablo \u2018Cholo\u2019 Simeone, flamante campe\u00f3n de la\u00a0Liga espa\u00f1ola, elogi\u00f3 al delantero barranquillero\u00a0Rafael Santos Borr\u00e9, de gran temporada con\u00a0River Plate. Simeone destac\u00f3 las virtudes del atacante colombiano y aunque no confirm\u00f3 que el club\u00a0\u2018colchonero\u2019\u00a0vaya a buscar al jugador este verano, [&hellip;]<\/p>\n","protected":false},"author":5,"featured_media":65147,"comment_status":"open","ping_status":"open","sticky":false,"template":"","format":"video","meta":{"_acf_changed":false,"footnotes":""},"categories":[418],"tags":[],"class_list":{"0":"post-65145","1":"post","2":"type-post","3":"status-publish","4":"format-video","5":"has-post-thumbnail","7":"category-colombia","8":"post_format-post-format-video"},"acf":[],"yoast_head":"<!-- This site is optimized with the Yoast SEO plugin v26.8 - https:\/\/yoast.com\/product\/yoast-seo-wordpress\/ -->\n<title>Simeone elogi\u00f3 a Borr\u00e9 -<\/title>\n<meta name=\"robots\" content=\"index, follow, max-snippet:-1, max-image-preview:large, max-video-preview:-1\" \/>\n<link rel=\"canonical\" href=\"https:\/\/futbolhoy.co\/index.php\/2021\/05\/24\/simeone-elogio-a-borre\/\" \/>\n<meta property=\"og:locale\" content=\"es_ES\" \/>\n<meta property=\"og:type\" content=\"article\" \/>\n<meta property=\"og:title\" content=\"Simeone elogi\u00f3 a Borr\u00e9 -\" \/>\n<meta property=\"og:description\" content=\"Diego Pablo Simeone, DT Atl\u00e9tico de Madrid - Cortes\u00eda ESPN\u00a0 El t\u00e9cnico argentino del\u00a0Atl\u00e9tico de Madrid,\u00a0Diego Pablo \u2018Cholo\u2019 Simeone, flamante campe\u00f3n de la\u00a0Liga espa\u00f1ola, elogi\u00f3 al delantero barranquillero\u00a0Rafael Santos Borr\u00e9, de gran temporada con\u00a0River Plate. Simeone destac\u00f3 las virtudes del atacante colombiano y aunque no confirm\u00f3 que el club\u00a0\u2018colchonero\u2019\u00a0vaya a buscar al jugador este verano, [&hellip;]\" \/>\n<meta property=\"og:url\" content=\"https:\/\/futbolhoy.co\/index.php\/2021\/05\/24\/simeone-elogio-a-borre\/\" \/>\n<meta property=\"article:publisher\" content=\"https:\/\/www.facebook.com\/FutbolHoyCol\/\" \/>\n<meta property=\"article:published_time\" content=\"2021-05-24T23:59:32+00:00\" \/>\n<meta property=\"article:modified_time\" content=\"2021-05-25T17:16:30+00:00\" \/>\n<meta property=\"og:image\" content=\"https:\/\/futbolhoy.co\/wp-content\/uploads\/2021\/05\/Cndf_GUWEAA04MU.jpg\" \/>\n\t<meta property=\"og:image:width\" content=\"680\" \/>\n\t<meta property=\"og:image:height\" content=\"386\" \/>\n\t<meta property=\"og:image:type\" content=\"image\/jpeg\" \/>\n<meta name=\"author\" content=\"Laura Hern\u00e1ndez\" \/>\n<meta name=\"twitter:card\" content=\"summary_large_image\" \/>\n<meta name=\"twitter:creator\" content=\"@FutbolHoyCol\" \/>\n<meta name=\"twitter:site\" content=\"@FutbolHoyCol\" \/>\n<meta name=\"twitter:label1\" content=\"Escrito por\" \/>\n\t<meta name=\"twitter:data1\" content=\"Laura Hern\u00e1ndez\" \/>\n\t<meta name=\"twitter:label2\" content=\"Tiempo de lectura\" \/>\n\t<meta name=\"twitter:data2\" content=\"1 minuto\" \/>\n<script type=\"application\/ld+json\" class=\"yoast-schema-graph\">{\"@context\":\"https:\/\/schema.org\",\"@graph\":[{\"@type\":\"Article\",\"@id\":\"https:\/\/futbolhoy.co\/index.php\/2021\/05\/24\/simeone-elogio-a-borre\/#article\",\"isPartOf\":{\"@id\":\"https:\/\/futbolhoy.co\/index.php\/2021\/05\/24\/simeone-elogio-a-borre\/\"},\"author\":{\"name\":\"Laura Hern\u00e1ndez\",\"@id\":\"https:\/\/futbolhoy.co\/#\/schema\/person\/c4a353a512b127643723a34bb1812f7d\"},\"headline\":\"Simeone elogi\u00f3 a Borr\u00e9\",\"datePublished\":\"2021-05-24T23:59:32+00:00\",\"dateModified\":\"2021-05-25T17:16:30+00:00\",\"mainEntityOfPage\":{\"@id\":\"https:\/\/futbolhoy.co\/index.php\/2021\/05\/24\/simeone-elogio-a-borre\/\"},\"wordCount\":182,\"commentCount\":0,\"publisher\":{\"@id\":\"https:\/\/futbolhoy.co\/#organization\"},\"image\":{\"@id\":\"https:\/\/futbolhoy.co\/index.php\/2021\/05\/24\/simeone-elogio-a-borre\/#primaryimage\"},\"thumbnailUrl\":\"https:\/\/futbolhoy.co\/wp-content\/uploads\/2021\/05\/Cndf_GUWEAA04MU.jpg\",\"articleSection\":[\"Colombia\"],\"inLanguage\":\"es\",\"potentialAction\":[{\"@type\":\"CommentAction\",\"name\":\"Comment\",\"target\":[\"https:\/\/futbolhoy.co\/index.php\/2021\/05\/24\/simeone-elogio-a-borre\/#respond\"]}]},{\"@type\":\"WebPage\",\"@id\":\"https:\/\/futbolhoy.co\/index.php\/2021\/05\/24\/simeone-elogio-a-borre\/\",\"url\":\"https:\/\/futbolhoy.co\/index.php\/2021\/05\/24\/simeone-elogio-a-borre\/\",\"name\":\"Simeone elogi\u00f3 a Borr\u00e9 -\",\"isPartOf\":{\"@id\":\"https:\/\/futbolhoy.co\/#website\"},\"primaryImageOfPage\":{\"@id\":\"https:\/\/futbolhoy.co\/index.php\/2021\/05\/24\/simeone-elogio-a-borre\/#primaryimage\"},\"image\":{\"@id\":\"https:\/\/futbolhoy.co\/index.php\/2021\/05\/24\/simeone-elogio-a-borre\/#primaryimage\"},\"thumbnailUrl\":\"https:\/\/futbolhoy.co\/wp-content\/uploads\/2021\/05\/Cndf_GUWEAA04MU.jpg\",\"datePublished\":\"2021-05-24T23:59:32+00:00\",\"dateModified\":\"2021-05-25T17:16:30+00:00\",\"breadcrumb\":{\"@id\":\"https:\/\/futbolhoy.co\/index.php\/2021\/05\/24\/simeone-elogio-a-borre\/#breadcrumb\"},\"inLanguage\":\"es\",\"potentialAction\":[{\"@type\":\"ReadAction\",\"target\":[\"https:\/\/futbolhoy.co\/index.php\/2021\/05\/24\/simeone-elogio-a-borre\/\"]}]},{\"@type\":\"ImageObject\",\"inLanguage\":\"es\",\"@id\":\"https:\/\/futbolhoy.co\/index.php\/2021\/05\/24\/simeone-elogio-a-borre\/#primaryimage\",\"url\":\"https:\/\/futbolhoy.co\/wp-content\/uploads\/2021\/05\/Cndf_GUWEAA04MU.jpg\",\"contentUrl\":\"https:\/\/futbolhoy.co\/wp-content\/uploads\/2021\/05\/Cndf_GUWEAA04MU.jpg\",\"width\":680,\"height\":386},{\"@type\":\"BreadcrumbList\",\"@id\":\"https:\/\/futbolhoy.co\/index.php\/2021\/05\/24\/simeone-elogio-a-borre\/#breadcrumb\",\"itemListElement\":[{\"@type\":\"ListItem\",\"position\":1,\"name\":\"Portada\",\"item\":\"https:\/\/futbolhoy.co\/\"},{\"@type\":\"ListItem\",\"position\":2,\"name\":\"Simeone elogi\u00f3 a Borr\u00e9\"}]},{\"@type\":\"WebSite\",\"@id\":\"https:\/\/futbolhoy.co\/#website\",\"url\":\"https:\/\/futbolhoy.co\/\",\"name\":\"FutbolHoy\",\"description\":\"\",\"publisher\":{\"@id\":\"https:\/\/futbolhoy.co\/#organization\"},\"potentialAction\":[{\"@type\":\"SearchAction\",\"target\":{\"@type\":\"EntryPoint\",\"urlTemplate\":\"https:\/\/futbolhoy.co\/?s={search_term_string}\"},\"query-input\":{\"@type\":\"PropertyValueSpecification\",\"valueRequired\":true,\"valueName\":\"search_term_string\"}}],\"inLanguage\":\"es\"},{\"@type\":\"Organization\",\"@id\":\"https:\/\/futbolhoy.co\/#organization\",\"name\":\"Futbolhoy.co\",\"url\":\"https:\/\/futbolhoy.co\/\",\"logo\":{\"@type\":\"ImageObject\",\"inLanguage\":\"es\",\"@id\":\"https:\/\/futbolhoy.co\/#\/schema\/logo\/image\/\",\"url\":\"https:\/\/futbolhoy.co\/wp-content\/uploads\/2018\/08\/17426380_1906371736249227_6326180412931521141_n.jpg\",\"contentUrl\":\"https:\/\/futbolhoy.co\/wp-content\/uploads\/2018\/08\/17426380_1906371736249227_6326180412931521141_n.jpg\",\"width\":960,\"height\":960,\"caption\":\"Futbolhoy.co\"},\"image\":{\"@id\":\"https:\/\/futbolhoy.co\/#\/schema\/logo\/image\/\"},\"sameAs\":[\"https:\/\/www.facebook.com\/FutbolHoyCol\/\",\"https:\/\/x.com\/FutbolHoyCol\",\"https:\/\/www.instagram.com\/futbolhoycol\/\"]},{\"@type\":\"Person\",\"@id\":\"https:\/\/futbolhoy.co\/#\/schema\/person\/c4a353a512b127643723a34bb1812f7d\",\"name\":\"Laura Hern\u00e1ndez\",\"image\":{\"@type\":\"ImageObject\",\"inLanguage\":\"es\",\"@id\":\"https:\/\/futbolhoy.co\/#\/schema\/person\/image\/\",\"url\":\"https:\/\/secure.gravatar.com\/avatar\/d25959a15b9b293a743f99181c7cfd01?s=96&d=mm&r=g\",\"contentUrl\":\"https:\/\/secure.gravatar.com\/avatar\/d25959a15b9b293a743f99181c7cfd01?s=96&d=mm&r=g\",\"caption\":\"Laura Hern\u00e1ndez\"}}]}<\/script>\n<!-- \/ Yoast SEO plugin. -->","yoast_head_json":{"title":"Simeone elogi\u00f3 a Borr\u00e9 -","robots":{"index":"index","follow":"follow","max-snippet":"max-snippet:-1","max-image-preview":"max-image-preview:large","max-video-preview":"max-video-preview:-1"},"canonical":"https:\/\/futbolhoy.co\/index.php\/2021\/05\/24\/simeone-elogio-a-borre\/","og_locale":"es_ES","og_type":"article","og_title":"Simeone elogi\u00f3 a Borr\u00e9 -","og_description":"Diego Pablo Simeone, DT Atl\u00e9tico de Madrid - Cortes\u00eda ESPN\u00a0 El t\u00e9cnico argentino del\u00a0Atl\u00e9tico de Madrid,\u00a0Diego Pablo \u2018Cholo\u2019 Simeone, flamante campe\u00f3n de la\u00a0Liga espa\u00f1ola, elogi\u00f3 al delantero barranquillero\u00a0Rafael Santos Borr\u00e9, de gran temporada con\u00a0River Plate. Simeone destac\u00f3 las virtudes del atacante colombiano y aunque no confirm\u00f3 que el club\u00a0\u2018colchonero\u2019\u00a0vaya a buscar al jugador este verano, [&hellip;]","og_url":"https:\/\/futbolhoy.co\/index.php\/2021\/05\/24\/simeone-elogio-a-borre\/","article_publisher":"https:\/\/www.facebook.com\/FutbolHoyCol\/","article_published_time":"2021-05-24T23:59:32+00:00","article_modified_time":"2021-05-25T17:16:30+00:00","og_image":[{"width":680,"height":386,"url":"https:\/\/futbolhoy.co\/wp-content\/uploads\/2021\/05\/Cndf_GUWEAA04MU.jpg","type":"image\/jpeg"}],"author":"Laura Hern\u00e1ndez","twitter_card":"summary_large_image","twitter_creator":"@FutbolHoyCol","twitter_site":"@FutbolHoyCol","twitter_misc":{"Escrito por":"Laura Hern\u00e1ndez","Tiempo de lectura":"1 minuto"},"schema":{"@context":"https:\/\/schema.org","@graph":[{"@type":"Article","@id":"https:\/\/futbolhoy.co\/index.php\/2021\/05\/24\/simeone-elogio-a-borre\/#article","isPartOf":{"@id":"https:\/\/futbolhoy.co\/index.php\/2021\/05\/24\/simeone-elogio-a-borre\/"},"author":{"name":"Laura Hern\u00e1ndez","@id":"https:\/\/futbolhoy.co\/#\/schema\/person\/c4a353a512b127643723a34bb1812f7d"},"headline":"Simeone elogi\u00f3 a Borr\u00e9","datePublished":"2021-05-24T23:59:32+00:00","dateModified":"2021-05-25T17:16:30+00:00","mainEntityOfPage":{"@id":"https:\/\/futbolhoy.co\/index.php\/2021\/05\/24\/simeone-elogio-a-borre\/"},"wordCount":182,"commentCount":0,"publisher":{"@id":"https:\/\/futbolhoy.co\/#organization"},"image":{"@id":"https:\/\/futbolhoy.co\/index.php\/2021\/05\/24\/simeone-elogio-a-borre\/#primaryimage"},"thumbnailUrl":"https:\/\/futbolhoy.co\/wp-content\/uploads\/2021\/05\/Cndf_GUWEAA04MU.jpg","articleSection":["Colombia"],"inLanguage":"es","potentialAction":[{"@type":"CommentAction","name":"Comment","target":["https:\/\/futbolhoy.co\/index.php\/2021\/05\/24\/simeone-elogio-a-borre\/#respond"]}]},{"@type":"WebPage","@id":"https:\/\/futbolhoy.co\/index.php\/2021\/05\/24\/simeone-elogio-a-borre\/","url":"https:\/\/futbolhoy.co\/index.php\/2021\/05\/24\/simeone-elogio-a-borre\/","name":"Simeone elogi\u00f3 a Borr\u00e9 -","isPartOf":{"@id":"https:\/\/futbolhoy.co\/#website"},"primaryImageOfPage":{"@id":"https:\/\/futbolhoy.co\/index.php\/2021\/05\/24\/simeone-elogio-a-borre\/#primaryimage"},"image":{"@id":"https:\/\/futbolhoy.co\/index.php\/2021\/05\/24\/simeone-elogio-a-borre\/#primaryimage"},"thumbnailUrl":"https:\/\/futbolhoy.co\/wp-content\/uploads\/2021\/05\/Cndf_GUWEAA04MU.jpg","datePublished":"2021-05-24T23:59:32+00:00","dateModified":"2021-05-25T17:16:30+00:00","breadcrumb":{"@id":"https:\/\/futbolhoy.co\/index.php\/2021\/05\/24\/simeone-elogio-a-borre\/#breadcrumb"},"inLanguage":"es","potentialAction":[{"@type":"ReadAction","target":["https:\/\/futbolhoy.co\/index.php\/2021\/05\/24\/simeone-elogio-a-borre\/"]}]},{"@type":"ImageObject","inLanguage":"es","@id":"https:\/\/futbolhoy.co\/index.php\/2021\/05\/24\/simeone-elogio-a-borre\/#primaryimage","url":"https:\/\/futbolhoy.co\/wp-content\/uploads\/2021\/05\/Cndf_GUWEAA04MU.jpg","contentUrl":"https:\/\/futbolhoy.co\/wp-content\/uploads\/2021\/05\/Cndf_GUWEAA04MU.jpg","width":680,"height":386},{"@type":"BreadcrumbList","@id":"https:\/\/futbolhoy.co\/index.php\/2021\/05\/24\/simeone-elogio-a-borre\/#breadcrumb","itemListElement":[{"@type":"ListItem","position":1,"name":"Portada","item":"https:\/\/futbolhoy.co\/"},{"@type":"ListItem","position":2,"name":"Simeone elogi\u00f3 a Borr\u00e9"}]},{"@type":"WebSite","@id":"https:\/\/futbolhoy.co\/#website","url":"https:\/\/futbolhoy.co\/","name":"FutbolHoy","description":"","publisher":{"@id":"https:\/\/futbolhoy.co\/#organization"},"potentialAction":[{"@type":"SearchAction","target":{"@type":"EntryPoint","urlTemplate":"https:\/\/futbolhoy.co\/?s={search_term_string}"},"query-input":{"@type":"PropertyValueSpecification","valueRequired":true,"valueName":"search_term_string"}}],"inLanguage":"es"},{"@type":"Organization","@id":"https:\/\/futbolhoy.co\/#organization","name":"Futbolhoy.co","url":"https:\/\/futbolhoy.co\/","logo":{"@type":"ImageObject","inLanguage":"es","@id":"https:\/\/futbolhoy.co\/#\/schema\/logo\/image\/","url":"https:\/\/futbolhoy.co\/wp-content\/uploads\/2018\/08\/17426380_1906371736249227_6326180412931521141_n.jpg","contentUrl":"https:\/\/futbolhoy.co\/wp-content\/uploads\/2018\/08\/17426380_1906371736249227_6326180412931521141_n.jpg","width":960,"height":960,"caption":"Futbolhoy.co"},"image":{"@id":"https:\/\/futbolhoy.co\/#\/schema\/logo\/image\/"},"sameAs":["https:\/\/www.facebook.com\/FutbolHoyCol\/","https:\/\/x.com\/FutbolHoyCol","https:\/\/www.instagram.com\/futbolhoycol\/"]},{"@type":"Person","@id":"https:\/\/futbolhoy.co\/#\/schema\/person\/c4a353a512b127643723a34bb1812f7d","name":"Laura Hern\u00e1ndez","image":{"@type":"ImageObject","inLanguage":"es","@id":"https:\/\/futbolhoy.co\/#\/schema\/person\/image\/","url":"https:\/\/secure.gravatar.com\/avatar\/d25959a15b9b293a743f99181c7cfd01?s=96&d=mm&r=g","contentUrl":"https:\/\/secure.gravatar.com\/avatar\/d25959a15b9b293a743f99181c7cfd01?s=96&d=mm&r=g","caption":"Laura Hern\u00e1ndez"}}]}},"publishpress_future_action":{"enabled":false,"date":"2026-05-04 13:38:07","action":"change-status","newStatus":"draft","terms":[],"taxonomy":"category","extraData":[]},"publishpress_future_workflow_manual_trigger":{"enabledWorkflows":[]},"_links":{"self":[{"href":"https:\/\/futbolhoy.co\/index.php\/wp-json\/wp\/v2\/posts\/65145","targetHints":{"allow":["GET"]}}],"collection":[{"href":"https:\/\/futbolhoy.co\/index.php\/wp-json\/wp\/v2\/posts"}],"about":[{"href":"https:\/\/futbolhoy.co\/index.php\/wp-json\/wp\/v2\/types\/post"}],"author":[{"embeddable":true,"href":"https:\/\/futbolhoy.co\/index.php\/wp-json\/wp\/v2\/users\/5"}],"replies":[{"embeddable":true,"href":"https:\/\/futbolhoy.co\/index.php\/wp-json\/wp\/v2\/comments?post=65145"}],"version-history":[{"count":1,"href":"https:\/\/futbolhoy.co\/index.php\/wp-json\/wp\/v2\/posts\/65145\/revisions"}],"predecessor-version":[{"id":65148,"href":"https:\/\/futbolhoy.co\/index.php\/wp-json\/wp\/v2\/posts\/65145\/revisions\/65148"}],"wp:featuredmedia":[{"embeddable":true,"href":"https:\/\/futbolhoy.co\/index.php\/wp-json\/wp\/v2\/media\/65147"}],"wp:attachment":[{"href":"https:\/\/futbolhoy.co\/index.php\/wp-json\/wp\/v2\/media?parent=65145"}],"wp:term":[{"taxonomy":"category","embeddable":true,"href":"https:\/\/futbolhoy.co\/index.php\/wp-json\/wp\/v2\/categories?post=65145"},{"taxonomy":"post_tag","embeddable":true,"href":"https:\/\/futbolhoy.co\/index.php\/wp-json\/wp\/v2\/tags?post=65145"}],"curies":[{"name":"wp","href":"https:\/\/api.w.org\/{rel}","templated":true}]}}