{"id":65290,"date":"2021-05-28T18:05:04","date_gmt":"2021-05-28T23:05:04","guid":{"rendered":"https:\/\/futbolhoy.co\/?p=65290"},"modified":"2021-05-29T08:36:10","modified_gmt":"2021-05-29T13:36:10","slug":"morelos-otra-baja-de-la-seleccion-colombia","status":"publish","type":"post","link":"https:\/\/futbolhoy.co\/index.php\/2021\/05\/28\/morelos-otra-baja-de-la-seleccion-colombia\/","title":{"rendered":"Morelos, otra baja de la Selecci\u00f3n Colombia"},"content":{"rendered":"<p style=\"text-align: justify;\"><span style=\"font-family: helvetica, arial, sans-serif;\">El delantero del\u00a0<b>Rangers de Escocia, Alfredo Morelos<\/b>, se perder\u00e1 los partidos de la\u00a0<b>Selecci\u00f3n Colombia<\/b>\u00a0ante\u00a0<b>Per\u00fa en Lima<\/b>\u00a0el jueves 3 de junio y frente a\u00a0<b>Argentina en Barranquilla<\/b>\u00a0el martes 8 del mismo mes por haber resultado positivo para\u00a0<b>Covid-19<\/b>\u00a0en la prueba\u00a0<b>PCR<\/b>\u00a0a la que fue sometido.<\/span><\/p>\n<p style=\"text-align: justify;\"><span style=\"font-family: helvetica, arial, sans-serif;\">Morelos, de 24 a\u00f1os, fue el \u00fanico miembro de la plantilla que arroj\u00f3 ese resultado en las pruebas que se efectuaron a la totalidad de integrantes del equipo, junto al kinesi\u00f3logo\u00a0<b>Jos\u00e9 Rend\u00f3n<\/b>.<\/span><\/p>\n<p style=\"text-align: justify;\"><span style=\"font-family: helvetica, arial, sans-serif;\">El atacante cordob\u00e9s se convierte en la tercera baja del grupo de 26 jugadores inicialmente convocados por el t\u00e9cnico\u00a0<b>Reinaldo Rueda<\/b>\u00a0para su debut en las eliminatorias al\u00a0<b>Mundial Qatar 2022<\/b>, tras las ausencias de\u00a0<b>Juan Fernando Quintero y James Rodr\u00edguez<\/b>.<\/span><\/p>\n<p style=\"text-align: justify;\"><span style=\"font-family: helvetica, arial, sans-serif;\"><b>\u2018El b\u00fafalo\u2019<\/b>\u00a0fue aislado del plantel y de acuerdo a su evoluci\u00f3n podr\u00e1 incorporarse al equipo para afrontar\u00a0<b>la Copa Am\u00e9rica<\/b>\u00a0desde el 13 de junio.<\/span><\/p>\n","protected":false},"excerpt":{"rendered":"<p>El delantero del\u00a0Rangers de Escocia, Alfredo Morelos, se perder\u00e1 los partidos de la\u00a0Selecci\u00f3n Colombia\u00a0ante\u00a0Per\u00fa en Lima\u00a0el jueves 3 de junio y frente a\u00a0Argentina en Barranquilla\u00a0el martes 8 del mismo mes por haber resultado positivo para\u00a0Covid-19\u00a0en la prueba\u00a0PCR\u00a0a la que fue sometido. Morelos, de 24 a\u00f1os, fue el \u00fanico miembro de la plantilla que arroj\u00f3 ese [&hellip;]<\/p>\n","protected":false},"author":5,"featured_media":65291,"comment_status":"open","ping_status":"closed","sticky":false,"template":"","format":"standard","meta":{"_acf_changed":false,"footnotes":""},"categories":[418],"tags":[],"class_list":{"0":"post-65290","1":"post","2":"type-post","3":"status-publish","4":"format-standard","5":"has-post-thumbnail","7":"category-colombia"},"acf":[],"_links":{"self":[{"href":"https:\/\/futbolhoy.co\/index.php\/wp-json\/wp\/v2\/posts\/65290","targetHints":{"allow":["GET"]}}],"collection":[{"href":"https:\/\/futbolhoy.co\/index.php\/wp-json\/wp\/v2\/posts"}],"about":[{"href":"https:\/\/futbolhoy.co\/index.php\/wp-json\/wp\/v2\/types\/post"}],"author":[{"embeddable":true,"href":"https:\/\/futbolhoy.co\/index.php\/wp-json\/wp\/v2\/users\/5"}],"replies":[{"embeddable":true,"href":"https:\/\/futbolhoy.co\/index.php\/wp-json\/wp\/v2\/comments?post=65290"}],"version-history":[{"count":1,"href":"https:\/\/futbolhoy.co\/index.php\/wp-json\/wp\/v2\/posts\/65290\/revisions"}],"predecessor-version":[{"id":65292,"href":"https:\/\/futbolhoy.co\/index.php\/wp-json\/wp\/v2\/posts\/65290\/revisions\/65292"}],"wp:featuredmedia":[{"embeddable":true,"href":"https:\/\/futbolhoy.co\/index.php\/wp-json\/wp\/v2\/media\/65291"}],"wp:attachment":[{"href":"https:\/\/futbolhoy.co\/index.php\/wp-json\/wp\/v2\/media?parent=65290"}],"wp:term":[{"taxonomy":"category","embeddable":true,"href":"https:\/\/futbolhoy.co\/index.php\/wp-json\/wp\/v2\/categories?post=65290"},{"taxonomy":"post_tag","embeddable":true,"href":"https:\/\/futbolhoy.co\/index.php\/wp-json\/wp\/v2\/tags?post=65290"}],"curies":[{"name":"wp","href":"https:\/\/api.w.org\/{rel}","templated":true}]}}