{"id":65486,"date":"2021-06-01T19:26:38","date_gmt":"2021-06-02T00:26:38","guid":{"rendered":"https:\/\/futbolhoy.co\/?p=65486"},"modified":"2021-06-02T19:13:56","modified_gmt":"2021-06-03T00:13:56","slug":"los-partidos-con-colombia-son-duros-y-parejos-gareca","status":"publish","type":"post","link":"https:\/\/futbolhoy.co\/index.php\/2021\/06\/01\/los-partidos-con-colombia-son-duros-y-parejos-gareca\/","title":{"rendered":"Los partidos con Colombia son duros y parejos: Gareca"},"content":{"rendered":"<!--[if lt IE 9]><script>document.createElement('audio');<\/script><![endif]-->\n<audio class=\"wp-audio-shortcode\" id=\"audio-65486-1\" preload=\"none\" style=\"width: 100%;\" controls=\"controls\"><source type=\"audio\/mpeg\" src=\"https:\/\/futbolhoy.co\/wp-content\/uploads\/2021\/06\/gareca.mp3?_=1\" \/><a href=\"https:\/\/futbolhoy.co\/wp-content\/uploads\/2021\/06\/gareca.mp3\">https:\/\/futbolhoy.co\/wp-content\/uploads\/2021\/06\/gareca.mp3<\/a><\/audio>\n<p><span style=\"font-family: helvetica, arial, sans-serif; font-size: 10pt;\"><strong><em>Ricardo Gareca - DT Selecci\u00f3n Per\u00fa, Rueda de prensa previa a Colombia\u00a0<\/em><\/strong><\/span><\/p>\n<div>\n<p style=\"text-align: justify;\"><span style=\"font-family: helvetica, arial, sans-serif;\">El seleccionador de <strong>Per\u00fa, Ricardo Gareca,<\/strong> asegur\u00f3 que el partido frente a <strong>Colombia<\/strong> en la reanudaci\u00f3n de las eliminatorias a <strong>Qatar 2022,<\/strong> ser\u00e1 muy dif\u00edcil y recio.<\/span><\/p>\n<p style=\"text-align: justify;\"><span style=\"font-family: helvetica, arial, sans-serif;\">\u201cSer\u00e1 un partido intenso y de mucha fricci\u00f3n (\u2026) Con Colombia siempre han sido partidos muy duros y parejos. Tengo un gran respeto por esa selecci\u00f3n y sus jugadores. Asume un t\u00e9cnico nuevo de la experiencia de Reinaldo (Rueda), que ya lo conocemos y tenemos idea de con que Colombia nos podemos encontrar\", sostuvo <strong>Gareca<\/strong> en rueda de prensa.<\/span><\/p>\n<p style=\"text-align: justify;\"><span style=\"font-family: helvetica, arial, sans-serif;\">\u201cColombia ha dejado de ser una selecci\u00f3n que especula. Ha crecido con los a\u00f1os y ha empezado a tener un determinado protagonismo\", agreg\u00f3.<\/span><\/p>\n<p style=\"text-align: justify;\"><span style=\"font-family: helvetica, arial, sans-serif;\">\u201cM\u00e1s all\u00e1 de lo que pueda llegar a plantear, Colombia siempre est\u00e1 exigida a ser protagonista en cualquier escenario, tanto de local como de visitante. Ambas selecciones est\u00e1n en condiciones de brindar un buen espect\u00e1culo e ir a ganar el partido\", puntualiz\u00f3.<\/span><\/p>\n<p style=\"text-align: justify;\"><span style=\"font-family: helvetica, arial, sans-serif;\"><strong>Gareca<\/strong> evit\u00f3 adelantar la formaci\u00f3n que presentar\u00e1 frente a Colombia, ya que varias de sus figuras se han incorporado a la concentraci\u00f3n con pocas horas de margen frente al partido.<\/span><\/p>\n<p style=\"text-align: justify;\"><span style=\"font-family: helvetica, arial, sans-serif;\"><strong>Per\u00fa<\/strong> recibir\u00e1 a <strong>Colombia<\/strong> el pr\u00f3ximo jueves en el estadio Nacional de Lima, a partir de las 9pm.<\/span><\/p>\n<p style=\"text-align: justify;\"><span style=\"font-family: helvetica, arial, sans-serif;\">El partido ser\u00e1 dirigido por el brasile\u00f1o <strong>Wilton Sampaio.<\/strong><\/span><\/p>\n<\/div>\n","protected":false},"excerpt":{"rendered":"<p>Ricardo Gareca - DT Selecci\u00f3n Per\u00fa, Rueda de prensa previa a Colombia\u00a0 El seleccionador de Per\u00fa, Ricardo Gareca, asegur\u00f3 que el partido frente a Colombia en la reanudaci\u00f3n de las eliminatorias a Qatar 2022, ser\u00e1 muy dif\u00edcil y recio. \u201cSer\u00e1 un partido intenso y de mucha fricci\u00f3n (\u2026) Con Colombia siempre han sido partidos muy [&hellip;]<\/p>\n","protected":false},"author":5,"featured_media":65487,"comment_status":"open","ping_status":"open","sticky":false,"template":"","format":"video","meta":{"_acf_changed":false,"footnotes":""},"categories":[1965],"tags":[94,1860,186,127,446],"class_list":{"0":"post-65486","1":"post","2":"type-post","3":"status-publish","4":"format-video","5":"has-post-thumbnail","7":"category-eli","8":"tag-eliminatorias","9":"tag-eliminatorias-qatar-2022","10":"tag-ricardo-gareca","11":"tag-seleccion-colombia","12":"tag-seleccion-peru","13":"post_format-post-format-video"},"acf":[],"yoast_head":"<!-- This site is optimized with the Yoast SEO plugin v26.8 - https:\/\/yoast.com\/product\/yoast-seo-wordpress\/ -->\n<title>Los partidos con Colombia son duros y parejos: Gareca -<\/title>\n<meta name=\"robots\" content=\"index, follow, max-snippet:-1, max-image-preview:large, max-video-preview:-1\" \/>\n<link rel=\"canonical\" href=\"https:\/\/futbolhoy.co\/index.php\/2021\/06\/01\/los-partidos-con-colombia-son-duros-y-parejos-gareca\/\" \/>\n<meta property=\"og:locale\" content=\"es_ES\" \/>\n<meta property=\"og:type\" content=\"article\" \/>\n<meta property=\"og:title\" content=\"Los partidos con Colombia son duros y parejos: Gareca -\" \/>\n<meta property=\"og:description\" content=\"Ricardo Gareca - DT Selecci\u00f3n Per\u00fa, Rueda de prensa previa a Colombia\u00a0 El seleccionador de Per\u00fa, Ricardo Gareca, asegur\u00f3 que el partido frente a Colombia en la reanudaci\u00f3n de las eliminatorias a Qatar 2022, ser\u00e1 muy dif\u00edcil y recio. \u201cSer\u00e1 un partido intenso y de mucha fricci\u00f3n (\u2026) Con Colombia siempre han sido partidos muy [&hellip;]\" \/>\n<meta property=\"og:url\" content=\"https:\/\/futbolhoy.co\/index.php\/2021\/06\/01\/los-partidos-con-colombia-son-duros-y-parejos-gareca\/\" \/>\n<meta property=\"article:publisher\" content=\"https:\/\/www.facebook.com\/FutbolHoyCol\/\" \/>\n<meta property=\"article:published_time\" content=\"2021-06-02T00:26:38+00:00\" \/>\n<meta property=\"article:modified_time\" content=\"2021-06-03T00:13:56+00:00\" \/>\n<meta property=\"og:image\" content=\"https:\/\/futbolhoy.co\/wp-content\/uploads\/2021\/06\/E18nJicXoAM2bSp.jpg\" \/>\n\t<meta property=\"og:image:width\" content=\"2048\" \/>\n\t<meta property=\"og:image:height\" content=\"1304\" \/>\n\t<meta property=\"og:image:type\" content=\"image\/jpeg\" \/>\n<meta name=\"author\" content=\"Laura Hern\u00e1ndez\" \/>\n<meta name=\"twitter:card\" content=\"summary_large_image\" \/>\n<meta name=\"twitter:creator\" content=\"@FutbolHoyCol\" \/>\n<meta name=\"twitter:site\" content=\"@FutbolHoyCol\" \/>\n<meta name=\"twitter:label1\" content=\"Escrito por\" \/>\n\t<meta name=\"twitter:data1\" content=\"Laura Hern\u00e1ndez\" \/>\n\t<meta name=\"twitter:label2\" content=\"Tiempo de lectura\" \/>\n\t<meta name=\"twitter:data2\" content=\"1 minuto\" \/>\n<script type=\"application\/ld+json\" class=\"yoast-schema-graph\">{\"@context\":\"https:\/\/schema.org\",\"@graph\":[{\"@type\":\"Article\",\"@id\":\"https:\/\/futbolhoy.co\/index.php\/2021\/06\/01\/los-partidos-con-colombia-son-duros-y-parejos-gareca\/#article\",\"isPartOf\":{\"@id\":\"https:\/\/futbolhoy.co\/index.php\/2021\/06\/01\/los-partidos-con-colombia-son-duros-y-parejos-gareca\/\"},\"author\":{\"name\":\"Laura Hern\u00e1ndez\",\"@id\":\"https:\/\/futbolhoy.co\/#\/schema\/person\/c4a353a512b127643723a34bb1812f7d\"},\"headline\":\"Los partidos con Colombia son duros y parejos: Gareca\",\"datePublished\":\"2021-06-02T00:26:38+00:00\",\"dateModified\":\"2021-06-03T00:13:56+00:00\",\"mainEntityOfPage\":{\"@id\":\"https:\/\/futbolhoy.co\/index.php\/2021\/06\/01\/los-partidos-con-colombia-son-duros-y-parejos-gareca\/\"},\"wordCount\":252,\"commentCount\":0,\"publisher\":{\"@id\":\"https:\/\/futbolhoy.co\/#organization\"},\"image\":{\"@id\":\"https:\/\/futbolhoy.co\/index.php\/2021\/06\/01\/los-partidos-con-colombia-son-duros-y-parejos-gareca\/#primaryimage\"},\"thumbnailUrl\":\"https:\/\/futbolhoy.co\/wp-content\/uploads\/2021\/06\/E18nJicXoAM2bSp.jpg\",\"keywords\":[\"Eliminatorias\",\"Eliminatorias Qatar 2022\",\"Ricardo Gareca\",\"Selecci\u00f3n Colombia\",\"Selecci\u00f3n Per\u00fa\"],\"articleSection\":[\"Qatar 2022\"],\"inLanguage\":\"es\",\"potentialAction\":[{\"@type\":\"CommentAction\",\"name\":\"Comment\",\"target\":[\"https:\/\/futbolhoy.co\/index.php\/2021\/06\/01\/los-partidos-con-colombia-son-duros-y-parejos-gareca\/#respond\"]}]},{\"@type\":\"WebPage\",\"@id\":\"https:\/\/futbolhoy.co\/index.php\/2021\/06\/01\/los-partidos-con-colombia-son-duros-y-parejos-gareca\/\",\"url\":\"https:\/\/futbolhoy.co\/index.php\/2021\/06\/01\/los-partidos-con-colombia-son-duros-y-parejos-gareca\/\",\"name\":\"Los partidos con Colombia son duros y parejos: Gareca -\",\"isPartOf\":{\"@id\":\"https:\/\/futbolhoy.co\/#website\"},\"primaryImageOfPage\":{\"@id\":\"https:\/\/futbolhoy.co\/index.php\/2021\/06\/01\/los-partidos-con-colombia-son-duros-y-parejos-gareca\/#primaryimage\"},\"image\":{\"@id\":\"https:\/\/futbolhoy.co\/index.php\/2021\/06\/01\/los-partidos-con-colombia-son-duros-y-parejos-gareca\/#primaryimage\"},\"thumbnailUrl\":\"https:\/\/futbolhoy.co\/wp-content\/uploads\/2021\/06\/E18nJicXoAM2bSp.jpg\",\"datePublished\":\"2021-06-02T00:26:38+00:00\",\"dateModified\":\"2021-06-03T00:13:56+00:00\",\"breadcrumb\":{\"@id\":\"https:\/\/futbolhoy.co\/index.php\/2021\/06\/01\/los-partidos-con-colombia-son-duros-y-parejos-gareca\/#breadcrumb\"},\"inLanguage\":\"es\",\"potentialAction\":[{\"@type\":\"ReadAction\",\"target\":[\"https:\/\/futbolhoy.co\/index.php\/2021\/06\/01\/los-partidos-con-colombia-son-duros-y-parejos-gareca\/\"]}]},{\"@type\":\"ImageObject\",\"inLanguage\":\"es\",\"@id\":\"https:\/\/futbolhoy.co\/index.php\/2021\/06\/01\/los-partidos-con-colombia-son-duros-y-parejos-gareca\/#primaryimage\",\"url\":\"https:\/\/futbolhoy.co\/wp-content\/uploads\/2021\/06\/E18nJicXoAM2bSp.jpg\",\"contentUrl\":\"https:\/\/futbolhoy.co\/wp-content\/uploads\/2021\/06\/E18nJicXoAM2bSp.jpg\",\"width\":2048,\"height\":1304,\"caption\":\"Twitter @SeleccionPeru\"},{\"@type\":\"BreadcrumbList\",\"@id\":\"https:\/\/futbolhoy.co\/index.php\/2021\/06\/01\/los-partidos-con-colombia-son-duros-y-parejos-gareca\/#breadcrumb\",\"itemListElement\":[{\"@type\":\"ListItem\",\"position\":1,\"name\":\"Portada\",\"item\":\"https:\/\/futbolhoy.co\/\"},{\"@type\":\"ListItem\",\"position\":2,\"name\":\"Los partidos con Colombia son duros y parejos: Gareca\"}]},{\"@type\":\"WebSite\",\"@id\":\"https:\/\/futbolhoy.co\/#website\",\"url\":\"https:\/\/futbolhoy.co\/\",\"name\":\"FutbolHoy\",\"description\":\"\",\"publisher\":{\"@id\":\"https:\/\/futbolhoy.co\/#organization\"},\"potentialAction\":[{\"@type\":\"SearchAction\",\"target\":{\"@type\":\"EntryPoint\",\"urlTemplate\":\"https:\/\/futbolhoy.co\/?s={search_term_string}\"},\"query-input\":{\"@type\":\"PropertyValueSpecification\",\"valueRequired\":true,\"valueName\":\"search_term_string\"}}],\"inLanguage\":\"es\"},{\"@type\":\"Organization\",\"@id\":\"https:\/\/futbolhoy.co\/#organization\",\"name\":\"Futbolhoy.co\",\"url\":\"https:\/\/futbolhoy.co\/\",\"logo\":{\"@type\":\"ImageObject\",\"inLanguage\":\"es\",\"@id\":\"https:\/\/futbolhoy.co\/#\/schema\/logo\/image\/\",\"url\":\"https:\/\/futbolhoy.co\/wp-content\/uploads\/2018\/08\/17426380_1906371736249227_6326180412931521141_n.jpg\",\"contentUrl\":\"https:\/\/futbolhoy.co\/wp-content\/uploads\/2018\/08\/17426380_1906371736249227_6326180412931521141_n.jpg\",\"width\":960,\"height\":960,\"caption\":\"Futbolhoy.co\"},\"image\":{\"@id\":\"https:\/\/futbolhoy.co\/#\/schema\/logo\/image\/\"},\"sameAs\":[\"https:\/\/www.facebook.com\/FutbolHoyCol\/\",\"https:\/\/x.com\/FutbolHoyCol\",\"https:\/\/www.instagram.com\/futbolhoycol\/\"]},{\"@type\":\"Person\",\"@id\":\"https:\/\/futbolhoy.co\/#\/schema\/person\/c4a353a512b127643723a34bb1812f7d\",\"name\":\"Laura Hern\u00e1ndez\",\"image\":{\"@type\":\"ImageObject\",\"inLanguage\":\"es\",\"@id\":\"https:\/\/futbolhoy.co\/#\/schema\/person\/image\/\",\"url\":\"https:\/\/secure.gravatar.com\/avatar\/d25959a15b9b293a743f99181c7cfd01?s=96&d=mm&r=g\",\"contentUrl\":\"https:\/\/secure.gravatar.com\/avatar\/d25959a15b9b293a743f99181c7cfd01?s=96&d=mm&r=g\",\"caption\":\"Laura Hern\u00e1ndez\"}}]}<\/script>\n<!-- \/ Yoast SEO plugin. -->","yoast_head_json":{"title":"Los partidos con Colombia son duros y parejos: Gareca -","robots":{"index":"index","follow":"follow","max-snippet":"max-snippet:-1","max-image-preview":"max-image-preview:large","max-video-preview":"max-video-preview:-1"},"canonical":"https:\/\/futbolhoy.co\/index.php\/2021\/06\/01\/los-partidos-con-colombia-son-duros-y-parejos-gareca\/","og_locale":"es_ES","og_type":"article","og_title":"Los partidos con Colombia son duros y parejos: Gareca -","og_description":"Ricardo Gareca - DT Selecci\u00f3n Per\u00fa, Rueda de prensa previa a Colombia\u00a0 El seleccionador de Per\u00fa, Ricardo Gareca, asegur\u00f3 que el partido frente a Colombia en la reanudaci\u00f3n de las eliminatorias a Qatar 2022, ser\u00e1 muy dif\u00edcil y recio. \u201cSer\u00e1 un partido intenso y de mucha fricci\u00f3n (\u2026) Con Colombia siempre han sido partidos muy [&hellip;]","og_url":"https:\/\/futbolhoy.co\/index.php\/2021\/06\/01\/los-partidos-con-colombia-son-duros-y-parejos-gareca\/","article_publisher":"https:\/\/www.facebook.com\/FutbolHoyCol\/","article_published_time":"2021-06-02T00:26:38+00:00","article_modified_time":"2021-06-03T00:13:56+00:00","og_image":[{"width":2048,"height":1304,"url":"https:\/\/futbolhoy.co\/wp-content\/uploads\/2021\/06\/E18nJicXoAM2bSp.jpg","type":"image\/jpeg"}],"author":"Laura Hern\u00e1ndez","twitter_card":"summary_large_image","twitter_creator":"@FutbolHoyCol","twitter_site":"@FutbolHoyCol","twitter_misc":{"Escrito por":"Laura Hern\u00e1ndez","Tiempo de lectura":"1 minuto"},"schema":{"@context":"https:\/\/schema.org","@graph":[{"@type":"Article","@id":"https:\/\/futbolhoy.co\/index.php\/2021\/06\/01\/los-partidos-con-colombia-son-duros-y-parejos-gareca\/#article","isPartOf":{"@id":"https:\/\/futbolhoy.co\/index.php\/2021\/06\/01\/los-partidos-con-colombia-son-duros-y-parejos-gareca\/"},"author":{"name":"Laura Hern\u00e1ndez","@id":"https:\/\/futbolhoy.co\/#\/schema\/person\/c4a353a512b127643723a34bb1812f7d"},"headline":"Los partidos con Colombia son duros y parejos: Gareca","datePublished":"2021-06-02T00:26:38+00:00","dateModified":"2021-06-03T00:13:56+00:00","mainEntityOfPage":{"@id":"https:\/\/futbolhoy.co\/index.php\/2021\/06\/01\/los-partidos-con-colombia-son-duros-y-parejos-gareca\/"},"wordCount":252,"commentCount":0,"publisher":{"@id":"https:\/\/futbolhoy.co\/#organization"},"image":{"@id":"https:\/\/futbolhoy.co\/index.php\/2021\/06\/01\/los-partidos-con-colombia-son-duros-y-parejos-gareca\/#primaryimage"},"thumbnailUrl":"https:\/\/futbolhoy.co\/wp-content\/uploads\/2021\/06\/E18nJicXoAM2bSp.jpg","keywords":["Eliminatorias","Eliminatorias Qatar 2022","Ricardo Gareca","Selecci\u00f3n Colombia","Selecci\u00f3n Per\u00fa"],"articleSection":["Qatar 2022"],"inLanguage":"es","potentialAction":[{"@type":"CommentAction","name":"Comment","target":["https:\/\/futbolhoy.co\/index.php\/2021\/06\/01\/los-partidos-con-colombia-son-duros-y-parejos-gareca\/#respond"]}]},{"@type":"WebPage","@id":"https:\/\/futbolhoy.co\/index.php\/2021\/06\/01\/los-partidos-con-colombia-son-duros-y-parejos-gareca\/","url":"https:\/\/futbolhoy.co\/index.php\/2021\/06\/01\/los-partidos-con-colombia-son-duros-y-parejos-gareca\/","name":"Los partidos con Colombia son duros y parejos: Gareca -","isPartOf":{"@id":"https:\/\/futbolhoy.co\/#website"},"primaryImageOfPage":{"@id":"https:\/\/futbolhoy.co\/index.php\/2021\/06\/01\/los-partidos-con-colombia-son-duros-y-parejos-gareca\/#primaryimage"},"image":{"@id":"https:\/\/futbolhoy.co\/index.php\/2021\/06\/01\/los-partidos-con-colombia-son-duros-y-parejos-gareca\/#primaryimage"},"thumbnailUrl":"https:\/\/futbolhoy.co\/wp-content\/uploads\/2021\/06\/E18nJicXoAM2bSp.jpg","datePublished":"2021-06-02T00:26:38+00:00","dateModified":"2021-06-03T00:13:56+00:00","breadcrumb":{"@id":"https:\/\/futbolhoy.co\/index.php\/2021\/06\/01\/los-partidos-con-colombia-son-duros-y-parejos-gareca\/#breadcrumb"},"inLanguage":"es","potentialAction":[{"@type":"ReadAction","target":["https:\/\/futbolhoy.co\/index.php\/2021\/06\/01\/los-partidos-con-colombia-son-duros-y-parejos-gareca\/"]}]},{"@type":"ImageObject","inLanguage":"es","@id":"https:\/\/futbolhoy.co\/index.php\/2021\/06\/01\/los-partidos-con-colombia-son-duros-y-parejos-gareca\/#primaryimage","url":"https:\/\/futbolhoy.co\/wp-content\/uploads\/2021\/06\/E18nJicXoAM2bSp.jpg","contentUrl":"https:\/\/futbolhoy.co\/wp-content\/uploads\/2021\/06\/E18nJicXoAM2bSp.jpg","width":2048,"height":1304,"caption":"Twitter @SeleccionPeru"},{"@type":"BreadcrumbList","@id":"https:\/\/futbolhoy.co\/index.php\/2021\/06\/01\/los-partidos-con-colombia-son-duros-y-parejos-gareca\/#breadcrumb","itemListElement":[{"@type":"ListItem","position":1,"name":"Portada","item":"https:\/\/futbolhoy.co\/"},{"@type":"ListItem","position":2,"name":"Los partidos con Colombia son duros y parejos: Gareca"}]},{"@type":"WebSite","@id":"https:\/\/futbolhoy.co\/#website","url":"https:\/\/futbolhoy.co\/","name":"FutbolHoy","description":"","publisher":{"@id":"https:\/\/futbolhoy.co\/#organization"},"potentialAction":[{"@type":"SearchAction","target":{"@type":"EntryPoint","urlTemplate":"https:\/\/futbolhoy.co\/?s={search_term_string}"},"query-input":{"@type":"PropertyValueSpecification","valueRequired":true,"valueName":"search_term_string"}}],"inLanguage":"es"},{"@type":"Organization","@id":"https:\/\/futbolhoy.co\/#organization","name":"Futbolhoy.co","url":"https:\/\/futbolhoy.co\/","logo":{"@type":"ImageObject","inLanguage":"es","@id":"https:\/\/futbolhoy.co\/#\/schema\/logo\/image\/","url":"https:\/\/futbolhoy.co\/wp-content\/uploads\/2018\/08\/17426380_1906371736249227_6326180412931521141_n.jpg","contentUrl":"https:\/\/futbolhoy.co\/wp-content\/uploads\/2018\/08\/17426380_1906371736249227_6326180412931521141_n.jpg","width":960,"height":960,"caption":"Futbolhoy.co"},"image":{"@id":"https:\/\/futbolhoy.co\/#\/schema\/logo\/image\/"},"sameAs":["https:\/\/www.facebook.com\/FutbolHoyCol\/","https:\/\/x.com\/FutbolHoyCol","https:\/\/www.instagram.com\/futbolhoycol\/"]},{"@type":"Person","@id":"https:\/\/futbolhoy.co\/#\/schema\/person\/c4a353a512b127643723a34bb1812f7d","name":"Laura Hern\u00e1ndez","image":{"@type":"ImageObject","inLanguage":"es","@id":"https:\/\/futbolhoy.co\/#\/schema\/person\/image\/","url":"https:\/\/secure.gravatar.com\/avatar\/d25959a15b9b293a743f99181c7cfd01?s=96&d=mm&r=g","contentUrl":"https:\/\/secure.gravatar.com\/avatar\/d25959a15b9b293a743f99181c7cfd01?s=96&d=mm&r=g","caption":"Laura Hern\u00e1ndez"}}]}},"publishpress_future_action":{"enabled":false,"date":"2026-05-05 13:09:44","action":"change-status","newStatus":"draft","terms":[],"taxonomy":"category","extraData":[]},"publishpress_future_workflow_manual_trigger":{"enabledWorkflows":[]},"_links":{"self":[{"href":"https:\/\/futbolhoy.co\/index.php\/wp-json\/wp\/v2\/posts\/65486","targetHints":{"allow":["GET"]}}],"collection":[{"href":"https:\/\/futbolhoy.co\/index.php\/wp-json\/wp\/v2\/posts"}],"about":[{"href":"https:\/\/futbolhoy.co\/index.php\/wp-json\/wp\/v2\/types\/post"}],"author":[{"embeddable":true,"href":"https:\/\/futbolhoy.co\/index.php\/wp-json\/wp\/v2\/users\/5"}],"replies":[{"embeddable":true,"href":"https:\/\/futbolhoy.co\/index.php\/wp-json\/wp\/v2\/comments?post=65486"}],"version-history":[{"count":2,"href":"https:\/\/futbolhoy.co\/index.php\/wp-json\/wp\/v2\/posts\/65486\/revisions"}],"predecessor-version":[{"id":65546,"href":"https:\/\/futbolhoy.co\/index.php\/wp-json\/wp\/v2\/posts\/65486\/revisions\/65546"}],"wp:featuredmedia":[{"embeddable":true,"href":"https:\/\/futbolhoy.co\/index.php\/wp-json\/wp\/v2\/media\/65487"}],"wp:attachment":[{"href":"https:\/\/futbolhoy.co\/index.php\/wp-json\/wp\/v2\/media?parent=65486"}],"wp:term":[{"taxonomy":"category","embeddable":true,"href":"https:\/\/futbolhoy.co\/index.php\/wp-json\/wp\/v2\/categories?post=65486"},{"taxonomy":"post_tag","embeddable":true,"href":"https:\/\/futbolhoy.co\/index.php\/wp-json\/wp\/v2\/tags?post=65486"}],"curies":[{"name":"wp","href":"https:\/\/api.w.org\/{rel}","templated":true}]}}