{"id":6624,"date":"2017-09-26T19:37:09","date_gmt":"2017-09-27T00:37:09","guid":{"rendered":"http:\/\/futbolhoy.co\/?p=6624"},"modified":"2017-09-27T17:53:23","modified_gmt":"2017-09-27T22:53:23","slug":"conmebol-homenajeo-al-tecnico-luis-fernando-montoya","status":"publish","type":"post","link":"https:\/\/futbolhoy.co\/index.php\/2017\/09\/26\/conmebol-homenajeo-al-tecnico-luis-fernando-montoya\/","title":{"rendered":"Conmebol homenaje\u00f3 al t\u00e9cnico Luis Fernando Montoya"},"content":{"rendered":"<p style=\"text-align: justify;\">El presidente de la Confederaci\u00f3n Sudamericana de F\u00fatbol, Alejandro Dom\u00ednguez, le entreg\u00f3 este martes al entrenador antioque\u00f1o Luis Fernando Montoya, campe\u00f3n de Copa Libertadores en 2004 con\u00a0Once Caldas, una r\u00e9plica del trofeo como un homenaje a su trayectoria.<u><\/u><u><\/u><\/p>\n<p style=\"text-align: justify;\">Dom\u00ednguez calific\u00f3 este reconocimiento como un \"acto de justicia e in\u00e9dito\" con Montoya a quien reafirm\u00f3 como un \"campe\u00f3n de la vida\", luego de quedar cuadripl\u00e9jico tras un atraco.<u><\/u><u><\/u><\/p>\n<p style=\"text-align: justify;\">El t\u00e9cnico recibi\u00f3 un video con emotivos mensajes de Carlos Bianchi, Falcao Garc\u00eda, \u00d3scar C\u00f3rdoba, Mauricio Serna y Carlos 'el Pibe' Valderrama, entre otros, recordando que hace parte de la historia del f\u00fatbol colombiano y sudamericano.<\/p>\n","protected":false},"excerpt":{"rendered":"<p>El presidente de la Confederaci\u00f3n Sudamericana de F\u00fatbol, Alejandro Dom\u00ednguez, le entreg\u00f3 este martes al entrenador antioque\u00f1o Luis Fernando Montoya, campe\u00f3n de Copa Libertadores en 2004 con\u00a0Once Caldas, una r\u00e9plica del trofeo como un homenaje a su trayectoria. Dom\u00ednguez calific\u00f3 este reconocimiento como un \"acto de justicia e in\u00e9dito\" con Montoya a quien reafirm\u00f3 como [&hellip;]<\/p>\n","protected":false},"author":5,"featured_media":6626,"comment_status":"open","ping_status":"open","sticky":false,"template":"","format":"standard","meta":{"_acf_changed":false,"footnotes":""},"categories":[152],"tags":[121,249],"class_list":{"0":"post-6624","1":"post","2":"type-post","3":"status-publish","4":"format-standard","5":"has-post-thumbnail","7":"category-mundo-futbol","8":"tag-conmebol","9":"tag-montoya"},"acf":[],"yoast_head":"<!-- This site is optimized with the Yoast SEO plugin v26.8 - https:\/\/yoast.com\/product\/yoast-seo-wordpress\/ -->\n<title>Conmebol homenaje\u00f3 al t\u00e9cnico Luis Fernando Montoya -<\/title>\n<meta name=\"robots\" content=\"index, follow, max-snippet:-1, max-image-preview:large, max-video-preview:-1\" \/>\n<link rel=\"canonical\" href=\"https:\/\/futbolhoy.co\/index.php\/2017\/09\/26\/conmebol-homenajeo-al-tecnico-luis-fernando-montoya\/\" \/>\n<meta property=\"og:locale\" content=\"es_ES\" \/>\n<meta property=\"og:type\" content=\"article\" \/>\n<meta property=\"og:title\" content=\"Conmebol homenaje\u00f3 al t\u00e9cnico Luis Fernando Montoya -\" \/>\n<meta property=\"og:description\" content=\"El presidente de la Confederaci\u00f3n Sudamericana de F\u00fatbol, Alejandro Dom\u00ednguez, le entreg\u00f3 este martes al entrenador antioque\u00f1o Luis Fernando Montoya, campe\u00f3n de Copa Libertadores en 2004 con\u00a0Once Caldas, una r\u00e9plica del trofeo como un homenaje a su trayectoria. Dom\u00ednguez calific\u00f3 este reconocimiento como un &quot;acto de justicia e in\u00e9dito&quot; con Montoya a quien reafirm\u00f3 como [&hellip;]\" \/>\n<meta property=\"og:url\" content=\"https:\/\/futbolhoy.co\/index.php\/2017\/09\/26\/conmebol-homenajeo-al-tecnico-luis-fernando-montoya\/\" \/>\n<meta property=\"article:publisher\" content=\"https:\/\/www.facebook.com\/FutbolHoyCol\/\" \/>\n<meta property=\"article:published_time\" content=\"2017-09-27T00:37:09+00:00\" \/>\n<meta property=\"article:modified_time\" content=\"2017-09-27T22:53:23+00:00\" \/>\n<meta property=\"og:image\" content=\"https:\/\/futbolhoy.co\/wp-content\/uploads\/2017\/09\/WhatsApp-Image-2017-09-26-at-7.22.23-PM.jpeg\" \/>\n\t<meta property=\"og:image:width\" content=\"1280\" \/>\n\t<meta property=\"og:image:height\" content=\"960\" \/>\n\t<meta property=\"og:image:type\" content=\"image\/jpeg\" \/>\n<meta name=\"author\" content=\"Laura Hern\u00e1ndez\" \/>\n<meta name=\"twitter:card\" content=\"summary_large_image\" \/>\n<meta name=\"twitter:creator\" content=\"@FutbolHoyCol\" \/>\n<meta name=\"twitter:site\" content=\"@FutbolHoyCol\" \/>\n<meta name=\"twitter:label1\" content=\"Escrito por\" \/>\n\t<meta name=\"twitter:data1\" content=\"Laura Hern\u00e1ndez\" \/>\n\t<meta name=\"twitter:label2\" content=\"Tiempo de lectura\" \/>\n\t<meta name=\"twitter:data2\" content=\"1 minuto\" \/>\n<script type=\"application\/ld+json\" class=\"yoast-schema-graph\">{\"@context\":\"https:\/\/schema.org\",\"@graph\":[{\"@type\":\"Article\",\"@id\":\"https:\/\/futbolhoy.co\/index.php\/2017\/09\/26\/conmebol-homenajeo-al-tecnico-luis-fernando-montoya\/#article\",\"isPartOf\":{\"@id\":\"https:\/\/futbolhoy.co\/index.php\/2017\/09\/26\/conmebol-homenajeo-al-tecnico-luis-fernando-montoya\/\"},\"author\":{\"name\":\"Laura Hern\u00e1ndez\",\"@id\":\"https:\/\/futbolhoy.co\/#\/schema\/person\/c4a353a512b127643723a34bb1812f7d\"},\"headline\":\"Conmebol homenaje\u00f3 al t\u00e9cnico Luis Fernando Montoya\",\"datePublished\":\"2017-09-27T00:37:09+00:00\",\"dateModified\":\"2017-09-27T22:53:23+00:00\",\"mainEntityOfPage\":{\"@id\":\"https:\/\/futbolhoy.co\/index.php\/2017\/09\/26\/conmebol-homenajeo-al-tecnico-luis-fernando-montoya\/\"},\"wordCount\":125,\"commentCount\":0,\"publisher\":{\"@id\":\"https:\/\/futbolhoy.co\/#organization\"},\"image\":{\"@id\":\"https:\/\/futbolhoy.co\/index.php\/2017\/09\/26\/conmebol-homenajeo-al-tecnico-luis-fernando-montoya\/#primaryimage\"},\"thumbnailUrl\":\"https:\/\/futbolhoy.co\/wp-content\/uploads\/2017\/09\/WhatsApp-Image-2017-09-26-at-7.22.23-PM.jpeg\",\"keywords\":[\"Conmebol\",\"Montoya\"],\"articleSection\":[\"Mundo Futbol\"],\"inLanguage\":\"es\",\"potentialAction\":[{\"@type\":\"CommentAction\",\"name\":\"Comment\",\"target\":[\"https:\/\/futbolhoy.co\/index.php\/2017\/09\/26\/conmebol-homenajeo-al-tecnico-luis-fernando-montoya\/#respond\"]}]},{\"@type\":\"WebPage\",\"@id\":\"https:\/\/futbolhoy.co\/index.php\/2017\/09\/26\/conmebol-homenajeo-al-tecnico-luis-fernando-montoya\/\",\"url\":\"https:\/\/futbolhoy.co\/index.php\/2017\/09\/26\/conmebol-homenajeo-al-tecnico-luis-fernando-montoya\/\",\"name\":\"Conmebol homenaje\u00f3 al t\u00e9cnico Luis Fernando Montoya -\",\"isPartOf\":{\"@id\":\"https:\/\/futbolhoy.co\/#website\"},\"primaryImageOfPage\":{\"@id\":\"https:\/\/futbolhoy.co\/index.php\/2017\/09\/26\/conmebol-homenajeo-al-tecnico-luis-fernando-montoya\/#primaryimage\"},\"image\":{\"@id\":\"https:\/\/futbolhoy.co\/index.php\/2017\/09\/26\/conmebol-homenajeo-al-tecnico-luis-fernando-montoya\/#primaryimage\"},\"thumbnailUrl\":\"https:\/\/futbolhoy.co\/wp-content\/uploads\/2017\/09\/WhatsApp-Image-2017-09-26-at-7.22.23-PM.jpeg\",\"datePublished\":\"2017-09-27T00:37:09+00:00\",\"dateModified\":\"2017-09-27T22:53:23+00:00\",\"breadcrumb\":{\"@id\":\"https:\/\/futbolhoy.co\/index.php\/2017\/09\/26\/conmebol-homenajeo-al-tecnico-luis-fernando-montoya\/#breadcrumb\"},\"inLanguage\":\"es\",\"potentialAction\":[{\"@type\":\"ReadAction\",\"target\":[\"https:\/\/futbolhoy.co\/index.php\/2017\/09\/26\/conmebol-homenajeo-al-tecnico-luis-fernando-montoya\/\"]}]},{\"@type\":\"ImageObject\",\"inLanguage\":\"es\",\"@id\":\"https:\/\/futbolhoy.co\/index.php\/2017\/09\/26\/conmebol-homenajeo-al-tecnico-luis-fernando-montoya\/#primaryimage\",\"url\":\"https:\/\/futbolhoy.co\/wp-content\/uploads\/2017\/09\/WhatsApp-Image-2017-09-26-at-7.22.23-PM.jpeg\",\"contentUrl\":\"https:\/\/futbolhoy.co\/wp-content\/uploads\/2017\/09\/WhatsApp-Image-2017-09-26-at-7.22.23-PM.jpeg\",\"width\":1280,\"height\":960},{\"@type\":\"BreadcrumbList\",\"@id\":\"https:\/\/futbolhoy.co\/index.php\/2017\/09\/26\/conmebol-homenajeo-al-tecnico-luis-fernando-montoya\/#breadcrumb\",\"itemListElement\":[{\"@type\":\"ListItem\",\"position\":1,\"name\":\"Portada\",\"item\":\"https:\/\/futbolhoy.co\/\"},{\"@type\":\"ListItem\",\"position\":2,\"name\":\"Conmebol homenaje\u00f3 al t\u00e9cnico Luis Fernando Montoya\"}]},{\"@type\":\"WebSite\",\"@id\":\"https:\/\/futbolhoy.co\/#website\",\"url\":\"https:\/\/futbolhoy.co\/\",\"name\":\"FutbolHoy\",\"description\":\"\",\"publisher\":{\"@id\":\"https:\/\/futbolhoy.co\/#organization\"},\"potentialAction\":[{\"@type\":\"SearchAction\",\"target\":{\"@type\":\"EntryPoint\",\"urlTemplate\":\"https:\/\/futbolhoy.co\/?s={search_term_string}\"},\"query-input\":{\"@type\":\"PropertyValueSpecification\",\"valueRequired\":true,\"valueName\":\"search_term_string\"}}],\"inLanguage\":\"es\"},{\"@type\":\"Organization\",\"@id\":\"https:\/\/futbolhoy.co\/#organization\",\"name\":\"Futbolhoy.co\",\"url\":\"https:\/\/futbolhoy.co\/\",\"logo\":{\"@type\":\"ImageObject\",\"inLanguage\":\"es\",\"@id\":\"https:\/\/futbolhoy.co\/#\/schema\/logo\/image\/\",\"url\":\"https:\/\/futbolhoy.co\/wp-content\/uploads\/2018\/08\/17426380_1906371736249227_6326180412931521141_n.jpg\",\"contentUrl\":\"https:\/\/futbolhoy.co\/wp-content\/uploads\/2018\/08\/17426380_1906371736249227_6326180412931521141_n.jpg\",\"width\":960,\"height\":960,\"caption\":\"Futbolhoy.co\"},\"image\":{\"@id\":\"https:\/\/futbolhoy.co\/#\/schema\/logo\/image\/\"},\"sameAs\":[\"https:\/\/www.facebook.com\/FutbolHoyCol\/\",\"https:\/\/x.com\/FutbolHoyCol\",\"https:\/\/www.instagram.com\/futbolhoycol\/\"]},{\"@type\":\"Person\",\"@id\":\"https:\/\/futbolhoy.co\/#\/schema\/person\/c4a353a512b127643723a34bb1812f7d\",\"name\":\"Laura Hern\u00e1ndez\",\"image\":{\"@type\":\"ImageObject\",\"inLanguage\":\"es\",\"@id\":\"https:\/\/futbolhoy.co\/#\/schema\/person\/image\/\",\"url\":\"https:\/\/secure.gravatar.com\/avatar\/d25959a15b9b293a743f99181c7cfd01?s=96&d=mm&r=g\",\"contentUrl\":\"https:\/\/secure.gravatar.com\/avatar\/d25959a15b9b293a743f99181c7cfd01?s=96&d=mm&r=g\",\"caption\":\"Laura Hern\u00e1ndez\"}}]}<\/script>\n<!-- \/ Yoast SEO plugin. -->","yoast_head_json":{"title":"Conmebol homenaje\u00f3 al t\u00e9cnico Luis Fernando Montoya -","robots":{"index":"index","follow":"follow","max-snippet":"max-snippet:-1","max-image-preview":"max-image-preview:large","max-video-preview":"max-video-preview:-1"},"canonical":"https:\/\/futbolhoy.co\/index.php\/2017\/09\/26\/conmebol-homenajeo-al-tecnico-luis-fernando-montoya\/","og_locale":"es_ES","og_type":"article","og_title":"Conmebol homenaje\u00f3 al t\u00e9cnico Luis Fernando Montoya -","og_description":"El presidente de la Confederaci\u00f3n Sudamericana de F\u00fatbol, Alejandro Dom\u00ednguez, le entreg\u00f3 este martes al entrenador antioque\u00f1o Luis Fernando Montoya, campe\u00f3n de Copa Libertadores en 2004 con\u00a0Once Caldas, una r\u00e9plica del trofeo como un homenaje a su trayectoria. Dom\u00ednguez calific\u00f3 este reconocimiento como un \"acto de justicia e in\u00e9dito\" con Montoya a quien reafirm\u00f3 como [&hellip;]","og_url":"https:\/\/futbolhoy.co\/index.php\/2017\/09\/26\/conmebol-homenajeo-al-tecnico-luis-fernando-montoya\/","article_publisher":"https:\/\/www.facebook.com\/FutbolHoyCol\/","article_published_time":"2017-09-27T00:37:09+00:00","article_modified_time":"2017-09-27T22:53:23+00:00","og_image":[{"width":1280,"height":960,"url":"https:\/\/futbolhoy.co\/wp-content\/uploads\/2017\/09\/WhatsApp-Image-2017-09-26-at-7.22.23-PM.jpeg","type":"image\/jpeg"}],"author":"Laura Hern\u00e1ndez","twitter_card":"summary_large_image","twitter_creator":"@FutbolHoyCol","twitter_site":"@FutbolHoyCol","twitter_misc":{"Escrito por":"Laura Hern\u00e1ndez","Tiempo de lectura":"1 minuto"},"schema":{"@context":"https:\/\/schema.org","@graph":[{"@type":"Article","@id":"https:\/\/futbolhoy.co\/index.php\/2017\/09\/26\/conmebol-homenajeo-al-tecnico-luis-fernando-montoya\/#article","isPartOf":{"@id":"https:\/\/futbolhoy.co\/index.php\/2017\/09\/26\/conmebol-homenajeo-al-tecnico-luis-fernando-montoya\/"},"author":{"name":"Laura Hern\u00e1ndez","@id":"https:\/\/futbolhoy.co\/#\/schema\/person\/c4a353a512b127643723a34bb1812f7d"},"headline":"Conmebol homenaje\u00f3 al t\u00e9cnico Luis Fernando Montoya","datePublished":"2017-09-27T00:37:09+00:00","dateModified":"2017-09-27T22:53:23+00:00","mainEntityOfPage":{"@id":"https:\/\/futbolhoy.co\/index.php\/2017\/09\/26\/conmebol-homenajeo-al-tecnico-luis-fernando-montoya\/"},"wordCount":125,"commentCount":0,"publisher":{"@id":"https:\/\/futbolhoy.co\/#organization"},"image":{"@id":"https:\/\/futbolhoy.co\/index.php\/2017\/09\/26\/conmebol-homenajeo-al-tecnico-luis-fernando-montoya\/#primaryimage"},"thumbnailUrl":"https:\/\/futbolhoy.co\/wp-content\/uploads\/2017\/09\/WhatsApp-Image-2017-09-26-at-7.22.23-PM.jpeg","keywords":["Conmebol","Montoya"],"articleSection":["Mundo Futbol"],"inLanguage":"es","potentialAction":[{"@type":"CommentAction","name":"Comment","target":["https:\/\/futbolhoy.co\/index.php\/2017\/09\/26\/conmebol-homenajeo-al-tecnico-luis-fernando-montoya\/#respond"]}]},{"@type":"WebPage","@id":"https:\/\/futbolhoy.co\/index.php\/2017\/09\/26\/conmebol-homenajeo-al-tecnico-luis-fernando-montoya\/","url":"https:\/\/futbolhoy.co\/index.php\/2017\/09\/26\/conmebol-homenajeo-al-tecnico-luis-fernando-montoya\/","name":"Conmebol homenaje\u00f3 al t\u00e9cnico Luis Fernando Montoya -","isPartOf":{"@id":"https:\/\/futbolhoy.co\/#website"},"primaryImageOfPage":{"@id":"https:\/\/futbolhoy.co\/index.php\/2017\/09\/26\/conmebol-homenajeo-al-tecnico-luis-fernando-montoya\/#primaryimage"},"image":{"@id":"https:\/\/futbolhoy.co\/index.php\/2017\/09\/26\/conmebol-homenajeo-al-tecnico-luis-fernando-montoya\/#primaryimage"},"thumbnailUrl":"https:\/\/futbolhoy.co\/wp-content\/uploads\/2017\/09\/WhatsApp-Image-2017-09-26-at-7.22.23-PM.jpeg","datePublished":"2017-09-27T00:37:09+00:00","dateModified":"2017-09-27T22:53:23+00:00","breadcrumb":{"@id":"https:\/\/futbolhoy.co\/index.php\/2017\/09\/26\/conmebol-homenajeo-al-tecnico-luis-fernando-montoya\/#breadcrumb"},"inLanguage":"es","potentialAction":[{"@type":"ReadAction","target":["https:\/\/futbolhoy.co\/index.php\/2017\/09\/26\/conmebol-homenajeo-al-tecnico-luis-fernando-montoya\/"]}]},{"@type":"ImageObject","inLanguage":"es","@id":"https:\/\/futbolhoy.co\/index.php\/2017\/09\/26\/conmebol-homenajeo-al-tecnico-luis-fernando-montoya\/#primaryimage","url":"https:\/\/futbolhoy.co\/wp-content\/uploads\/2017\/09\/WhatsApp-Image-2017-09-26-at-7.22.23-PM.jpeg","contentUrl":"https:\/\/futbolhoy.co\/wp-content\/uploads\/2017\/09\/WhatsApp-Image-2017-09-26-at-7.22.23-PM.jpeg","width":1280,"height":960},{"@type":"BreadcrumbList","@id":"https:\/\/futbolhoy.co\/index.php\/2017\/09\/26\/conmebol-homenajeo-al-tecnico-luis-fernando-montoya\/#breadcrumb","itemListElement":[{"@type":"ListItem","position":1,"name":"Portada","item":"https:\/\/futbolhoy.co\/"},{"@type":"ListItem","position":2,"name":"Conmebol homenaje\u00f3 al t\u00e9cnico Luis Fernando Montoya"}]},{"@type":"WebSite","@id":"https:\/\/futbolhoy.co\/#website","url":"https:\/\/futbolhoy.co\/","name":"FutbolHoy","description":"","publisher":{"@id":"https:\/\/futbolhoy.co\/#organization"},"potentialAction":[{"@type":"SearchAction","target":{"@type":"EntryPoint","urlTemplate":"https:\/\/futbolhoy.co\/?s={search_term_string}"},"query-input":{"@type":"PropertyValueSpecification","valueRequired":true,"valueName":"search_term_string"}}],"inLanguage":"es"},{"@type":"Organization","@id":"https:\/\/futbolhoy.co\/#organization","name":"Futbolhoy.co","url":"https:\/\/futbolhoy.co\/","logo":{"@type":"ImageObject","inLanguage":"es","@id":"https:\/\/futbolhoy.co\/#\/schema\/logo\/image\/","url":"https:\/\/futbolhoy.co\/wp-content\/uploads\/2018\/08\/17426380_1906371736249227_6326180412931521141_n.jpg","contentUrl":"https:\/\/futbolhoy.co\/wp-content\/uploads\/2018\/08\/17426380_1906371736249227_6326180412931521141_n.jpg","width":960,"height":960,"caption":"Futbolhoy.co"},"image":{"@id":"https:\/\/futbolhoy.co\/#\/schema\/logo\/image\/"},"sameAs":["https:\/\/www.facebook.com\/FutbolHoyCol\/","https:\/\/x.com\/FutbolHoyCol","https:\/\/www.instagram.com\/futbolhoycol\/"]},{"@type":"Person","@id":"https:\/\/futbolhoy.co\/#\/schema\/person\/c4a353a512b127643723a34bb1812f7d","name":"Laura Hern\u00e1ndez","image":{"@type":"ImageObject","inLanguage":"es","@id":"https:\/\/futbolhoy.co\/#\/schema\/person\/image\/","url":"https:\/\/secure.gravatar.com\/avatar\/d25959a15b9b293a743f99181c7cfd01?s=96&d=mm&r=g","contentUrl":"https:\/\/secure.gravatar.com\/avatar\/d25959a15b9b293a743f99181c7cfd01?s=96&d=mm&r=g","caption":"Laura Hern\u00e1ndez"}}]}},"publishpress_future_action":{"enabled":false,"date":"2026-05-01 23:51:59","action":"change-status","newStatus":"draft","terms":[],"taxonomy":"category","extraData":[]},"publishpress_future_workflow_manual_trigger":{"enabledWorkflows":[]},"_links":{"self":[{"href":"https:\/\/futbolhoy.co\/index.php\/wp-json\/wp\/v2\/posts\/6624","targetHints":{"allow":["GET"]}}],"collection":[{"href":"https:\/\/futbolhoy.co\/index.php\/wp-json\/wp\/v2\/posts"}],"about":[{"href":"https:\/\/futbolhoy.co\/index.php\/wp-json\/wp\/v2\/types\/post"}],"author":[{"embeddable":true,"href":"https:\/\/futbolhoy.co\/index.php\/wp-json\/wp\/v2\/users\/5"}],"replies":[{"embeddable":true,"href":"https:\/\/futbolhoy.co\/index.php\/wp-json\/wp\/v2\/comments?post=6624"}],"version-history":[{"count":1,"href":"https:\/\/futbolhoy.co\/index.php\/wp-json\/wp\/v2\/posts\/6624\/revisions"}],"predecessor-version":[{"id":6627,"href":"https:\/\/futbolhoy.co\/index.php\/wp-json\/wp\/v2\/posts\/6624\/revisions\/6627"}],"wp:featuredmedia":[{"embeddable":true,"href":"https:\/\/futbolhoy.co\/index.php\/wp-json\/wp\/v2\/media\/6626"}],"wp:attachment":[{"href":"https:\/\/futbolhoy.co\/index.php\/wp-json\/wp\/v2\/media?parent=6624"}],"wp:term":[{"taxonomy":"category","embeddable":true,"href":"https:\/\/futbolhoy.co\/index.php\/wp-json\/wp\/v2\/categories?post=6624"},{"taxonomy":"post_tag","embeddable":true,"href":"https:\/\/futbolhoy.co\/index.php\/wp-json\/wp\/v2\/tags?post=6624"}],"curies":[{"name":"wp","href":"https:\/\/api.w.org\/{rel}","templated":true}]}}