{"id":6701,"date":"2017-09-27T18:10:12","date_gmt":"2017-09-27T23:10:12","guid":{"rendered":"http:\/\/futbolhoy.co\/?p=6701"},"modified":"2017-09-27T18:10:12","modified_gmt":"2017-09-27T23:10:12","slug":"varane-sera-madridista-hasta-el-2022","status":"publish","type":"post","link":"https:\/\/futbolhoy.co\/index.php\/2017\/09\/27\/varane-sera-madridista-hasta-el-2022\/","title":{"rendered":"Varane ser\u00e1 madridista hasta el 2022"},"content":{"rendered":"<p style=\"text-align: justify;\"><span style=\"font-weight: 400;\">El defensa central franc\u00e9s, Rapha\u00ebl Varane, de 24 a\u00f1os, renov\u00f3 su vinculaci\u00f3n contractual por dos temporadas m\u00e1s con el Real Madrid y estar\u00e1 unido al conjunto \u2018merengue\u2019 hasta junio de 2022.<\/span><\/p>\n<p style=\"text-align: justify;\"><span style=\"font-weight: 400;\">\u00abEl Real Madrid y Varane han acordado la ampliaci\u00f3n del contrato del jugador, que queda vinculado al club hasta el 30 de junio de 2022\u00bb, inform\u00f3 el club en un comunicado de prensa oficial. <\/span><\/p>\n<p style=\"text-align: justify;\"><span style=\"font-weight: 400;\">Varane, quien desde su llegada a la \u2018casa blanca\u2019 en 2012 ha disputado 211 partidos y ha marcado 11 goles, suma entre sus t\u00edtulos tres Champions, dos Mundiales de Clubes, tres Supercopas de Europa, una Supercopa de Espa\u00f1a, una Copa del Rey y dos Ligas. <\/span><\/p>\n<p style=\"text-align: justify;\"><span style=\"font-weight: 400;\">Real Madrid adem\u00e1s ha renovado recientemente los contratos de Marcelo, Isco, Carvajal y Benzema.<\/span><\/p>\n","protected":false},"excerpt":{"rendered":"<p>El defensa central franc\u00e9s, Rapha\u00ebl Varane, de 24 a\u00f1os, renov\u00f3 su vinculaci\u00f3n contractual por dos temporadas m\u00e1s con el Real Madrid y estar\u00e1 unido al conjunto \u2018merengue\u2019 hasta junio de 2022. \u00abEl Real Madrid y Varane han acordado la ampliaci\u00f3n del contrato del jugador, que queda vinculado al club hasta el 30 de junio de [&hellip;]<\/p>\n","protected":false},"author":5,"featured_media":6702,"comment_status":"open","ping_status":"closed","sticky":false,"template":"","format":"standard","meta":{"_acf_changed":false,"footnotes":""},"categories":[152],"tags":[110],"class_list":{"0":"post-6701","1":"post","2":"type-post","3":"status-publish","4":"format-standard","5":"has-post-thumbnail","7":"category-mundo-futbol","8":"tag-real-madrid"},"acf":[],"_links":{"self":[{"href":"https:\/\/futbolhoy.co\/index.php\/wp-json\/wp\/v2\/posts\/6701","targetHints":{"allow":["GET"]}}],"collection":[{"href":"https:\/\/futbolhoy.co\/index.php\/wp-json\/wp\/v2\/posts"}],"about":[{"href":"https:\/\/futbolhoy.co\/index.php\/wp-json\/wp\/v2\/types\/post"}],"author":[{"embeddable":true,"href":"https:\/\/futbolhoy.co\/index.php\/wp-json\/wp\/v2\/users\/5"}],"replies":[{"embeddable":true,"href":"https:\/\/futbolhoy.co\/index.php\/wp-json\/wp\/v2\/comments?post=6701"}],"version-history":[{"count":1,"href":"https:\/\/futbolhoy.co\/index.php\/wp-json\/wp\/v2\/posts\/6701\/revisions"}],"predecessor-version":[{"id":6703,"href":"https:\/\/futbolhoy.co\/index.php\/wp-json\/wp\/v2\/posts\/6701\/revisions\/6703"}],"wp:featuredmedia":[{"embeddable":true,"href":"https:\/\/futbolhoy.co\/index.php\/wp-json\/wp\/v2\/media\/6702"}],"wp:attachment":[{"href":"https:\/\/futbolhoy.co\/index.php\/wp-json\/wp\/v2\/media?parent=6701"}],"wp:term":[{"taxonomy":"category","embeddable":true,"href":"https:\/\/futbolhoy.co\/index.php\/wp-json\/wp\/v2\/categories?post=6701"},{"taxonomy":"post_tag","embeddable":true,"href":"https:\/\/futbolhoy.co\/index.php\/wp-json\/wp\/v2\/tags?post=6701"}],"curies":[{"name":"wp","href":"https:\/\/api.w.org\/{rel}","templated":true}]}}