{"id":6710,"date":"2017-09-27T18:40:49","date_gmt":"2017-09-27T23:40:49","guid":{"rendered":"http:\/\/futbolhoy.co\/?p=6710"},"modified":"2017-09-27T18:40:49","modified_gmt":"2017-09-27T23:40:49","slug":"luis-quinones-despedido-de-lobos-de-mexico","status":"publish","type":"post","link":"https:\/\/futbolhoy.co\/index.php\/2017\/09\/27\/luis-quinones-despedido-de-lobos-de-mexico\/","title":{"rendered":"Luis Qui\u00f1ones despedido de Lobos de M\u00e9xico"},"content":{"rendered":"<p style=\"text-align: justify;\">El delantero Luis Qui\u00f1ones fue excluido del plantel de Lobos de M\u00e9xico luego de incurrir en varios actos de indisciplina, durante un proceso de rehabilitaci\u00f3n, anunci\u00f3 el club.<u><\/u><u><\/u><\/p>\n<p style=\"text-align: justify;\">El equipo mexicano no tuvo \u00e9xito con los colombianos, previamente William Palacios y Juli\u00e1n Qui\u00f1ones protagonizaron una pelea en un bar, situaci\u00f3n que origin\u00f3 el\u00a0despido de Palacios, mientras que Juli\u00e1n fue sancionado.<u><\/u><u><\/u><\/p>\n<p style=\"text-align: justify;\">Luis tambi\u00e9n tuvo problemas de disciplina cuando jug\u00f3 con Junior y Santa Fe.<\/p>\n","protected":false},"excerpt":{"rendered":"<p>El delantero Luis Qui\u00f1ones fue excluido del plantel de Lobos de M\u00e9xico luego de incurrir en varios actos de indisciplina, durante un proceso de rehabilitaci\u00f3n, anunci\u00f3 el club. El equipo mexicano no tuvo \u00e9xito con los colombianos, previamente William Palacios y Juli\u00e1n Qui\u00f1ones protagonizaron una pelea en un bar, situaci\u00f3n que origin\u00f3 el\u00a0despido de Palacios, [&hellip;]<\/p>\n","protected":false},"author":5,"featured_media":6711,"comment_status":"open","ping_status":"closed","sticky":false,"template":"","format":"standard","meta":{"_acf_changed":false,"footnotes":""},"categories":[152],"tags":[165,253],"class_list":{"0":"post-6710","1":"post","2":"type-post","3":"status-publish","4":"format-standard","5":"has-post-thumbnail","7":"category-mundo-futbol","8":"tag-jugadores-colombianos","9":"tag-lobos-buap"},"acf":[],"_links":{"self":[{"href":"https:\/\/futbolhoy.co\/index.php\/wp-json\/wp\/v2\/posts\/6710","targetHints":{"allow":["GET"]}}],"collection":[{"href":"https:\/\/futbolhoy.co\/index.php\/wp-json\/wp\/v2\/posts"}],"about":[{"href":"https:\/\/futbolhoy.co\/index.php\/wp-json\/wp\/v2\/types\/post"}],"author":[{"embeddable":true,"href":"https:\/\/futbolhoy.co\/index.php\/wp-json\/wp\/v2\/users\/5"}],"replies":[{"embeddable":true,"href":"https:\/\/futbolhoy.co\/index.php\/wp-json\/wp\/v2\/comments?post=6710"}],"version-history":[{"count":1,"href":"https:\/\/futbolhoy.co\/index.php\/wp-json\/wp\/v2\/posts\/6710\/revisions"}],"predecessor-version":[{"id":6712,"href":"https:\/\/futbolhoy.co\/index.php\/wp-json\/wp\/v2\/posts\/6710\/revisions\/6712"}],"wp:featuredmedia":[{"embeddable":true,"href":"https:\/\/futbolhoy.co\/index.php\/wp-json\/wp\/v2\/media\/6711"}],"wp:attachment":[{"href":"https:\/\/futbolhoy.co\/index.php\/wp-json\/wp\/v2\/media?parent=6710"}],"wp:term":[{"taxonomy":"category","embeddable":true,"href":"https:\/\/futbolhoy.co\/index.php\/wp-json\/wp\/v2\/categories?post=6710"},{"taxonomy":"post_tag","embeddable":true,"href":"https:\/\/futbolhoy.co\/index.php\/wp-json\/wp\/v2\/tags?post=6710"}],"curies":[{"name":"wp","href":"https:\/\/api.w.org\/{rel}","templated":true}]}}