{"id":67483,"date":"2021-07-09T07:00:48","date_gmt":"2021-07-09T12:00:48","guid":{"rendered":"https:\/\/futbolhoy.co\/?p=67483"},"modified":"2021-07-09T18:06:19","modified_gmt":"2021-07-09T23:06:19","slug":"koeman-es-optimista-respecto-a-messi","status":"publish","type":"post","link":"https:\/\/futbolhoy.co\/index.php\/2021\/07\/09\/koeman-es-optimista-respecto-a-messi\/","title":{"rendered":"Koeman es optimista respecto a Messi"},"content":{"rendered":"<!--[if lt IE 9]><script>document.createElement('audio');<\/script><![endif]-->\n<audio class=\"wp-audio-shortcode\" id=\"audio-67483-1\" preload=\"none\" style=\"width: 100%;\" controls=\"controls\"><source type=\"audio\/mpeg\" src=\"https:\/\/futbolhoy.co\/wp-content\/uploads\/2021\/07\/RONALD-KOEMAN2021-07-09.mp3?_=1\" \/><a href=\"https:\/\/futbolhoy.co\/wp-content\/uploads\/2021\/07\/RONALD-KOEMAN2021-07-09.mp3\">https:\/\/futbolhoy.co\/wp-content\/uploads\/2021\/07\/RONALD-KOEMAN2021-07-09.mp3<\/a><\/audio>\n<p>(Ronald Koeman, DT del Barcelona)<\/p>\n<p class=\"x_ydpe6654899MsoNormal\" style=\"text-align: justify;\"><span lang=\"ES-MX\" style=\"font-family: helvetica, arial, sans-serif;\">El t\u00e9cnico del\u00a0<b>Barcelona<\/b>, el neerland\u00e9s\u00a0<b>Ronald Koeman<\/b>, dijo estar preocupado por no tener la certeza respecto a la continuidad de\u00a0<b>Lionel Messi<\/b>\u00a0en el equipo para la pr\u00f3xima temporada, aunque tambi\u00e9n mostr\u00f3 su confianza en que las negociaciones llegar\u00e1n a buen t\u00e9rmino.<\/span><\/p>\n<p class=\"x_ydpe6654899MsoNormal\" style=\"text-align: justify;\"><span lang=\"ES-MX\" style=\"font-family: helvetica, arial, sans-serif;\">\"Cuando todo no est\u00e1 bien hay que estar preocupado, pero tengo confianza en el presidente <strong>Joan Laporta<\/strong> para solucionar este tema. Es importante para el club y para la Liga que se quede el mejor jugador del mundo\", dijo Koeman<\/span><\/p>\n<p class=\"x_ydpe6654899MsoNormal\" style=\"text-align: justify;\"><span lang=\"ES-MX\" style=\"font-family: helvetica, arial, sans-serif;\">\"Cada uno defiende su tarea, pero Laporta me ha dicho que tranquilo, que est\u00e1n trabajando en el tema. Tenemos confianza en que estar\u00e1 unos a\u00f1os m\u00e1s\", a\u00f1adi\u00f3 el entrenador.<\/span><\/p>\n<p class=\"x_ydpe6654899MsoNormal\" style=\"text-align: justify;\"><span lang=\"ES-MX\" style=\"font-family: helvetica, arial, sans-serif;\">Este s\u00e1bado el Barcelona empezar\u00e1 la pretemporada, con 11 jugadores del primer equipo, ya que el resto de su plantilla tiene compromisos con las selecciones nacionales en la\u00a0<b>Euro<\/b>, la\u00a0<b>Copa Am\u00e9rica<\/b>\u00a0y los\u00a0<b>Juegos Ol\u00edmpicos<\/b>.<\/span><\/p>\n<p class=\"x_ydpe6654899MsoNormal\" style=\"text-align: justify;\"><span lang=\"ES-MX\" style=\"font-family: helvetica, arial, sans-serif;\">Est\u00e1n citados\u00a0<b>Marc Andr\u00e9 Ter Stegen, Sergi\u00f1o Dest, Gerard Piqu\u00e9, Miralem Pjanic, Ousmane Demb\u00e9l\u00e9, Samuel Umtiti, Riqui Puig, Neto, Sergi Roberto, Ansu Fati y Philippe Coutinho.<\/b><\/span><\/p>\n","protected":false},"excerpt":{"rendered":"<p>(Ronald Koeman, DT del Barcelona) El t\u00e9cnico del\u00a0Barcelona, el neerland\u00e9s\u00a0Ronald Koeman, dijo estar preocupado por no tener la certeza respecto a la continuidad de\u00a0Lionel Messi\u00a0en el equipo para la pr\u00f3xima temporada, aunque tambi\u00e9n mostr\u00f3 su confianza en que las negociaciones llegar\u00e1n a buen t\u00e9rmino. \"Cuando todo no est\u00e1 bien hay que estar preocupado, pero tengo [&hellip;]<\/p>\n","protected":false},"author":5,"featured_media":67484,"comment_status":"open","ping_status":"open","sticky":false,"template":"","format":"video","meta":{"_acf_changed":false,"footnotes":""},"categories":[152],"tags":[722,1937,220],"class_list":{"0":"post-67483","1":"post","2":"type-post","3":"status-publish","4":"format-video","5":"has-post-thumbnail","7":"category-mundo-futbol","8":"tag-barcelona","9":"tag-koeman","10":"tag-messi","11":"post_format-post-format-video"},"acf":[],"yoast_head":"<!-- This site is optimized with the Yoast SEO plugin v26.8 - https:\/\/yoast.com\/product\/yoast-seo-wordpress\/ -->\n<title>Koeman es optimista respecto a Messi -<\/title>\n<meta name=\"robots\" content=\"index, follow, max-snippet:-1, max-image-preview:large, max-video-preview:-1\" \/>\n<link rel=\"canonical\" href=\"https:\/\/futbolhoy.co\/index.php\/2021\/07\/09\/koeman-es-optimista-respecto-a-messi\/\" \/>\n<meta property=\"og:locale\" content=\"es_ES\" \/>\n<meta property=\"og:type\" content=\"article\" \/>\n<meta property=\"og:title\" content=\"Koeman es optimista respecto a Messi -\" \/>\n<meta property=\"og:description\" content=\"(Ronald Koeman, DT del Barcelona) El t\u00e9cnico del\u00a0Barcelona, el neerland\u00e9s\u00a0Ronald Koeman, dijo estar preocupado por no tener la certeza respecto a la continuidad de\u00a0Lionel Messi\u00a0en el equipo para la pr\u00f3xima temporada, aunque tambi\u00e9n mostr\u00f3 su confianza en que las negociaciones llegar\u00e1n a buen t\u00e9rmino. &quot;Cuando todo no est\u00e1 bien hay que estar preocupado, pero tengo [&hellip;]\" \/>\n<meta property=\"og:url\" content=\"https:\/\/futbolhoy.co\/index.php\/2021\/07\/09\/koeman-es-optimista-respecto-a-messi\/\" \/>\n<meta property=\"article:publisher\" content=\"https:\/\/www.facebook.com\/FutbolHoyCol\/\" \/>\n<meta property=\"article:published_time\" content=\"2021-07-09T12:00:48+00:00\" \/>\n<meta property=\"article:modified_time\" content=\"2021-07-09T23:06:19+00:00\" \/>\n<meta property=\"og:image\" content=\"https:\/\/futbolhoy.co\/wp-content\/uploads\/2021\/07\/E5z5_WcWQAAKxNB.jpg\" \/>\n\t<meta property=\"og:image:width\" content=\"1600\" \/>\n\t<meta property=\"og:image:height\" content=\"1066\" \/>\n\t<meta property=\"og:image:type\" content=\"image\/jpeg\" \/>\n<meta name=\"author\" content=\"Laura Hern\u00e1ndez\" \/>\n<meta name=\"twitter:card\" content=\"summary_large_image\" \/>\n<meta name=\"twitter:creator\" content=\"@FutbolHoyCol\" \/>\n<meta name=\"twitter:site\" content=\"@FutbolHoyCol\" \/>\n<meta name=\"twitter:label1\" content=\"Escrito por\" \/>\n\t<meta name=\"twitter:data1\" content=\"Laura Hern\u00e1ndez\" \/>\n\t<meta name=\"twitter:label2\" content=\"Tiempo de lectura\" \/>\n\t<meta name=\"twitter:data2\" content=\"1 minuto\" \/>\n<script type=\"application\/ld+json\" class=\"yoast-schema-graph\">{\"@context\":\"https:\/\/schema.org\",\"@graph\":[{\"@type\":\"Article\",\"@id\":\"https:\/\/futbolhoy.co\/index.php\/2021\/07\/09\/koeman-es-optimista-respecto-a-messi\/#article\",\"isPartOf\":{\"@id\":\"https:\/\/futbolhoy.co\/index.php\/2021\/07\/09\/koeman-es-optimista-respecto-a-messi\/\"},\"author\":{\"name\":\"Laura Hern\u00e1ndez\",\"@id\":\"https:\/\/futbolhoy.co\/#\/schema\/person\/c4a353a512b127643723a34bb1812f7d\"},\"headline\":\"Koeman es optimista respecto a Messi\",\"datePublished\":\"2021-07-09T12:00:48+00:00\",\"dateModified\":\"2021-07-09T23:06:19+00:00\",\"mainEntityOfPage\":{\"@id\":\"https:\/\/futbolhoy.co\/index.php\/2021\/07\/09\/koeman-es-optimista-respecto-a-messi\/\"},\"wordCount\":212,\"commentCount\":0,\"publisher\":{\"@id\":\"https:\/\/futbolhoy.co\/#organization\"},\"image\":{\"@id\":\"https:\/\/futbolhoy.co\/index.php\/2021\/07\/09\/koeman-es-optimista-respecto-a-messi\/#primaryimage\"},\"thumbnailUrl\":\"https:\/\/futbolhoy.co\/wp-content\/uploads\/2021\/07\/E5z5_WcWQAAKxNB.jpg\",\"keywords\":[\"Barcelona\",\"Koeman\",\"Messi\"],\"articleSection\":[\"Mundo Futbol\"],\"inLanguage\":\"es\",\"potentialAction\":[{\"@type\":\"CommentAction\",\"name\":\"Comment\",\"target\":[\"https:\/\/futbolhoy.co\/index.php\/2021\/07\/09\/koeman-es-optimista-respecto-a-messi\/#respond\"]}]},{\"@type\":\"WebPage\",\"@id\":\"https:\/\/futbolhoy.co\/index.php\/2021\/07\/09\/koeman-es-optimista-respecto-a-messi\/\",\"url\":\"https:\/\/futbolhoy.co\/index.php\/2021\/07\/09\/koeman-es-optimista-respecto-a-messi\/\",\"name\":\"Koeman es optimista respecto a Messi -\",\"isPartOf\":{\"@id\":\"https:\/\/futbolhoy.co\/#website\"},\"primaryImageOfPage\":{\"@id\":\"https:\/\/futbolhoy.co\/index.php\/2021\/07\/09\/koeman-es-optimista-respecto-a-messi\/#primaryimage\"},\"image\":{\"@id\":\"https:\/\/futbolhoy.co\/index.php\/2021\/07\/09\/koeman-es-optimista-respecto-a-messi\/#primaryimage\"},\"thumbnailUrl\":\"https:\/\/futbolhoy.co\/wp-content\/uploads\/2021\/07\/E5z5_WcWQAAKxNB.jpg\",\"datePublished\":\"2021-07-09T12:00:48+00:00\",\"dateModified\":\"2021-07-09T23:06:19+00:00\",\"breadcrumb\":{\"@id\":\"https:\/\/futbolhoy.co\/index.php\/2021\/07\/09\/koeman-es-optimista-respecto-a-messi\/#breadcrumb\"},\"inLanguage\":\"es\",\"potentialAction\":[{\"@type\":\"ReadAction\",\"target\":[\"https:\/\/futbolhoy.co\/index.php\/2021\/07\/09\/koeman-es-optimista-respecto-a-messi\/\"]}]},{\"@type\":\"ImageObject\",\"inLanguage\":\"es\",\"@id\":\"https:\/\/futbolhoy.co\/index.php\/2021\/07\/09\/koeman-es-optimista-respecto-a-messi\/#primaryimage\",\"url\":\"https:\/\/futbolhoy.co\/wp-content\/uploads\/2021\/07\/E5z5_WcWQAAKxNB.jpg\",\"contentUrl\":\"https:\/\/futbolhoy.co\/wp-content\/uploads\/2021\/07\/E5z5_WcWQAAKxNB.jpg\",\"width\":1600,\"height\":1066},{\"@type\":\"BreadcrumbList\",\"@id\":\"https:\/\/futbolhoy.co\/index.php\/2021\/07\/09\/koeman-es-optimista-respecto-a-messi\/#breadcrumb\",\"itemListElement\":[{\"@type\":\"ListItem\",\"position\":1,\"name\":\"Portada\",\"item\":\"https:\/\/futbolhoy.co\/\"},{\"@type\":\"ListItem\",\"position\":2,\"name\":\"Koeman es optimista respecto a Messi\"}]},{\"@type\":\"WebSite\",\"@id\":\"https:\/\/futbolhoy.co\/#website\",\"url\":\"https:\/\/futbolhoy.co\/\",\"name\":\"FutbolHoy\",\"description\":\"\",\"publisher\":{\"@id\":\"https:\/\/futbolhoy.co\/#organization\"},\"potentialAction\":[{\"@type\":\"SearchAction\",\"target\":{\"@type\":\"EntryPoint\",\"urlTemplate\":\"https:\/\/futbolhoy.co\/?s={search_term_string}\"},\"query-input\":{\"@type\":\"PropertyValueSpecification\",\"valueRequired\":true,\"valueName\":\"search_term_string\"}}],\"inLanguage\":\"es\"},{\"@type\":\"Organization\",\"@id\":\"https:\/\/futbolhoy.co\/#organization\",\"name\":\"Futbolhoy.co\",\"url\":\"https:\/\/futbolhoy.co\/\",\"logo\":{\"@type\":\"ImageObject\",\"inLanguage\":\"es\",\"@id\":\"https:\/\/futbolhoy.co\/#\/schema\/logo\/image\/\",\"url\":\"https:\/\/futbolhoy.co\/wp-content\/uploads\/2018\/08\/17426380_1906371736249227_6326180412931521141_n.jpg\",\"contentUrl\":\"https:\/\/futbolhoy.co\/wp-content\/uploads\/2018\/08\/17426380_1906371736249227_6326180412931521141_n.jpg\",\"width\":960,\"height\":960,\"caption\":\"Futbolhoy.co\"},\"image\":{\"@id\":\"https:\/\/futbolhoy.co\/#\/schema\/logo\/image\/\"},\"sameAs\":[\"https:\/\/www.facebook.com\/FutbolHoyCol\/\",\"https:\/\/x.com\/FutbolHoyCol\",\"https:\/\/www.instagram.com\/futbolhoycol\/\"]},{\"@type\":\"Person\",\"@id\":\"https:\/\/futbolhoy.co\/#\/schema\/person\/c4a353a512b127643723a34bb1812f7d\",\"name\":\"Laura Hern\u00e1ndez\",\"image\":{\"@type\":\"ImageObject\",\"inLanguage\":\"es\",\"@id\":\"https:\/\/futbolhoy.co\/#\/schema\/person\/image\/\",\"url\":\"https:\/\/secure.gravatar.com\/avatar\/d25959a15b9b293a743f99181c7cfd01?s=96&d=mm&r=g\",\"contentUrl\":\"https:\/\/secure.gravatar.com\/avatar\/d25959a15b9b293a743f99181c7cfd01?s=96&d=mm&r=g\",\"caption\":\"Laura Hern\u00e1ndez\"}}]}<\/script>\n<!-- \/ Yoast SEO plugin. -->","yoast_head_json":{"title":"Koeman es optimista respecto a Messi -","robots":{"index":"index","follow":"follow","max-snippet":"max-snippet:-1","max-image-preview":"max-image-preview:large","max-video-preview":"max-video-preview:-1"},"canonical":"https:\/\/futbolhoy.co\/index.php\/2021\/07\/09\/koeman-es-optimista-respecto-a-messi\/","og_locale":"es_ES","og_type":"article","og_title":"Koeman es optimista respecto a Messi -","og_description":"(Ronald Koeman, DT del Barcelona) El t\u00e9cnico del\u00a0Barcelona, el neerland\u00e9s\u00a0Ronald Koeman, dijo estar preocupado por no tener la certeza respecto a la continuidad de\u00a0Lionel Messi\u00a0en el equipo para la pr\u00f3xima temporada, aunque tambi\u00e9n mostr\u00f3 su confianza en que las negociaciones llegar\u00e1n a buen t\u00e9rmino. \"Cuando todo no est\u00e1 bien hay que estar preocupado, pero tengo [&hellip;]","og_url":"https:\/\/futbolhoy.co\/index.php\/2021\/07\/09\/koeman-es-optimista-respecto-a-messi\/","article_publisher":"https:\/\/www.facebook.com\/FutbolHoyCol\/","article_published_time":"2021-07-09T12:00:48+00:00","article_modified_time":"2021-07-09T23:06:19+00:00","og_image":[{"width":1600,"height":1066,"url":"https:\/\/futbolhoy.co\/wp-content\/uploads\/2021\/07\/E5z5_WcWQAAKxNB.jpg","type":"image\/jpeg"}],"author":"Laura Hern\u00e1ndez","twitter_card":"summary_large_image","twitter_creator":"@FutbolHoyCol","twitter_site":"@FutbolHoyCol","twitter_misc":{"Escrito por":"Laura Hern\u00e1ndez","Tiempo de lectura":"1 minuto"},"schema":{"@context":"https:\/\/schema.org","@graph":[{"@type":"Article","@id":"https:\/\/futbolhoy.co\/index.php\/2021\/07\/09\/koeman-es-optimista-respecto-a-messi\/#article","isPartOf":{"@id":"https:\/\/futbolhoy.co\/index.php\/2021\/07\/09\/koeman-es-optimista-respecto-a-messi\/"},"author":{"name":"Laura Hern\u00e1ndez","@id":"https:\/\/futbolhoy.co\/#\/schema\/person\/c4a353a512b127643723a34bb1812f7d"},"headline":"Koeman es optimista respecto a Messi","datePublished":"2021-07-09T12:00:48+00:00","dateModified":"2021-07-09T23:06:19+00:00","mainEntityOfPage":{"@id":"https:\/\/futbolhoy.co\/index.php\/2021\/07\/09\/koeman-es-optimista-respecto-a-messi\/"},"wordCount":212,"commentCount":0,"publisher":{"@id":"https:\/\/futbolhoy.co\/#organization"},"image":{"@id":"https:\/\/futbolhoy.co\/index.php\/2021\/07\/09\/koeman-es-optimista-respecto-a-messi\/#primaryimage"},"thumbnailUrl":"https:\/\/futbolhoy.co\/wp-content\/uploads\/2021\/07\/E5z5_WcWQAAKxNB.jpg","keywords":["Barcelona","Koeman","Messi"],"articleSection":["Mundo Futbol"],"inLanguage":"es","potentialAction":[{"@type":"CommentAction","name":"Comment","target":["https:\/\/futbolhoy.co\/index.php\/2021\/07\/09\/koeman-es-optimista-respecto-a-messi\/#respond"]}]},{"@type":"WebPage","@id":"https:\/\/futbolhoy.co\/index.php\/2021\/07\/09\/koeman-es-optimista-respecto-a-messi\/","url":"https:\/\/futbolhoy.co\/index.php\/2021\/07\/09\/koeman-es-optimista-respecto-a-messi\/","name":"Koeman es optimista respecto a Messi -","isPartOf":{"@id":"https:\/\/futbolhoy.co\/#website"},"primaryImageOfPage":{"@id":"https:\/\/futbolhoy.co\/index.php\/2021\/07\/09\/koeman-es-optimista-respecto-a-messi\/#primaryimage"},"image":{"@id":"https:\/\/futbolhoy.co\/index.php\/2021\/07\/09\/koeman-es-optimista-respecto-a-messi\/#primaryimage"},"thumbnailUrl":"https:\/\/futbolhoy.co\/wp-content\/uploads\/2021\/07\/E5z5_WcWQAAKxNB.jpg","datePublished":"2021-07-09T12:00:48+00:00","dateModified":"2021-07-09T23:06:19+00:00","breadcrumb":{"@id":"https:\/\/futbolhoy.co\/index.php\/2021\/07\/09\/koeman-es-optimista-respecto-a-messi\/#breadcrumb"},"inLanguage":"es","potentialAction":[{"@type":"ReadAction","target":["https:\/\/futbolhoy.co\/index.php\/2021\/07\/09\/koeman-es-optimista-respecto-a-messi\/"]}]},{"@type":"ImageObject","inLanguage":"es","@id":"https:\/\/futbolhoy.co\/index.php\/2021\/07\/09\/koeman-es-optimista-respecto-a-messi\/#primaryimage","url":"https:\/\/futbolhoy.co\/wp-content\/uploads\/2021\/07\/E5z5_WcWQAAKxNB.jpg","contentUrl":"https:\/\/futbolhoy.co\/wp-content\/uploads\/2021\/07\/E5z5_WcWQAAKxNB.jpg","width":1600,"height":1066},{"@type":"BreadcrumbList","@id":"https:\/\/futbolhoy.co\/index.php\/2021\/07\/09\/koeman-es-optimista-respecto-a-messi\/#breadcrumb","itemListElement":[{"@type":"ListItem","position":1,"name":"Portada","item":"https:\/\/futbolhoy.co\/"},{"@type":"ListItem","position":2,"name":"Koeman es optimista respecto a Messi"}]},{"@type":"WebSite","@id":"https:\/\/futbolhoy.co\/#website","url":"https:\/\/futbolhoy.co\/","name":"FutbolHoy","description":"","publisher":{"@id":"https:\/\/futbolhoy.co\/#organization"},"potentialAction":[{"@type":"SearchAction","target":{"@type":"EntryPoint","urlTemplate":"https:\/\/futbolhoy.co\/?s={search_term_string}"},"query-input":{"@type":"PropertyValueSpecification","valueRequired":true,"valueName":"search_term_string"}}],"inLanguage":"es"},{"@type":"Organization","@id":"https:\/\/futbolhoy.co\/#organization","name":"Futbolhoy.co","url":"https:\/\/futbolhoy.co\/","logo":{"@type":"ImageObject","inLanguage":"es","@id":"https:\/\/futbolhoy.co\/#\/schema\/logo\/image\/","url":"https:\/\/futbolhoy.co\/wp-content\/uploads\/2018\/08\/17426380_1906371736249227_6326180412931521141_n.jpg","contentUrl":"https:\/\/futbolhoy.co\/wp-content\/uploads\/2018\/08\/17426380_1906371736249227_6326180412931521141_n.jpg","width":960,"height":960,"caption":"Futbolhoy.co"},"image":{"@id":"https:\/\/futbolhoy.co\/#\/schema\/logo\/image\/"},"sameAs":["https:\/\/www.facebook.com\/FutbolHoyCol\/","https:\/\/x.com\/FutbolHoyCol","https:\/\/www.instagram.com\/futbolhoycol\/"]},{"@type":"Person","@id":"https:\/\/futbolhoy.co\/#\/schema\/person\/c4a353a512b127643723a34bb1812f7d","name":"Laura Hern\u00e1ndez","image":{"@type":"ImageObject","inLanguage":"es","@id":"https:\/\/futbolhoy.co\/#\/schema\/person\/image\/","url":"https:\/\/secure.gravatar.com\/avatar\/d25959a15b9b293a743f99181c7cfd01?s=96&d=mm&r=g","contentUrl":"https:\/\/secure.gravatar.com\/avatar\/d25959a15b9b293a743f99181c7cfd01?s=96&d=mm&r=g","caption":"Laura Hern\u00e1ndez"}}]}},"publishpress_future_action":{"enabled":false,"date":"2026-05-03 18:31:15","action":"change-status","newStatus":"draft","terms":[],"taxonomy":"category","extraData":[]},"publishpress_future_workflow_manual_trigger":{"enabledWorkflows":[]},"_links":{"self":[{"href":"https:\/\/futbolhoy.co\/index.php\/wp-json\/wp\/v2\/posts\/67483","targetHints":{"allow":["GET"]}}],"collection":[{"href":"https:\/\/futbolhoy.co\/index.php\/wp-json\/wp\/v2\/posts"}],"about":[{"href":"https:\/\/futbolhoy.co\/index.php\/wp-json\/wp\/v2\/types\/post"}],"author":[{"embeddable":true,"href":"https:\/\/futbolhoy.co\/index.php\/wp-json\/wp\/v2\/users\/5"}],"replies":[{"embeddable":true,"href":"https:\/\/futbolhoy.co\/index.php\/wp-json\/wp\/v2\/comments?post=67483"}],"version-history":[{"count":2,"href":"https:\/\/futbolhoy.co\/index.php\/wp-json\/wp\/v2\/posts\/67483\/revisions"}],"predecessor-version":[{"id":67487,"href":"https:\/\/futbolhoy.co\/index.php\/wp-json\/wp\/v2\/posts\/67483\/revisions\/67487"}],"wp:featuredmedia":[{"embeddable":true,"href":"https:\/\/futbolhoy.co\/index.php\/wp-json\/wp\/v2\/media\/67484"}],"wp:attachment":[{"href":"https:\/\/futbolhoy.co\/index.php\/wp-json\/wp\/v2\/media?parent=67483"}],"wp:term":[{"taxonomy":"category","embeddable":true,"href":"https:\/\/futbolhoy.co\/index.php\/wp-json\/wp\/v2\/categories?post=67483"},{"taxonomy":"post_tag","embeddable":true,"href":"https:\/\/futbolhoy.co\/index.php\/wp-json\/wp\/v2\/tags?post=67483"}],"curies":[{"name":"wp","href":"https:\/\/api.w.org\/{rel}","templated":true}]}}