{"id":6785,"date":"2017-09-28T12:48:14","date_gmt":"2017-09-28T17:48:14","guid":{"rendered":"http:\/\/futbolhoy.co\/?p=6785"},"modified":"2017-09-28T12:48:14","modified_gmt":"2017-09-28T17:48:14","slug":"nacional-representara-a-colombia-en-la-florida-cup-2018","status":"publish","type":"post","link":"https:\/\/futbolhoy.co\/index.php\/2017\/09\/28\/nacional-representara-a-colombia-en-la-florida-cup-2018\/","title":{"rendered":"Nacional representar\u00e1 a Colombia en la Florida Cup 2018"},"content":{"rendered":"<div id=\"m_-9183782401296729454yui_3_16_0_ym19_1_1506617792032_3375\" dir=\"ltr\" style=\"text-align: justify;\"><span id=\"m_-9183782401296729454yui_3_16_0_ym19_1_1506617792032_3433\" style=\"font-size: medium;\">Atl\u00e9tico Nacional disputar\u00e1 la Florida Cup en 2018 como representante colombiano en el torneo que se llevara a cabo del 10 al 20 de enero y al cual adem\u00e1s asistir\u00e1n como invitados el Corinthians brasile\u00f1o y el Glasgow Rangers de Escocia, donde act\u00faa el delantero Alfredo Morelos.<\/span><\/div>\n<div id=\"m_-9183782401296729454yui_3_16_0_ym19_1_1506617792032_3515\" dir=\"ltr\" style=\"text-align: justify;\"><span style=\"font-size: medium;\">\u00a0<\/span><\/div>\n<div id=\"m_-9183782401296729454yui_3_16_0_ym19_1_1506617792032_3517\" dir=\"ltr\" style=\"text-align: justify;\"><span id=\"m_-9183782401296729454yui_3_16_0_ym19_1_1506617792032_3516\" style=\"font-size: medium;\">Nacional ser\u00e1 el tercer club colombiano que participa en este certamen, donde ya tomaron parte Santa Fe en 2016 y Millonarios en 2017.<\/span><\/div>\n<div id=\"m_-9183782401296729454yui_3_16_0_ym19_1_1506617792032_3531\" dir=\"ltr\" style=\"text-align: justify;\"><span style=\"font-size: medium;\">\u00a0<\/span><\/div>\n<div id=\"m_-9183782401296729454yui_3_16_0_ym19_1_1506617792032_3532\" dir=\"ltr\" style=\"text-align: justify;\"><span id=\"m_-9183782401296729454yui_3_16_0_ym19_1_1506617792032_3539\" style=\"font-size: medium;\">La Florida Cup ha celebrado tres ediciones y ha sido ganada por el Colonia de Alemania en 2015, Atl\u00e9tico Mineiro de Brasil en 2016 y Sao Paulo en 2017.<\/span><\/div>\n","protected":false},"excerpt":{"rendered":"<p>Atl\u00e9tico Nacional disputar\u00e1 la Florida Cup en 2018 como representante colombiano en el torneo que se llevara a cabo del 10 al 20 de enero y al cual adem\u00e1s asistir\u00e1n como invitados el Corinthians brasile\u00f1o y el Glasgow Rangers de Escocia, donde act\u00faa el delantero Alfredo Morelos. \u00a0 Nacional ser\u00e1 el tercer club colombiano que [&hellip;]<\/p>\n","protected":false},"author":5,"featured_media":6786,"comment_status":"open","ping_status":"closed","sticky":false,"template":"","format":"standard","meta":{"_acf_changed":false,"footnotes":""},"categories":[152],"tags":[205,266],"class_list":{"0":"post-6785","1":"post","2":"type-post","3":"status-publish","4":"format-standard","5":"has-post-thumbnail","7":"category-mundo-futbol","8":"tag-atletico-nacional","9":"tag-florida-cup"},"acf":[],"_links":{"self":[{"href":"https:\/\/futbolhoy.co\/index.php\/wp-json\/wp\/v2\/posts\/6785","targetHints":{"allow":["GET"]}}],"collection":[{"href":"https:\/\/futbolhoy.co\/index.php\/wp-json\/wp\/v2\/posts"}],"about":[{"href":"https:\/\/futbolhoy.co\/index.php\/wp-json\/wp\/v2\/types\/post"}],"author":[{"embeddable":true,"href":"https:\/\/futbolhoy.co\/index.php\/wp-json\/wp\/v2\/users\/5"}],"replies":[{"embeddable":true,"href":"https:\/\/futbolhoy.co\/index.php\/wp-json\/wp\/v2\/comments?post=6785"}],"version-history":[{"count":1,"href":"https:\/\/futbolhoy.co\/index.php\/wp-json\/wp\/v2\/posts\/6785\/revisions"}],"predecessor-version":[{"id":6787,"href":"https:\/\/futbolhoy.co\/index.php\/wp-json\/wp\/v2\/posts\/6785\/revisions\/6787"}],"wp:featuredmedia":[{"embeddable":true,"href":"https:\/\/futbolhoy.co\/index.php\/wp-json\/wp\/v2\/media\/6786"}],"wp:attachment":[{"href":"https:\/\/futbolhoy.co\/index.php\/wp-json\/wp\/v2\/media?parent=6785"}],"wp:term":[{"taxonomy":"category","embeddable":true,"href":"https:\/\/futbolhoy.co\/index.php\/wp-json\/wp\/v2\/categories?post=6785"},{"taxonomy":"post_tag","embeddable":true,"href":"https:\/\/futbolhoy.co\/index.php\/wp-json\/wp\/v2\/tags?post=6785"}],"curies":[{"name":"wp","href":"https:\/\/api.w.org\/{rel}","templated":true}]}}