{"id":6796,"date":"2017-09-28T15:40:45","date_gmt":"2017-09-28T20:40:45","guid":{"rendered":"http:\/\/futbolhoy.co\/?p=6796"},"modified":"2017-09-28T15:40:45","modified_gmt":"2017-09-28T20:40:45","slug":"uruguay-define-nomina-para-el-cierre-de-las-eliminatorias","status":"publish","type":"post","link":"https:\/\/futbolhoy.co\/index.php\/2017\/09\/28\/uruguay-define-nomina-para-el-cierre-de-las-eliminatorias\/","title":{"rendered":"Uruguay define n\u00f3mina para el cierre de las eliminatorias"},"content":{"rendered":"<p>La selecci\u00f3n uruguaya defini\u00f3 la que ser\u00e1 su n\u00f3mina para enfrentar el cierre de las eliminatorias frente a Venezuela (5 de octubre) y Bolivia (10 de octubre).<\/p>\n<p>La lista la lideran los referentes Edinson Cavani, Luis Su\u00e1rez y Diego God\u00edn.<\/p>\n<p>Por primera vez en la convocatoria de la selecci\u00f3n se encuentran Rodrigo Betancur de la Juventus, que es titular en los encuentros y Maxi G\u00f3mez que pasa un excelente momento en la Liga espa\u00f1ola junto al Celta de Vigo.<\/p>\n<p>Desde la liga nacional de Uruguay, Math\u00edas Corujo (Pe\u00f1arol), Cristian Rodr\u00edguez (Pe\u00f1arol) y \u00c1lvaro Gonz\u00e1lez (Nacional).<\/p>\n<p>Uruguay es segundo en la clasificaci\u00f3n de la Conmebol al Mundial de Rusia 2018 con 27 puntos.<\/p>\n","protected":false},"excerpt":{"rendered":"<p>La selecci\u00f3n uruguaya defini\u00f3 la que ser\u00e1 su n\u00f3mina para enfrentar el cierre de las eliminatorias frente a Venezuela (5 de octubre) y Bolivia (10 de octubre). La lista la lideran los referentes Edinson Cavani, Luis Su\u00e1rez y Diego God\u00edn. Por primera vez en la convocatoria de la selecci\u00f3n se encuentran Rodrigo Betancur de la [&hellip;]<\/p>\n","protected":false},"author":6,"featured_media":6797,"comment_status":"open","ping_status":"closed","sticky":false,"template":"","format":"standard","meta":{"_acf_changed":false,"footnotes":""},"categories":[6],"tags":[],"class_list":{"0":"post-6796","1":"post","2":"type-post","3":"status-publish","4":"format-standard","5":"has-post-thumbnail","7":"category-mundial"},"acf":[],"_links":{"self":[{"href":"https:\/\/futbolhoy.co\/index.php\/wp-json\/wp\/v2\/posts\/6796","targetHints":{"allow":["GET"]}}],"collection":[{"href":"https:\/\/futbolhoy.co\/index.php\/wp-json\/wp\/v2\/posts"}],"about":[{"href":"https:\/\/futbolhoy.co\/index.php\/wp-json\/wp\/v2\/types\/post"}],"author":[{"embeddable":true,"href":"https:\/\/futbolhoy.co\/index.php\/wp-json\/wp\/v2\/users\/6"}],"replies":[{"embeddable":true,"href":"https:\/\/futbolhoy.co\/index.php\/wp-json\/wp\/v2\/comments?post=6796"}],"version-history":[{"count":1,"href":"https:\/\/futbolhoy.co\/index.php\/wp-json\/wp\/v2\/posts\/6796\/revisions"}],"predecessor-version":[{"id":6798,"href":"https:\/\/futbolhoy.co\/index.php\/wp-json\/wp\/v2\/posts\/6796\/revisions\/6798"}],"wp:featuredmedia":[{"embeddable":true,"href":"https:\/\/futbolhoy.co\/index.php\/wp-json\/wp\/v2\/media\/6797"}],"wp:attachment":[{"href":"https:\/\/futbolhoy.co\/index.php\/wp-json\/wp\/v2\/media?parent=6796"}],"wp:term":[{"taxonomy":"category","embeddable":true,"href":"https:\/\/futbolhoy.co\/index.php\/wp-json\/wp\/v2\/categories?post=6796"},{"taxonomy":"post_tag","embeddable":true,"href":"https:\/\/futbolhoy.co\/index.php\/wp-json\/wp\/v2\/tags?post=6796"}],"curies":[{"name":"wp","href":"https:\/\/api.w.org\/{rel}","templated":true}]}}