{"id":6804,"date":"2017-09-28T19:34:23","date_gmt":"2017-09-29T00:34:23","guid":{"rendered":"http:\/\/futbolhoy.co\/?p=6804"},"modified":"2017-09-28T19:34:23","modified_gmt":"2017-09-29T00:34:23","slug":"ospina-titular-en-victoria-del-arsenal-en-europa-league","status":"publish","type":"post","link":"https:\/\/futbolhoy.co\/index.php\/2017\/09\/28\/ospina-titular-en-victoria-del-arsenal-en-europa-league\/","title":{"rendered":"Ospina titular en victoria del Arsenal en Europa League"},"content":{"rendered":"<p style=\"text-align: justify;\">El portero David Ospina, del Arsenal, fue el colombiano m\u00e1s destacado en la segunda fecha de la fase de grupos de la Europa League.<\/p>\n<p style=\"text-align: justify;\">Ospina, quien\u00a0estuvo los 90 minutos en la victoria de su equipo 2-4 sobre BATE Borisov de Bielorrusia, tuvo una buena actuaci\u00f3n y a pesar de los dos tantos, respondi\u00f3 cuando fue exigido.<\/p>\n<p style=\"text-align: justify;\">Otros resultados en partidos con colombianos:<\/p>\n<p>.<\/p>\n<p style=\"text-align: left;\">Maccabi Tel Aviv\u00a0\u00a0\u00a0 0<\/p>\n<p style=\"text-align: left;\">Villarreal\u00a0\u00a0\u00a0\u00a0\u00a0\u00a0\u00a0\u00a0\u00a0\u00a0\u00a0\u00a0 \u00a00\u00a0\u00a0\u00a0 Carlos Bacca 74m<\/p>\n<p style=\"text-align: left;\">.<\/p>\n<p style=\"text-align: left;\">Mil\u00e1n\u00a0\u00a0\u00a0\u00a0\u00a0\u00a0\u00a0\u00a0\u00a0\u00a0\u00a0\u00a0\u00a0\u00a0\u00a0\u00a0\u00a03\u00a0\u00a0\u00a0 Cristian Zapata no concentr\u00f3<\/p>\n<p style=\"text-align: left;\">Rijeka (CRO)\u00a0\u00a0\u00a0\u00a0\u00a0\u00a02<\/p>\n<p style=\"text-align: left;\">.<\/p>\n<p style=\"text-align: left;\">Konyaspor (TUR)\u00a0\u00a0\u00a0 2<\/p>\n<p style=\"text-align: left;\">Vitoria\u00a0\u00a0\u00a0\u00a0\u00a0\u00a0\u00a0\u00a0\u00a0\u00a0\u00a0\u00a0\u00a0\u00a0\u00a0\u00a0\u00a0\u00a01\u00a0\u00a0\u00a0Guillermo Celis 90m, Oscar Estupi\u00f1\u00e1n 71m, Sebasti\u00e1n Rinc\u00f3n emergente.<\/p>\n<p style=\"text-align: left;\">.<\/p>\n<p style=\"text-align: left;\">Colonia\u00a0\u00a0\u00a0\u00a0\u00a0\u00a0\u00a0\u00a0\u00a0\u00a0\u00a0\u00a00\u00a0 \u00a0John Andr\u00e9s C\u00f3rdoba 90m<\/p>\n<p style=\"text-align: left;\">Crvena (SRB)\u00a0\u00a0\u00a0 1<\/p>\n","protected":false},"excerpt":{"rendered":"<p>El portero David Ospina, del Arsenal, fue el colombiano m\u00e1s destacado en la segunda fecha de la fase de grupos de la Europa League. Ospina, quien\u00a0estuvo los 90 minutos en la victoria de su equipo 2-4 sobre BATE Borisov de Bielorrusia, tuvo una buena actuaci\u00f3n y a pesar de los dos tantos, respondi\u00f3 cuando fue [&hellip;]<\/p>\n","protected":false},"author":5,"featured_media":6805,"comment_status":"open","ping_status":"closed","sticky":false,"template":"","format":"standard","meta":{"_acf_changed":false,"footnotes":""},"categories":[152],"tags":[132,165],"class_list":{"0":"post-6804","1":"post","2":"type-post","3":"status-publish","4":"format-standard","5":"has-post-thumbnail","7":"category-mundo-futbol","8":"tag-europa-league","9":"tag-jugadores-colombianos"},"acf":[],"_links":{"self":[{"href":"https:\/\/futbolhoy.co\/index.php\/wp-json\/wp\/v2\/posts\/6804","targetHints":{"allow":["GET"]}}],"collection":[{"href":"https:\/\/futbolhoy.co\/index.php\/wp-json\/wp\/v2\/posts"}],"about":[{"href":"https:\/\/futbolhoy.co\/index.php\/wp-json\/wp\/v2\/types\/post"}],"author":[{"embeddable":true,"href":"https:\/\/futbolhoy.co\/index.php\/wp-json\/wp\/v2\/users\/5"}],"replies":[{"embeddable":true,"href":"https:\/\/futbolhoy.co\/index.php\/wp-json\/wp\/v2\/comments?post=6804"}],"version-history":[{"count":1,"href":"https:\/\/futbolhoy.co\/index.php\/wp-json\/wp\/v2\/posts\/6804\/revisions"}],"predecessor-version":[{"id":6806,"href":"https:\/\/futbolhoy.co\/index.php\/wp-json\/wp\/v2\/posts\/6804\/revisions\/6806"}],"wp:featuredmedia":[{"embeddable":true,"href":"https:\/\/futbolhoy.co\/index.php\/wp-json\/wp\/v2\/media\/6805"}],"wp:attachment":[{"href":"https:\/\/futbolhoy.co\/index.php\/wp-json\/wp\/v2\/media?parent=6804"}],"wp:term":[{"taxonomy":"category","embeddable":true,"href":"https:\/\/futbolhoy.co\/index.php\/wp-json\/wp\/v2\/categories?post=6804"},{"taxonomy":"post_tag","embeddable":true,"href":"https:\/\/futbolhoy.co\/index.php\/wp-json\/wp\/v2\/tags?post=6804"}],"curies":[{"name":"wp","href":"https:\/\/api.w.org\/{rel}","templated":true}]}}