{"id":6807,"date":"2017-09-28T19:37:33","date_gmt":"2017-09-29T00:37:33","guid":{"rendered":"http:\/\/futbolhoy.co\/?p=6807"},"modified":"2017-09-30T13:19:16","modified_gmt":"2017-09-30T18:19:16","slug":"cardona-por-una-molestia-no-entreno-con-boca-juniors","status":"publish","type":"post","link":"https:\/\/futbolhoy.co\/index.php\/2017\/09\/28\/cardona-por-una-molestia-no-entreno-con-boca-juniors\/","title":{"rendered":"Cardona por una molestia no entren\u00f3 con Boca Juniors"},"content":{"rendered":"<p style=\"text-align: justify;\">El volante Edwin Cardona present\u00f3 una peque\u00f1a molestia muscular y no hizo el trabajo de recuperaci\u00f3n que adelant\u00f3 Boca Juniors, tras su eliminaci\u00f3n en Copa Argentina de f\u00fatbol.<\/p>\n<p style=\"text-align: justify;\">En principio la situaci\u00f3n de Cardona no afectar\u00e1 su eventual convocatoria a la selecci\u00f3n.<\/p>\n<p style=\"text-align: justify;\">El t\u00e9cnico de Colombia, Jos\u00e9 P\u00e9kerman, anunciar\u00e1 en las pr\u00f3ximas el grupo que estar\u00e1 disponible para los partidos ante Paraguay, el 5 de octubre en Barranquilla, y\u00a0Per\u00fa, el d\u00eda 10 en Lima<\/p>\n","protected":false},"excerpt":{"rendered":"<p>El volante Edwin Cardona present\u00f3 una peque\u00f1a molestia muscular y no hizo el trabajo de recuperaci\u00f3n que adelant\u00f3 Boca Juniors, tras su eliminaci\u00f3n en Copa Argentina de f\u00fatbol. En principio la situaci\u00f3n de Cardona no afectar\u00e1 su eventual convocatoria a la selecci\u00f3n. El t\u00e9cnico de Colombia, Jos\u00e9 P\u00e9kerman, anunciar\u00e1 en las pr\u00f3ximas el grupo que [&hellip;]<\/p>\n","protected":false},"author":5,"featured_media":6808,"comment_status":"open","ping_status":"closed","sticky":false,"template":"","format":"standard","meta":{"_acf_changed":false,"footnotes":""},"categories":[6,153],"tags":[260,268],"class_list":{"0":"post-6807","1":"post","2":"type-post","3":"status-publish","4":"format-standard","5":"has-post-thumbnail","7":"category-mundial","8":"category-selecion-colombia","9":"tag-boca-juniors","10":"tag-edwin-cardona"},"acf":[],"_links":{"self":[{"href":"https:\/\/futbolhoy.co\/index.php\/wp-json\/wp\/v2\/posts\/6807","targetHints":{"allow":["GET"]}}],"collection":[{"href":"https:\/\/futbolhoy.co\/index.php\/wp-json\/wp\/v2\/posts"}],"about":[{"href":"https:\/\/futbolhoy.co\/index.php\/wp-json\/wp\/v2\/types\/post"}],"author":[{"embeddable":true,"href":"https:\/\/futbolhoy.co\/index.php\/wp-json\/wp\/v2\/users\/5"}],"replies":[{"embeddable":true,"href":"https:\/\/futbolhoy.co\/index.php\/wp-json\/wp\/v2\/comments?post=6807"}],"version-history":[{"count":1,"href":"https:\/\/futbolhoy.co\/index.php\/wp-json\/wp\/v2\/posts\/6807\/revisions"}],"predecessor-version":[{"id":6809,"href":"https:\/\/futbolhoy.co\/index.php\/wp-json\/wp\/v2\/posts\/6807\/revisions\/6809"}],"wp:featuredmedia":[{"embeddable":true,"href":"https:\/\/futbolhoy.co\/index.php\/wp-json\/wp\/v2\/media\/6808"}],"wp:attachment":[{"href":"https:\/\/futbolhoy.co\/index.php\/wp-json\/wp\/v2\/media?parent=6807"}],"wp:term":[{"taxonomy":"category","embeddable":true,"href":"https:\/\/futbolhoy.co\/index.php\/wp-json\/wp\/v2\/categories?post=6807"},{"taxonomy":"post_tag","embeddable":true,"href":"https:\/\/futbolhoy.co\/index.php\/wp-json\/wp\/v2\/tags?post=6807"}],"curies":[{"name":"wp","href":"https:\/\/api.w.org\/{rel}","templated":true}]}}