{"id":6810,"date":"2017-09-28T19:39:39","date_gmt":"2017-09-29T00:39:39","guid":{"rendered":"http:\/\/futbolhoy.co\/?p=6810"},"modified":"2017-09-30T13:18:45","modified_gmt":"2017-09-30T18:18:45","slug":"yerry-mina-regresa-a-los-entrenamientos-en-brasil","status":"publish","type":"post","link":"https:\/\/futbolhoy.co\/index.php\/2017\/09\/28\/yerry-mina-regresa-a-los-entrenamientos-en-brasil\/","title":{"rendered":"Yerry Mina regresa a los entrenamientos en Brasil"},"content":{"rendered":"<p style=\"text-align: justify;\">El zaguero colombiano Yerry Mina regres\u00f3 a entrenamientos con Palmeiras de Brasil, tras permanecer\u00a0cerca de 6 semanas fuera de competencia.<\/p>\n<p style=\"text-align: justify;\">Mina sufri\u00f3 una peque\u00f1a fractura en el quinto metatarsiano del pie izquierdo en el juego Palmeiras-Barcelona del 10 de agosto por la Copa Libertadores.<\/p>\n<p style=\"text-align: justify;\">El colombiano adelant\u00f3 un trabajo diferenciado, tratando de buscar el nivel f\u00edsico y deportivo para regresar a la competencia.<\/p>\n<p style=\"text-align: justify;\">El defensa est\u00e1 en los planes del Barcelona de Espa\u00f1a y llegar\u00eda al f\u00fatbol europeo a mediados del 2018.<\/p>\n","protected":false},"excerpt":{"rendered":"<p>El zaguero colombiano Yerry Mina regres\u00f3 a entrenamientos con Palmeiras de Brasil, tras permanecer\u00a0cerca de 6 semanas fuera de competencia. Mina sufri\u00f3 una peque\u00f1a fractura en el quinto metatarsiano del pie izquierdo en el juego Palmeiras-Barcelona del 10 de agosto por la Copa Libertadores. El colombiano adelant\u00f3 un trabajo diferenciado, tratando de buscar el nivel [&hellip;]<\/p>\n","protected":false},"author":5,"featured_media":6811,"comment_status":"open","ping_status":"closed","sticky":false,"template":"","format":"standard","meta":{"_acf_changed":false,"footnotes":""},"categories":[153],"tags":[165,270,269],"class_list":{"0":"post-6810","1":"post","2":"type-post","3":"status-publish","4":"format-standard","5":"has-post-thumbnail","7":"category-selecion-colombia","8":"tag-jugadores-colombianos","9":"tag-palmeiras","10":"tag-yerry-mina"},"acf":[],"_links":{"self":[{"href":"https:\/\/futbolhoy.co\/index.php\/wp-json\/wp\/v2\/posts\/6810","targetHints":{"allow":["GET"]}}],"collection":[{"href":"https:\/\/futbolhoy.co\/index.php\/wp-json\/wp\/v2\/posts"}],"about":[{"href":"https:\/\/futbolhoy.co\/index.php\/wp-json\/wp\/v2\/types\/post"}],"author":[{"embeddable":true,"href":"https:\/\/futbolhoy.co\/index.php\/wp-json\/wp\/v2\/users\/5"}],"replies":[{"embeddable":true,"href":"https:\/\/futbolhoy.co\/index.php\/wp-json\/wp\/v2\/comments?post=6810"}],"version-history":[{"count":1,"href":"https:\/\/futbolhoy.co\/index.php\/wp-json\/wp\/v2\/posts\/6810\/revisions"}],"predecessor-version":[{"id":6812,"href":"https:\/\/futbolhoy.co\/index.php\/wp-json\/wp\/v2\/posts\/6810\/revisions\/6812"}],"wp:featuredmedia":[{"embeddable":true,"href":"https:\/\/futbolhoy.co\/index.php\/wp-json\/wp\/v2\/media\/6811"}],"wp:attachment":[{"href":"https:\/\/futbolhoy.co\/index.php\/wp-json\/wp\/v2\/media?parent=6810"}],"wp:term":[{"taxonomy":"category","embeddable":true,"href":"https:\/\/futbolhoy.co\/index.php\/wp-json\/wp\/v2\/categories?post=6810"},{"taxonomy":"post_tag","embeddable":true,"href":"https:\/\/futbolhoy.co\/index.php\/wp-json\/wp\/v2\/tags?post=6810"}],"curies":[{"name":"wp","href":"https:\/\/api.w.org\/{rel}","templated":true}]}}