{"id":6816,"date":"2017-09-29T10:28:23","date_gmt":"2017-09-29T15:28:23","guid":{"rendered":"http:\/\/futbolhoy.co\/?p=6816"},"modified":"2017-09-30T13:18:49","modified_gmt":"2017-09-30T18:18:49","slug":"ancelotti-se-peleo-con-5-jugadores-presidente-del-bayern","status":"publish","type":"post","link":"https:\/\/futbolhoy.co\/index.php\/2017\/09\/29\/ancelotti-se-peleo-con-5-jugadores-presidente-del-bayern\/","title":{"rendered":"Ancelotti se pele\u00f3 con 5 jugadores: presidente del Bayern"},"content":{"rendered":"<p>El presidente del <strong>Bayern M\u00fanich<\/strong>, <strong>Uli Hoeness<\/strong>, revelo que el ex entrenador del club, <strong>Carlo Ancelotti<\/strong>, hab\u00eda puesto en su contra a cinco jugadores importantes y \u00abeso es algo a lo que nadie sobrevive\u00bb.<\/p>\n<p>\u00abHace tiempo aprend\u00ed que no hay enemigo tan peligroso como el enemigo en la cama\u00bb, agreg\u00f3 el directivo.<\/p>\n<p>Los medios alemanes anotaron que los involucrados son <strong>Thomas M\u00fcller, Franck Ribery, Arjen Robben, Mats Hummels y Jerome Boateng.<\/strong><\/p>\n<p><strong>Hoeness<\/strong> revel\u00f3 adem\u00e1s que la decisi\u00f3n de separar a <strong>Ancelotti<\/strong> se hab\u00eda tomado en la madrugada del jueves, despu\u00e9s de la derrota 3-0 ante el <strong>PSG.<\/strong><\/p>\n","protected":false},"excerpt":{"rendered":"<p>El presidente del Bayern M\u00fanich, Uli Hoeness, revelo que el ex entrenador del club, Carlo Ancelotti, hab\u00eda puesto en su contra a cinco jugadores importantes y \u00abeso es algo a lo que nadie sobrevive\u00bb. \u00abHace tiempo aprend\u00ed que no hay enemigo tan peligroso como el enemigo en la cama\u00bb, agreg\u00f3 el directivo. Los medios alemanes [&hellip;]<\/p>\n","protected":false},"author":5,"featured_media":6817,"comment_status":"open","ping_status":"closed","sticky":false,"template":"","format":"standard","meta":{"_acf_changed":false,"footnotes":""},"categories":[4],"tags":[88,167],"class_list":{"0":"post-6816","1":"post","2":"type-post","3":"status-publish","4":"format-standard","5":"has-post-thumbnail","7":"category-champions-league","8":"tag-bayern-munich","9":"tag-carlo-ancelotti"},"acf":[],"_links":{"self":[{"href":"https:\/\/futbolhoy.co\/index.php\/wp-json\/wp\/v2\/posts\/6816","targetHints":{"allow":["GET"]}}],"collection":[{"href":"https:\/\/futbolhoy.co\/index.php\/wp-json\/wp\/v2\/posts"}],"about":[{"href":"https:\/\/futbolhoy.co\/index.php\/wp-json\/wp\/v2\/types\/post"}],"author":[{"embeddable":true,"href":"https:\/\/futbolhoy.co\/index.php\/wp-json\/wp\/v2\/users\/5"}],"replies":[{"embeddable":true,"href":"https:\/\/futbolhoy.co\/index.php\/wp-json\/wp\/v2\/comments?post=6816"}],"version-history":[{"count":1,"href":"https:\/\/futbolhoy.co\/index.php\/wp-json\/wp\/v2\/posts\/6816\/revisions"}],"predecessor-version":[{"id":6818,"href":"https:\/\/futbolhoy.co\/index.php\/wp-json\/wp\/v2\/posts\/6816\/revisions\/6818"}],"wp:featuredmedia":[{"embeddable":true,"href":"https:\/\/futbolhoy.co\/index.php\/wp-json\/wp\/v2\/media\/6817"}],"wp:attachment":[{"href":"https:\/\/futbolhoy.co\/index.php\/wp-json\/wp\/v2\/media?parent=6816"}],"wp:term":[{"taxonomy":"category","embeddable":true,"href":"https:\/\/futbolhoy.co\/index.php\/wp-json\/wp\/v2\/categories?post=6816"},{"taxonomy":"post_tag","embeddable":true,"href":"https:\/\/futbolhoy.co\/index.php\/wp-json\/wp\/v2\/tags?post=6816"}],"curies":[{"name":"wp","href":"https:\/\/api.w.org\/{rel}","templated":true}]}}