{"id":6819,"date":"2017-09-29T10:38:10","date_gmt":"2017-09-29T15:38:10","guid":{"rendered":"http:\/\/futbolhoy.co\/?p=6819"},"modified":"2017-09-30T13:18:52","modified_gmt":"2017-09-30T18:18:52","slug":"kun-aguero-se-fracturo-una-costilla-y-no-estara-con-argentina","status":"publish","type":"post","link":"https:\/\/futbolhoy.co\/index.php\/2017\/09\/29\/kun-aguero-se-fracturo-una-costilla-y-no-estara-con-argentina\/","title":{"rendered":"\u201cKun\u201d Ag\u00fcero se fractur\u00f3 una costilla y no estar\u00e1 con Argentina"},"content":{"rendered":"<p style=\"text-align: justify;\">El delantero Sergio \u00abKun\u00bb Ag\u00fcero, del Manchester City, se fractur\u00f3 una costilla luego que el taxi en el que se transportaba en Amsterdam chocara contra un poste y se perder\u00e1 los \u00faltimos partidos de Argentina en las eliminatorias del Mundial de Rusia.<\/p>\n<p style=\"text-align: justify;\">Ag\u00fcero sal\u00eda de asistir a un concierto del cantante colombiano Maluma, con quien hab\u00eda intercambiado mensajes y fotograf\u00edas a trav\u00e9s de sus cuentas en Instagram, y se trasladaba al aeropuerto para regresar a Manchester.<\/p>\n<p style=\"text-align: justify;\">En principio el jugador tendr\u00e1 al menos dos meses de incapacidad.<\/p>\n","protected":false},"excerpt":{"rendered":"<p>El delantero Sergio \u00abKun\u00bb Ag\u00fcero, del Manchester City, se fractur\u00f3 una costilla luego que el taxi en el que se transportaba en Amsterdam chocara contra un poste y se perder\u00e1 los \u00faltimos partidos de Argentina en las eliminatorias del Mundial de Rusia. Ag\u00fcero sal\u00eda de asistir a un concierto del cantante colombiano Maluma, con quien [&hellip;]<\/p>\n","protected":false},"author":5,"featured_media":6820,"comment_status":"open","ping_status":"closed","sticky":false,"template":"","format":"standard","meta":{"_acf_changed":false,"footnotes":""},"categories":[6],"tags":[94,244,271],"class_list":{"0":"post-6819","1":"post","2":"type-post","3":"status-publish","4":"format-standard","5":"has-post-thumbnail","7":"category-mundial","8":"tag-eliminatorias","9":"tag-seleccion-argentina","10":"tag-sergio-aguero"},"acf":[],"_links":{"self":[{"href":"https:\/\/futbolhoy.co\/index.php\/wp-json\/wp\/v2\/posts\/6819","targetHints":{"allow":["GET"]}}],"collection":[{"href":"https:\/\/futbolhoy.co\/index.php\/wp-json\/wp\/v2\/posts"}],"about":[{"href":"https:\/\/futbolhoy.co\/index.php\/wp-json\/wp\/v2\/types\/post"}],"author":[{"embeddable":true,"href":"https:\/\/futbolhoy.co\/index.php\/wp-json\/wp\/v2\/users\/5"}],"replies":[{"embeddable":true,"href":"https:\/\/futbolhoy.co\/index.php\/wp-json\/wp\/v2\/comments?post=6819"}],"version-history":[{"count":1,"href":"https:\/\/futbolhoy.co\/index.php\/wp-json\/wp\/v2\/posts\/6819\/revisions"}],"predecessor-version":[{"id":6821,"href":"https:\/\/futbolhoy.co\/index.php\/wp-json\/wp\/v2\/posts\/6819\/revisions\/6821"}],"wp:featuredmedia":[{"embeddable":true,"href":"https:\/\/futbolhoy.co\/index.php\/wp-json\/wp\/v2\/media\/6820"}],"wp:attachment":[{"href":"https:\/\/futbolhoy.co\/index.php\/wp-json\/wp\/v2\/media?parent=6819"}],"wp:term":[{"taxonomy":"category","embeddable":true,"href":"https:\/\/futbolhoy.co\/index.php\/wp-json\/wp\/v2\/categories?post=6819"},{"taxonomy":"post_tag","embeddable":true,"href":"https:\/\/futbolhoy.co\/index.php\/wp-json\/wp\/v2\/tags?post=6819"}],"curies":[{"name":"wp","href":"https:\/\/api.w.org\/{rel}","templated":true}]}}