{"id":6825,"date":"2017-09-29T10:56:16","date_gmt":"2017-09-29T15:56:16","guid":{"rendered":"http:\/\/futbolhoy.co\/?p=6825"},"modified":"2017-09-29T11:52:36","modified_gmt":"2017-09-29T16:52:36","slug":"bayern-se-fijo-dos-semanas-de-plazo-para-contratar-tecnico","status":"publish","type":"post","link":"https:\/\/futbolhoy.co\/index.php\/2017\/09\/29\/bayern-se-fijo-dos-semanas-de-plazo-para-contratar-tecnico\/","title":{"rendered":"Bayern se fij\u00f3 dos semanas de plazo para contratar t\u00e9cnico"},"content":{"rendered":"<p style=\"text-align: justify;\">El Bayern M\u00fanich, donde juega el colombiano James Rodr\u00edguez, se dio un plazo de dos semanas para encontrar al sucesor de Carlo Ancelotti, despedido tras caer 3-0 ante Par\u00eds Saint-Germain en Liga de Campeones.<\/p>\n<p style=\"text-align: justify;\">Willy Sagnol, asistente de Ancelotti, dirigir\u00e1 este fin de semana el plantel ante Hertha Berl\u00edn.<\/p>\n<p style=\"text-align: justify;\">Thomas Tuchel, ex t\u00e9cnico de Borussia Dortmund, y Julian Nagelsmann, t\u00e9cnico del Hoffenheim, son los candidatos seg\u00fan\u00a0la prensa.<\/p>\n","protected":false},"excerpt":{"rendered":"<p>El Bayern M\u00fanich, donde juega el colombiano James Rodr\u00edguez, se dio un plazo de dos semanas para encontrar al sucesor de Carlo Ancelotti, despedido tras caer 3-0 ante Par\u00eds Saint-Germain en Liga de Campeones. Willy Sagnol, asistente de Ancelotti, dirigir\u00e1 este fin de semana el plantel ante Hertha Berl\u00edn. Thomas Tuchel, ex t\u00e9cnico de Borussia [&hellip;]<\/p>\n","protected":false},"author":5,"featured_media":6829,"comment_status":"open","ping_status":"closed","sticky":false,"template":"","format":"standard","meta":{"_acf_changed":false,"footnotes":""},"categories":[152],"tags":[88],"class_list":{"0":"post-6825","1":"post","2":"type-post","3":"status-publish","4":"format-standard","5":"has-post-thumbnail","7":"category-mundo-futbol","8":"tag-bayern-munich"},"acf":[],"_links":{"self":[{"href":"https:\/\/futbolhoy.co\/index.php\/wp-json\/wp\/v2\/posts\/6825","targetHints":{"allow":["GET"]}}],"collection":[{"href":"https:\/\/futbolhoy.co\/index.php\/wp-json\/wp\/v2\/posts"}],"about":[{"href":"https:\/\/futbolhoy.co\/index.php\/wp-json\/wp\/v2\/types\/post"}],"author":[{"embeddable":true,"href":"https:\/\/futbolhoy.co\/index.php\/wp-json\/wp\/v2\/users\/5"}],"replies":[{"embeddable":true,"href":"https:\/\/futbolhoy.co\/index.php\/wp-json\/wp\/v2\/comments?post=6825"}],"version-history":[{"count":1,"href":"https:\/\/futbolhoy.co\/index.php\/wp-json\/wp\/v2\/posts\/6825\/revisions"}],"predecessor-version":[{"id":6830,"href":"https:\/\/futbolhoy.co\/index.php\/wp-json\/wp\/v2\/posts\/6825\/revisions\/6830"}],"wp:featuredmedia":[{"embeddable":true,"href":"https:\/\/futbolhoy.co\/index.php\/wp-json\/wp\/v2\/media\/6829"}],"wp:attachment":[{"href":"https:\/\/futbolhoy.co\/index.php\/wp-json\/wp\/v2\/media?parent=6825"}],"wp:term":[{"taxonomy":"category","embeddable":true,"href":"https:\/\/futbolhoy.co\/index.php\/wp-json\/wp\/v2\/categories?post=6825"},{"taxonomy":"post_tag","embeddable":true,"href":"https:\/\/futbolhoy.co\/index.php\/wp-json\/wp\/v2\/tags?post=6825"}],"curies":[{"name":"wp","href":"https:\/\/api.w.org\/{rel}","templated":true}]}}