{"id":6831,"date":"2017-09-29T19:26:27","date_gmt":"2017-09-30T00:26:27","guid":{"rendered":"http:\/\/futbolhoy.co\/?p=6831"},"modified":"2017-10-02T08:15:13","modified_gmt":"2017-10-02T13:15:13","slug":"falcao-y-james-lideran-seleccion-colombia-para-eliminatorias","status":"publish","type":"post","link":"https:\/\/futbolhoy.co\/index.php\/2017\/09\/29\/falcao-y-james-lideran-seleccion-colombia-para-eliminatorias\/","title":{"rendered":"Falcao y James lideran selecci\u00f3n Colombia"},"content":{"rendered":"<p style=\"text-align: justify;\">El volante Mateus Uribe, del Am\u00e9rica de M\u00e9xico, y los delanteros Duv\u00e1n Zapata, de Sampdoria de Italia, y Carlos Bacca, de Villarreal de Espa\u00f1a, se destacan en la n\u00f3mina de la selecci\u00f3n colombiana de f\u00fatbol que fue citada para los juegos ante Paraguay y Per\u00fa por eliminatorias a Rusia 2018.<\/p>\n<p style=\"text-align: justify;\">Falcao Garc\u00eda, del M\u00f3naco, y James Rodr\u00edguez, del Bayern Munich encabezan el grupo de 26 jugadores que iniciar\u00e1 este fin de semana su concentraci\u00f3n en Barranquilla<\/p>\n<p style=\"text-align: justify;\">La lista est\u00e1 integrada por:<\/p>\n<p style=\"text-align: justify;\"><em>Porteros:<\/em>\u00a0David Ospina (Arsenal, Inglaterra), Camilo Vargas (Atl\u00e9tico Nacional) y Leandro Castellanos (Santa Fe).<\/p>\n<p style=\"text-align: justify;\"><em>Defensas:<\/em>\u00a0Cristian Zapata (Mil\u00e1n, Italia), Davinson S\u00e1nchez (Tottenham, Inglaterra), Santiago Arias (PSV Eindhoven, Holanda), Stefan Medina (Monterrey, M\u00e9xico), \u00d3scar Murillo (Pachuca, M\u00e9xico), Francisco Meza (Tigres UANL, M\u00e9xico), Frank Fabra (Boca Juniors, Argentina), Farid D\u00edaz (Olimpia, Paraguay) y William Tesillo (Santa Fe).<\/p>\n<p style=\"text-align: justify;\"><em>Volantes:<\/em>\u00a0Carlos S\u00e1nchez (Fiorentina, Italia), Juan Guillermo Cuadrado (Juventus, Italia), James Rodr\u00edguez (Bayern M\u00fanich, Alemania), Mateus Uribe (Am\u00e9rica, M\u00e9xico), Giovanni Moreno (Shangh\u00e1i Shenhua, China), Edwin Cardona (Boca Juniors, Argentina), Wilmar Barrios (Boca Junios, Argentina), Gustavo Cu\u00e9llar (Flamengo, Brasil) y Abel Aguilar (Deportivo Cali).<\/p>\n<p style=\"text-align: justify;\"><em>Delanteros:<\/em>\u00a0Falcao Garc\u00eda (M\u00f3naco, Francia), Luis Fernando Muriel (Sevilla, Espa\u00f1a), Carlos Bacca (Villarreal, Espa\u00f1a), Duvan Zapata (Sampdoria, Italia), Te\u00f3filo Guti\u00e9rrez (Atl\u00e9tico Junior) y Yimmi Char\u00e1 (Atl\u00e9tico Junior).<\/p>\n","protected":false},"excerpt":{"rendered":"<p>El volante Mateus Uribe, del Am\u00e9rica de M\u00e9xico, y los delanteros Duv\u00e1n Zapata, de Sampdoria de Italia, y Carlos Bacca, de Villarreal de Espa\u00f1a, se destacan en la n\u00f3mina de la selecci\u00f3n colombiana de f\u00fatbol que fue citada para los juegos ante Paraguay y Per\u00fa por eliminatorias a Rusia 2018. Falcao Garc\u00eda, del M\u00f3naco, y [&hellip;]<\/p>\n","protected":false},"author":5,"featured_media":6823,"comment_status":"open","ping_status":"closed","sticky":false,"template":"","format":"standard","meta":{"_acf_changed":false,"footnotes":""},"categories":[6],"tags":[94,127],"class_list":{"0":"post-6831","1":"post","2":"type-post","3":"status-publish","4":"format-standard","5":"has-post-thumbnail","7":"category-mundial","8":"tag-eliminatorias","9":"tag-seleccion-colombia"},"acf":[],"_links":{"self":[{"href":"https:\/\/futbolhoy.co\/index.php\/wp-json\/wp\/v2\/posts\/6831","targetHints":{"allow":["GET"]}}],"collection":[{"href":"https:\/\/futbolhoy.co\/index.php\/wp-json\/wp\/v2\/posts"}],"about":[{"href":"https:\/\/futbolhoy.co\/index.php\/wp-json\/wp\/v2\/types\/post"}],"author":[{"embeddable":true,"href":"https:\/\/futbolhoy.co\/index.php\/wp-json\/wp\/v2\/users\/5"}],"replies":[{"embeddable":true,"href":"https:\/\/futbolhoy.co\/index.php\/wp-json\/wp\/v2\/comments?post=6831"}],"version-history":[{"count":3,"href":"https:\/\/futbolhoy.co\/index.php\/wp-json\/wp\/v2\/posts\/6831\/revisions"}],"predecessor-version":[{"id":6918,"href":"https:\/\/futbolhoy.co\/index.php\/wp-json\/wp\/v2\/posts\/6831\/revisions\/6918"}],"wp:featuredmedia":[{"embeddable":true,"href":"https:\/\/futbolhoy.co\/index.php\/wp-json\/wp\/v2\/media\/6823"}],"wp:attachment":[{"href":"https:\/\/futbolhoy.co\/index.php\/wp-json\/wp\/v2\/media?parent=6831"}],"wp:term":[{"taxonomy":"category","embeddable":true,"href":"https:\/\/futbolhoy.co\/index.php\/wp-json\/wp\/v2\/categories?post=6831"},{"taxonomy":"post_tag","embeddable":true,"href":"https:\/\/futbolhoy.co\/index.php\/wp-json\/wp\/v2\/tags?post=6831"}],"curies":[{"name":"wp","href":"https:\/\/api.w.org\/{rel}","templated":true}]}}