{"id":7062,"date":"2017-10-03T20:34:56","date_gmt":"2017-10-04T01:34:56","guid":{"rendered":"http:\/\/futbolhoy.co\/?p=7062"},"modified":"2017-10-03T20:34:56","modified_gmt":"2017-10-04T01:34:56","slug":"el-mejor-chile-estara-ante-ecuador-y-brasil-pinilla","status":"publish","type":"post","link":"https:\/\/futbolhoy.co\/index.php\/2017\/10\/03\/el-mejor-chile-estara-ante-ecuador-y-brasil-pinilla\/","title":{"rendered":"\u201cEl mejor Chile estar\u00e1 ante Ecuador y Brasil\u201d, Pinilla"},"content":{"rendered":"<p style=\"text-align: justify;\"><span style=\"font-weight: 400;\">El delantero <\/span><b>Mauricio Pinilla<\/b><span style=\"font-weight: 400;\">, de la <\/span><b>Universidad de Chile<\/b><span style=\"font-weight: 400;\">,\u00a0asegur\u00f3 en rueda de prensa que los partidos de &#8216;la Roja&#8217; ante Ecuador y Brasil, por las eliminatorias al Mundial de Rusia, se podr\u00e1 ver la mejor versi\u00f3n del seleccionado austral.<\/span><span style=\"font-weight: 400;\"><br \/>\n<\/span><span style=\"font-weight: 400;\"><br \/>\n<\/span><span style=\"font-weight: 400;\">\u00abVamos a ver al mejor <\/span><b>Alexis S\u00e1nchez<\/b><span style=\"font-weight: 400;\">, al mejor <\/span><b>Claudio Bravo<\/b><span style=\"font-weight: 400;\">, al mejor <\/span><b>Arturo Vidal<\/b><span style=\"font-weight: 400;\">, al mejor Jorge Valdivia\u00bb, manifest\u00f3 Pinilla a los periodistas tras el entrenamiento del equipo en Santiago, donde el jueves recibir\u00e1 a Ecuador en juego definitivo de la fase clasificatoria, donde suma 23 puntos y\u00a0ocupa la s\u00e9ptima casilla, de momento fuera de la Copa Mundo.<\/span><\/p>\n<p style=\"text-align: justify;\"><span style=\"font-weight: 400;\">Chile complic\u00f3 su cupo al Mundial tras sufrir dos derrotas consecutivas en los partidos m\u00e1s recientes de local ante Paraguay 0-3 y de visitante contra Bolivia 1-0.<\/span><\/p>\n<p style=\"text-align: justify;\"><span style=\"font-weight: 400;\">Sobre la supuesta tensi\u00f3n que ha provocado en la plantilla la marginaci\u00f3n del volante <\/span><b>Marcelo D\u00edaz<\/b><span style=\"font-weight: 400;\">, dijo que se debe respetar la decisi\u00f3n del t\u00e9cnico y culp\u00f3 a la prensa de la pol\u00e9mica, admitiendo que en lo personal es cercano a D\u00edaz.<\/span><span style=\"font-weight: 400;\"><br \/>\n<\/span><span style=\"font-weight: 400;\"><br \/>\n<\/span><span style=\"font-weight: 400;\">\u00abEl trabajo de ustedes es agarrarse de cosas m\u00ednimas que nos hagan distraer. Pero tenemos una mentalidad muy positiva, nos estamos jugando una maravillosa posibilidad de ir al mundial\u00bb, sentenci\u00f3 Pinilla.<\/span><\/p>\n","protected":false},"excerpt":{"rendered":"<p>El delantero Mauricio Pinilla, de la Universidad de Chile,\u00a0asegur\u00f3 en rueda de prensa que los partidos de &#8216;la Roja&#8217; ante Ecuador y Brasil, por las eliminatorias al Mundial de Rusia, se podr\u00e1 ver la mejor versi\u00f3n del seleccionado austral. \u00abVamos a ver al mejor Alexis S\u00e1nchez, al mejor Claudio Bravo, al mejor Arturo Vidal, al [&hellip;]<\/p>\n","protected":false},"author":5,"featured_media":7063,"comment_status":"open","ping_status":"closed","sticky":false,"template":"","format":"standard","meta":{"_acf_changed":false,"footnotes":""},"categories":[6],"tags":[94,288],"class_list":{"0":"post-7062","1":"post","2":"type-post","3":"status-publish","4":"format-standard","5":"has-post-thumbnail","7":"category-mundial","8":"tag-eliminatorias","9":"tag-seleccion-chile"},"acf":[],"_links":{"self":[{"href":"https:\/\/futbolhoy.co\/index.php\/wp-json\/wp\/v2\/posts\/7062","targetHints":{"allow":["GET"]}}],"collection":[{"href":"https:\/\/futbolhoy.co\/index.php\/wp-json\/wp\/v2\/posts"}],"about":[{"href":"https:\/\/futbolhoy.co\/index.php\/wp-json\/wp\/v2\/types\/post"}],"author":[{"embeddable":true,"href":"https:\/\/futbolhoy.co\/index.php\/wp-json\/wp\/v2\/users\/5"}],"replies":[{"embeddable":true,"href":"https:\/\/futbolhoy.co\/index.php\/wp-json\/wp\/v2\/comments?post=7062"}],"version-history":[{"count":1,"href":"https:\/\/futbolhoy.co\/index.php\/wp-json\/wp\/v2\/posts\/7062\/revisions"}],"predecessor-version":[{"id":7064,"href":"https:\/\/futbolhoy.co\/index.php\/wp-json\/wp\/v2\/posts\/7062\/revisions\/7064"}],"wp:featuredmedia":[{"embeddable":true,"href":"https:\/\/futbolhoy.co\/index.php\/wp-json\/wp\/v2\/media\/7063"}],"wp:attachment":[{"href":"https:\/\/futbolhoy.co\/index.php\/wp-json\/wp\/v2\/media?parent=7062"}],"wp:term":[{"taxonomy":"category","embeddable":true,"href":"https:\/\/futbolhoy.co\/index.php\/wp-json\/wp\/v2\/categories?post=7062"},{"taxonomy":"post_tag","embeddable":true,"href":"https:\/\/futbolhoy.co\/index.php\/wp-json\/wp\/v2\/tags?post=7062"}],"curies":[{"name":"wp","href":"https:\/\/api.w.org\/{rel}","templated":true}]}}