{"id":70621,"date":"2021-09-29T18:19:52","date_gmt":"2021-09-29T23:19:52","guid":{"rendered":"https:\/\/futbolhoy.co\/?p=70621"},"modified":"2021-09-30T12:25:35","modified_gmt":"2021-09-30T17:25:35","slug":"siete-novedades-en-la-seleccion-colombia-para-eliminatorias","status":"publish","type":"post","link":"https:\/\/futbolhoy.co\/index.php\/2021\/09\/29\/siete-novedades-en-la-seleccion-colombia-para-eliminatorias\/","title":{"rendered":"Siete novedades en Colombia para eliminatorias"},"content":{"rendered":"<p style=\"text-align: justify;\"><span style=\"font-family: helvetica, arial, sans-serif;\">Siete novedades present\u00f3 el profesor <strong>Reinaldo Rueda<\/strong> para la triple jornada de eliminatorias del mes de Octubre. Entre los convocados se destaca el llamado de\u00a0<strong>Aldair Quintana, Jhon Janier Lucum\u00ed, Eder \u00c1lvarez Balanta, Johan Mojica <\/strong>y el regreso de<strong> Jefferson Lerma, Duv\u00e1n Zapata y Yerry Mina.\u00a0<\/strong><\/span><\/p>\n<p style=\"text-align: justify;\"><span style=\"font-family: helvetica, arial, sans-serif;\">El t\u00e9cnico no tuvo en cuenta <strong>James Rodr\u00edguez<\/strong> y<strong> Luis Fernando Muriel.<\/strong><\/span><\/p>\n<p style=\"text-align: justify;\"><span style=\"font-family: helvetica, arial, sans-serif;\">Los jugadores iniciar\u00e1n la concentraci\u00f3n en la sede deportiva de la <strong>Federaci\u00f3n Colombiana de F\u00fatbol<\/strong> en Bogot\u00e1 y posteriormente viajar\u00e1n a Barranquilla para iniciar la preparaci\u00f3n pensando en <strong>Uruguay<\/strong> (Montevideo 7 de octubre), <strong>Brasil<\/strong> 10 de Octubre y <strong>Ecuador<\/strong> 14 de Octubre (Barranquilla).<\/span><\/p>\n<p style=\"text-align: justify;\"><span style=\"font-family: helvetica, arial, sans-serif;\">Nomina citada:<\/span><\/p>\n<p style=\"text-align: justify;\"><span style=\"font-family: helvetica, arial, sans-serif;\"><b>Porteros<\/b><\/span><br \/>\n<span style=\"font-family: helvetica, arial, sans-serif;\">David Ospina (Napoli, Italia), Aldair Quintana (Nacional, Colombia), Camilo Vargas (Atlas, M\u00e9xico)<\/span><\/p>\n<p style=\"text-align: justify;\"><span style=\"font-family: helvetica, arial, sans-serif;\"><b>Defensas<\/b><\/span><br \/>\n<span style=\"font-family: helvetica, arial, sans-serif;\">Carlos Cuesta (Genk, B\u00e9lgica), Daniel Mu\u00f1oz (Genk, B\u00e9lgica), Davinson S\u00e1nchez (Tottenham, B\u00e9lgica), \u00c9der \u00c1lvarez Balanta (Brujas, B\u00e9lgica), Jhon Lucum\u00ed (Genk, B\u00e9lgica),<\/span><span style=\"font-family: helvetica, arial, sans-serif;\">Johan Mojica (\u00c9lche, Espa\u00f1a), Yerry Mina (Everton, Inglaterra), Stefan Medina (Monterrey, M\u00e9xico),William Tesillo (Le\u00f3n, M\u00e9xico).\u00a0<\/span><\/p>\n<p style=\"text-align: justify;\"><span style=\"font-family: helvetica, arial, sans-serif;\"><b>Volantes<\/b><\/span><br \/>\n<span style=\"font-family: helvetica, arial, sans-serif;\">Gustavo Cu\u00e9llar Al-Hilal (Arabia Saudita), Jefferson Lerma (Bournemouth, Inglaterra), Juan Fernando Quintero (Shenzhen, China), Juan Guillermo Cuadrado (Juventus, Italia), Luis D\u00edaz (Porto, Portugal), Luis Sinisterra (Feyenoord, Pa\u00edses Bajos), Matheus Uribe (Porto, Portugal), Wilmar Barrios (Zenit San Petersburgo, Rusia), Yerson Candelo (Nacional, Colombia).<\/span><br \/>\n<span style=\"font-family: helvetica, arial, sans-serif;\"><b><br \/>\nDelanteros<\/b><\/span><br \/>\n<span style=\"font-family: helvetica, arial, sans-serif;\">Duvan Zapata (Atalanta, Italia), Falcao Garc\u00eda (Rayo Vallecano, Espa\u00f1a),Miguel \u00c1ngel Borja (Gremio, Brasil),Rafael Santos Borr\u00e9 (Eintracht Frankfurt, Alemania),Roger Mart\u00ednez (Am\u00e9rica, M\u00e9xico)<\/span><\/p>\n<blockquote class=\"twitter-tweet\">\n<p dir=\"ltr\" lang=\"es\"><span style=\"font-family: helvetica, arial, sans-serif;\">\ud83d\udcdd Octubre es el mes de los ni\u00f1os, por eso l@s hij@s, sobrin@s y prim@s de nuestros jugadores nos presentan a los elegidos por <a href=\"https:\/\/twitter.com\/ReinaldoRuedaDT?ref_src=twsrc%5Etfw\">@ReinaldoRuedaDT<\/a> para disputar esta triple fecha Clasificatoria a la Copa Mundial de la FIFA Catar 2022 \ud83c\uddf6\ud83c\udde6<\/span><\/p>\n<p><span style=\"font-family: helvetica, arial, sans-serif;\">\ud83d\udc9b\ud83d\udc9b\ud83d\udc99\u2764\ufe0f<a href=\"https:\/\/twitter.com\/hashtag\/VamosColombia?src=hash&amp;ref_src=twsrc%5Etfw\">#VamosColombia<\/a>\ud83c\udde8\ud83c\uddf4 <a href=\"https:\/\/t.co\/E7UdIoUGs7\">pic.twitter.com\/E7UdIoUGs7<\/a><\/span><\/p>\n<p><span style=\"font-family: helvetica, arial, sans-serif;\">\u2014 Selecci\u00f3n Colombia (@FCFSeleccionCol) <a href=\"https:\/\/twitter.com\/FCFSeleccionCol\/status\/1443348092762398726?ref_src=twsrc%5Etfw\">September 29, 2021<\/a><\/span><\/p><\/blockquote>\n<p style=\"text-align: justify;\"><span style=\"font-family: helvetica, arial, sans-serif;\"><script async src=\"https:\/\/platform.twitter.com\/widgets.js\" charset=\"utf-8\"><\/script><\/span><\/p>\n","protected":false},"excerpt":{"rendered":"<p>Siete novedades present\u00f3 el profesor Reinaldo Rueda para la triple jornada de eliminatorias del mes de Octubre. Entre los convocados se destaca el llamado de\u00a0Aldair Quintana, Jhon Janier Lucum\u00ed, Eder \u00c1lvarez Balanta, Johan Mojica y el regreso de Jefferson Lerma, Duv\u00e1n Zapata y Yerry Mina.\u00a0 El t\u00e9cnico no tuvo en cuenta James Rodr\u00edguez y Luis [&hellip;]<\/p>\n","protected":false},"author":5,"featured_media":69594,"comment_status":"open","ping_status":"closed","sticky":false,"template":"","format":"standard","meta":{"_acf_changed":false,"footnotes":""},"categories":[418],"tags":[],"class_list":{"0":"post-70621","1":"post","2":"type-post","3":"status-publish","4":"format-standard","5":"has-post-thumbnail","7":"category-colombia"},"acf":[],"_links":{"self":[{"href":"https:\/\/futbolhoy.co\/index.php\/wp-json\/wp\/v2\/posts\/70621","targetHints":{"allow":["GET"]}}],"collection":[{"href":"https:\/\/futbolhoy.co\/index.php\/wp-json\/wp\/v2\/posts"}],"about":[{"href":"https:\/\/futbolhoy.co\/index.php\/wp-json\/wp\/v2\/types\/post"}],"author":[{"embeddable":true,"href":"https:\/\/futbolhoy.co\/index.php\/wp-json\/wp\/v2\/users\/5"}],"replies":[{"embeddable":true,"href":"https:\/\/futbolhoy.co\/index.php\/wp-json\/wp\/v2\/comments?post=70621"}],"version-history":[{"count":3,"href":"https:\/\/futbolhoy.co\/index.php\/wp-json\/wp\/v2\/posts\/70621\/revisions"}],"predecessor-version":[{"id":70639,"href":"https:\/\/futbolhoy.co\/index.php\/wp-json\/wp\/v2\/posts\/70621\/revisions\/70639"}],"wp:featuredmedia":[{"embeddable":true,"href":"https:\/\/futbolhoy.co\/index.php\/wp-json\/wp\/v2\/media\/69594"}],"wp:attachment":[{"href":"https:\/\/futbolhoy.co\/index.php\/wp-json\/wp\/v2\/media?parent=70621"}],"wp:term":[{"taxonomy":"category","embeddable":true,"href":"https:\/\/futbolhoy.co\/index.php\/wp-json\/wp\/v2\/categories?post=70621"},{"taxonomy":"post_tag","embeddable":true,"href":"https:\/\/futbolhoy.co\/index.php\/wp-json\/wp\/v2\/tags?post=70621"}],"curies":[{"name":"wp","href":"https:\/\/api.w.org\/{rel}","templated":true}]}}