{"id":7065,"date":"2017-10-03T20:38:19","date_gmt":"2017-10-04T01:38:19","guid":{"rendered":"http:\/\/futbolhoy.co\/?p=7065"},"modified":"2017-10-03T20:38:19","modified_gmt":"2017-10-04T01:38:19","slug":"gianni-infantino-visitara-argentina-antes-de-las-eliminatorias","status":"publish","type":"post","link":"https:\/\/futbolhoy.co\/index.php\/2017\/10\/03\/gianni-infantino-visitara-argentina-antes-de-las-eliminatorias\/","title":{"rendered":"Gianni Infantino visitar\u00e1 Argentina antes de las eliminatorias"},"content":{"rendered":"<p style=\"text-align: justify;\"><span style=\"font-weight: 400;\">El presidente de la <\/span><b>FIFA<\/b><span style=\"font-weight: 400;\">, Gianni Infantino, visitar\u00e1 este mi\u00e9rcoles Argentina y se reunir\u00e1 con el presidente del pa\u00eds, <\/span><b>Mauricio Macri<\/b><span style=\"font-weight: 400;\">, y los de Paraguay y Uruguay, Horacio Cartes y Tabar\u00e9 V\u00e1zquez, respectivamente, para conocer la propuesta de candidatura conjunta para organizar el Mundial de 2030.<\/span><span style=\"font-weight: 400;\"><br \/>\n<\/span><span style=\"font-weight: 400;\"><br \/>\n<\/span><span style=\"font-weight: 400;\">Infantino recorrer\u00e1 las instalaciones de la Asociaci\u00f3n del F\u00fatbol Argentino por la ma\u00f1ana junto al presidente de la instituci\u00f3n, <\/span><b>Claudio Tapia<\/b><span style=\"font-weight: 400;\">, y el presidente de la Conmebol, el paraguayo <\/span><b>Alejandro Dom\u00ednguez<\/b><span style=\"font-weight: 400;\"> y all\u00ed entregar\u00e1 declaraciones a la prensa, sin aceptar preguntas, e informar\u00e1 sobre \u00abtemas vinculados a la actualidad del f\u00fatbol sudamericano y mundial\u00bb, seg\u00fan precis\u00f3 la <\/span><b>AFA<\/b><span style=\"font-weight: 400;\">.<\/span><\/p>\n","protected":false},"excerpt":{"rendered":"<p>El presidente de la FIFA, Gianni Infantino, visitar\u00e1 este mi\u00e9rcoles Argentina y se reunir\u00e1 con el presidente del pa\u00eds, Mauricio Macri, y los de Paraguay y Uruguay, Horacio Cartes y Tabar\u00e9 V\u00e1zquez, respectivamente, para conocer la propuesta de candidatura conjunta para organizar el Mundial de 2030. Infantino recorrer\u00e1 las instalaciones de la Asociaci\u00f3n del F\u00fatbol [&hellip;]<\/p>\n","protected":false},"author":5,"featured_media":7066,"comment_status":"open","ping_status":"closed","sticky":false,"template":"","format":"standard","meta":{"_acf_changed":false,"footnotes":""},"categories":[6],"tags":[94,92,289],"class_list":{"0":"post-7065","1":"post","2":"type-post","3":"status-publish","4":"format-standard","5":"has-post-thumbnail","7":"category-mundial","8":"tag-eliminatorias","9":"tag-fifa","10":"tag-gianni-infantino"},"acf":[],"_links":{"self":[{"href":"https:\/\/futbolhoy.co\/index.php\/wp-json\/wp\/v2\/posts\/7065","targetHints":{"allow":["GET"]}}],"collection":[{"href":"https:\/\/futbolhoy.co\/index.php\/wp-json\/wp\/v2\/posts"}],"about":[{"href":"https:\/\/futbolhoy.co\/index.php\/wp-json\/wp\/v2\/types\/post"}],"author":[{"embeddable":true,"href":"https:\/\/futbolhoy.co\/index.php\/wp-json\/wp\/v2\/users\/5"}],"replies":[{"embeddable":true,"href":"https:\/\/futbolhoy.co\/index.php\/wp-json\/wp\/v2\/comments?post=7065"}],"version-history":[{"count":1,"href":"https:\/\/futbolhoy.co\/index.php\/wp-json\/wp\/v2\/posts\/7065\/revisions"}],"predecessor-version":[{"id":7067,"href":"https:\/\/futbolhoy.co\/index.php\/wp-json\/wp\/v2\/posts\/7065\/revisions\/7067"}],"wp:featuredmedia":[{"embeddable":true,"href":"https:\/\/futbolhoy.co\/index.php\/wp-json\/wp\/v2\/media\/7066"}],"wp:attachment":[{"href":"https:\/\/futbolhoy.co\/index.php\/wp-json\/wp\/v2\/media?parent=7065"}],"wp:term":[{"taxonomy":"category","embeddable":true,"href":"https:\/\/futbolhoy.co\/index.php\/wp-json\/wp\/v2\/categories?post=7065"},{"taxonomy":"post_tag","embeddable":true,"href":"https:\/\/futbolhoy.co\/index.php\/wp-json\/wp\/v2\/tags?post=7065"}],"curies":[{"name":"wp","href":"https:\/\/api.w.org\/{rel}","templated":true}]}}