{"id":70839,"date":"2021-10-05T12:43:12","date_gmt":"2021-10-05T17:43:12","guid":{"rendered":"https:\/\/futbolhoy.co\/?p=70839"},"modified":"2021-10-06T13:07:53","modified_gmt":"2021-10-06T18:07:53","slug":"colombia-realizo-su-ultima-practica-en-bogota","status":"publish","type":"post","link":"https:\/\/futbolhoy.co\/index.php\/2021\/10\/05\/colombia-realizo-su-ultima-practica-en-bogota\/","title":{"rendered":"Colombia realiz\u00f3 su \u00faltima pr\u00e1ctica en Bogot\u00e1"},"content":{"rendered":"<p><a href=\"https:\/\/futbolhoy.co\/wp-content\/uploads\/2021\/10\/Sele.png\"><img fetchpriority=\"high\" decoding=\"async\" class=\"aligncenter size-full wp-image-70841\" src=\"https:\/\/futbolhoy.co\/wp-content\/uploads\/2021\/10\/Sele.png\" alt=\"\" width=\"1250\" height=\"835\" srcset=\"https:\/\/futbolhoy.co\/wp-content\/uploads\/2021\/10\/Sele.png 1250w, https:\/\/futbolhoy.co\/wp-content\/uploads\/2021\/10\/Sele-300x200.png 300w, https:\/\/futbolhoy.co\/wp-content\/uploads\/2021\/10\/Sele-1024x684.png 1024w, https:\/\/futbolhoy.co\/wp-content\/uploads\/2021\/10\/Sele-768x513.png 768w, https:\/\/futbolhoy.co\/wp-content\/uploads\/2021\/10\/Sele-696x465.png 696w, https:\/\/futbolhoy.co\/wp-content\/uploads\/2021\/10\/Sele-1068x713.png 1068w, https:\/\/futbolhoy.co\/wp-content\/uploads\/2021\/10\/Sele-629x420.png 629w, https:\/\/futbolhoy.co\/wp-content\/uploads\/2021\/10\/Sele-128x86.png 128w, https:\/\/futbolhoy.co\/wp-content\/uploads\/2021\/10\/Sele-32x21.png 32w\" sizes=\"(max-width: 1250px) 100vw, 1250px\" \/><\/a> <a href=\"https:\/\/futbolhoy.co\/wp-content\/uploads\/2021\/10\/Colombia-7.png\"><img decoding=\"async\" class=\"aligncenter size-full wp-image-70842\" src=\"https:\/\/futbolhoy.co\/wp-content\/uploads\/2021\/10\/Colombia-7.png\" alt=\"\" width=\"1263\" height=\"838\" srcset=\"https:\/\/futbolhoy.co\/wp-content\/uploads\/2021\/10\/Colombia-7.png 1263w, https:\/\/futbolhoy.co\/wp-content\/uploads\/2021\/10\/Colombia-7-300x199.png 300w, https:\/\/futbolhoy.co\/wp-content\/uploads\/2021\/10\/Colombia-7-1024x679.png 1024w, https:\/\/futbolhoy.co\/wp-content\/uploads\/2021\/10\/Colombia-7-768x510.png 768w, https:\/\/futbolhoy.co\/wp-content\/uploads\/2021\/10\/Colombia-7-696x462.png 696w, https:\/\/futbolhoy.co\/wp-content\/uploads\/2021\/10\/Colombia-7-1068x709.png 1068w, https:\/\/futbolhoy.co\/wp-content\/uploads\/2021\/10\/Colombia-7-633x420.png 633w, https:\/\/futbolhoy.co\/wp-content\/uploads\/2021\/10\/Colombia-7-128x85.png 128w, https:\/\/futbolhoy.co\/wp-content\/uploads\/2021\/10\/Colombia-7-32x21.png 32w\" sizes=\"(max-width: 1263px) 100vw, 1263px\" \/><\/a> <a href=\"https:\/\/futbolhoy.co\/wp-content\/uploads\/2021\/10\/Colombia-6.png\"><img decoding=\"async\" class=\"aligncenter size-full wp-image-70843\" src=\"https:\/\/futbolhoy.co\/wp-content\/uploads\/2021\/10\/Colombia-6.png\" alt=\"\" width=\"1263\" height=\"840\" srcset=\"https:\/\/futbolhoy.co\/wp-content\/uploads\/2021\/10\/Colombia-6.png 1263w, https:\/\/futbolhoy.co\/wp-content\/uploads\/2021\/10\/Colombia-6-300x200.png 300w, https:\/\/futbolhoy.co\/wp-content\/uploads\/2021\/10\/Colombia-6-1024x681.png 1024w, https:\/\/futbolhoy.co\/wp-content\/uploads\/2021\/10\/Colombia-6-768x511.png 768w, https:\/\/futbolhoy.co\/wp-content\/uploads\/2021\/10\/Colombia-6-696x463.png 696w, https:\/\/futbolhoy.co\/wp-content\/uploads\/2021\/10\/Colombia-6-1068x710.png 1068w, https:\/\/futbolhoy.co\/wp-content\/uploads\/2021\/10\/Colombia-6-632x420.png 632w, https:\/\/futbolhoy.co\/wp-content\/uploads\/2021\/10\/Colombia-6-128x85.png 128w, https:\/\/futbolhoy.co\/wp-content\/uploads\/2021\/10\/Colombia-6-32x21.png 32w\" sizes=\"(max-width: 1263px) 100vw, 1263px\" \/><\/a> <a href=\"https:\/\/futbolhoy.co\/wp-content\/uploads\/2021\/10\/Zapata.png\"><img loading=\"lazy\" decoding=\"async\" class=\"aligncenter size-full wp-image-70844\" src=\"https:\/\/futbolhoy.co\/wp-content\/uploads\/2021\/10\/Zapata.png\" alt=\"\" width=\"1254\" height=\"828\" srcset=\"https:\/\/futbolhoy.co\/wp-content\/uploads\/2021\/10\/Zapata.png 1254w, https:\/\/futbolhoy.co\/wp-content\/uploads\/2021\/10\/Zapata-300x198.png 300w, https:\/\/futbolhoy.co\/wp-content\/uploads\/2021\/10\/Zapata-1024x676.png 1024w, https:\/\/futbolhoy.co\/wp-content\/uploads\/2021\/10\/Zapata-768x507.png 768w, https:\/\/futbolhoy.co\/wp-content\/uploads\/2021\/10\/Zapata-696x460.png 696w, https:\/\/futbolhoy.co\/wp-content\/uploads\/2021\/10\/Zapata-1068x705.png 1068w, https:\/\/futbolhoy.co\/wp-content\/uploads\/2021\/10\/Zapata-636x420.png 636w, https:\/\/futbolhoy.co\/wp-content\/uploads\/2021\/10\/Zapata-128x85.png 128w, https:\/\/futbolhoy.co\/wp-content\/uploads\/2021\/10\/Zapata-32x21.png 32w\" sizes=\"(max-width: 1254px) 100vw, 1254px\" \/><\/a> <a href=\"https:\/\/futbolhoy.co\/wp-content\/uploads\/2021\/10\/Colombia1.png\"><img loading=\"lazy\" decoding=\"async\" class=\"aligncenter size-full wp-image-70845\" src=\"https:\/\/futbolhoy.co\/wp-content\/uploads\/2021\/10\/Colombia1.png\" alt=\"\" width=\"1262\" height=\"856\" srcset=\"https:\/\/futbolhoy.co\/wp-content\/uploads\/2021\/10\/Colombia1.png 1262w, https:\/\/futbolhoy.co\/wp-content\/uploads\/2021\/10\/Colombia1-300x203.png 300w, https:\/\/futbolhoy.co\/wp-content\/uploads\/2021\/10\/Colombia1-1024x695.png 1024w, https:\/\/futbolhoy.co\/wp-content\/uploads\/2021\/10\/Colombia1-768x521.png 768w, https:\/\/futbolhoy.co\/wp-content\/uploads\/2021\/10\/Colombia1-696x472.png 696w, https:\/\/futbolhoy.co\/wp-content\/uploads\/2021\/10\/Colombia1-1068x724.png 1068w, https:\/\/futbolhoy.co\/wp-content\/uploads\/2021\/10\/Colombia1-619x420.png 619w, https:\/\/futbolhoy.co\/wp-content\/uploads\/2021\/10\/Colombia1-128x87.png 128w, https:\/\/futbolhoy.co\/wp-content\/uploads\/2021\/10\/Colombia1-32x22.png 32w\" sizes=\"(max-width: 1262px) 100vw, 1262px\" \/><\/a> <a href=\"https:\/\/futbolhoy.co\/wp-content\/uploads\/2021\/10\/Colombia-1.png\"><img loading=\"lazy\" decoding=\"async\" class=\"aligncenter size-full wp-image-70846\" src=\"https:\/\/futbolhoy.co\/wp-content\/uploads\/2021\/10\/Colombia-1.png\" alt=\"\" width=\"1270\" height=\"839\" srcset=\"https:\/\/futbolhoy.co\/wp-content\/uploads\/2021\/10\/Colombia-1.png 1270w, https:\/\/futbolhoy.co\/wp-content\/uploads\/2021\/10\/Colombia-1-300x198.png 300w, https:\/\/futbolhoy.co\/wp-content\/uploads\/2021\/10\/Colombia-1-1024x676.png 1024w, https:\/\/futbolhoy.co\/wp-content\/uploads\/2021\/10\/Colombia-1-768x507.png 768w, https:\/\/futbolhoy.co\/wp-content\/uploads\/2021\/10\/Colombia-1-696x460.png 696w, https:\/\/futbolhoy.co\/wp-content\/uploads\/2021\/10\/Colombia-1-1068x706.png 1068w, https:\/\/futbolhoy.co\/wp-content\/uploads\/2021\/10\/Colombia-1-636x420.png 636w, https:\/\/futbolhoy.co\/wp-content\/uploads\/2021\/10\/Colombia-1-128x85.png 128w, https:\/\/futbolhoy.co\/wp-content\/uploads\/2021\/10\/Colombia-1-32x21.png 32w\" sizes=\"(max-width: 1270px) 100vw, 1270px\" \/><\/a> <a href=\"https:\/\/futbolhoy.co\/wp-content\/uploads\/2021\/10\/Matheus1.png\"><img loading=\"lazy\" decoding=\"async\" class=\"aligncenter size-full wp-image-70847\" src=\"https:\/\/futbolhoy.co\/wp-content\/uploads\/2021\/10\/Matheus1.png\" alt=\"\" width=\"1245\" height=\"826\" srcset=\"https:\/\/futbolhoy.co\/wp-content\/uploads\/2021\/10\/Matheus1.png 1245w, https:\/\/futbolhoy.co\/wp-content\/uploads\/2021\/10\/Matheus1-300x199.png 300w, https:\/\/futbolhoy.co\/wp-content\/uploads\/2021\/10\/Matheus1-1024x679.png 1024w, https:\/\/futbolhoy.co\/wp-content\/uploads\/2021\/10\/Matheus1-768x510.png 768w, https:\/\/futbolhoy.co\/wp-content\/uploads\/2021\/10\/Matheus1-696x462.png 696w, https:\/\/futbolhoy.co\/wp-content\/uploads\/2021\/10\/Matheus1-1068x709.png 1068w, https:\/\/futbolhoy.co\/wp-content\/uploads\/2021\/10\/Matheus1-633x420.png 633w, https:\/\/futbolhoy.co\/wp-content\/uploads\/2021\/10\/Matheus1-128x85.png 128w, https:\/\/futbolhoy.co\/wp-content\/uploads\/2021\/10\/Matheus1-32x21.png 32w\" sizes=\"(max-width: 1245px) 100vw, 1245px\" \/><\/a><\/p>\n","protected":false},"excerpt":{"rendered":"","protected":false},"author":5,"featured_media":70840,"comment_status":"open","ping_status":"open","sticky":false,"template":"","format":"standard","meta":{"_acf_changed":false,"footnotes":""},"categories":[418],"tags":[127,294],"class_list":{"0":"post-70839","1":"post","2":"type-post","3":"status-publish","4":"format-standard","5":"has-post-thumbnail","7":"category-colombia","8":"tag-seleccion-colombia","9":"tag-uruguay"},"acf":[],"yoast_head":"<!-- This site is optimized with the Yoast SEO plugin v26.8 - https:\/\/yoast.com\/product\/yoast-seo-wordpress\/ -->\n<title>Colombia realiz\u00f3 su \u00faltima pr\u00e1ctica en Bogot\u00e1 -<\/title>\n<meta name=\"robots\" content=\"index, follow, max-snippet:-1, max-image-preview:large, max-video-preview:-1\" \/>\n<link rel=\"canonical\" href=\"https:\/\/futbolhoy.co\/index.php\/2021\/10\/05\/colombia-realizo-su-ultima-practica-en-bogota\/\" \/>\n<meta property=\"og:locale\" content=\"es_ES\" \/>\n<meta property=\"og:type\" content=\"article\" \/>\n<meta property=\"og:title\" content=\"Colombia realiz\u00f3 su \u00faltima pr\u00e1ctica en Bogot\u00e1 -\" \/>\n<meta property=\"og:url\" content=\"https:\/\/futbolhoy.co\/index.php\/2021\/10\/05\/colombia-realizo-su-ultima-practica-en-bogota\/\" \/>\n<meta property=\"article:publisher\" content=\"https:\/\/www.facebook.com\/FutbolHoyCol\/\" \/>\n<meta property=\"article:published_time\" content=\"2021-10-05T17:43:12+00:00\" \/>\n<meta property=\"article:modified_time\" content=\"2021-10-06T18:07:53+00:00\" \/>\n<meta property=\"og:image\" content=\"https:\/\/futbolhoy.co\/wp-content\/uploads\/2021\/10\/Colombia-1024x676.png\" \/>\n\t<meta property=\"og:image:width\" content=\"1024\" \/>\n\t<meta property=\"og:image:height\" content=\"676\" \/>\n\t<meta property=\"og:image:type\" content=\"image\/png\" \/>\n<meta name=\"author\" content=\"Laura Hern\u00e1ndez\" \/>\n<meta name=\"twitter:card\" content=\"summary_large_image\" \/>\n<meta name=\"twitter:creator\" content=\"@FutbolHoyCol\" \/>\n<meta name=\"twitter:site\" content=\"@FutbolHoyCol\" \/>\n<meta name=\"twitter:label1\" content=\"Escrito por\" \/>\n\t<meta name=\"twitter:data1\" content=\"Laura Hern\u00e1ndez\" \/>\n\t<meta name=\"twitter:label2\" content=\"Tiempo de lectura\" \/>\n\t<meta name=\"twitter:data2\" content=\"2 minutos\" \/>\n<script type=\"application\/ld+json\" class=\"yoast-schema-graph\">{\"@context\":\"https:\/\/schema.org\",\"@graph\":[{\"@type\":\"Article\",\"@id\":\"https:\/\/futbolhoy.co\/index.php\/2021\/10\/05\/colombia-realizo-su-ultima-practica-en-bogota\/#article\",\"isPartOf\":{\"@id\":\"https:\/\/futbolhoy.co\/index.php\/2021\/10\/05\/colombia-realizo-su-ultima-practica-en-bogota\/\"},\"author\":{\"name\":\"Laura Hern\u00e1ndez\",\"@id\":\"https:\/\/futbolhoy.co\/#\/schema\/person\/c4a353a512b127643723a34bb1812f7d\"},\"headline\":\"Colombia realiz\u00f3 su \u00faltima pr\u00e1ctica en Bogot\u00e1\",\"datePublished\":\"2021-10-05T17:43:12+00:00\",\"dateModified\":\"2021-10-06T18:07:53+00:00\",\"mainEntityOfPage\":{\"@id\":\"https:\/\/futbolhoy.co\/index.php\/2021\/10\/05\/colombia-realizo-su-ultima-practica-en-bogota\/\"},\"wordCount\":8,\"commentCount\":0,\"publisher\":{\"@id\":\"https:\/\/futbolhoy.co\/#organization\"},\"image\":{\"@id\":\"https:\/\/futbolhoy.co\/index.php\/2021\/10\/05\/colombia-realizo-su-ultima-practica-en-bogota\/#primaryimage\"},\"thumbnailUrl\":\"https:\/\/futbolhoy.co\/wp-content\/uploads\/2021\/10\/Colombia.png\",\"keywords\":[\"Selecci\u00f3n Colombia\",\"Uruguay\"],\"articleSection\":[\"Colombia\"],\"inLanguage\":\"es\",\"potentialAction\":[{\"@type\":\"CommentAction\",\"name\":\"Comment\",\"target\":[\"https:\/\/futbolhoy.co\/index.php\/2021\/10\/05\/colombia-realizo-su-ultima-practica-en-bogota\/#respond\"]}]},{\"@type\":\"WebPage\",\"@id\":\"https:\/\/futbolhoy.co\/index.php\/2021\/10\/05\/colombia-realizo-su-ultima-practica-en-bogota\/\",\"url\":\"https:\/\/futbolhoy.co\/index.php\/2021\/10\/05\/colombia-realizo-su-ultima-practica-en-bogota\/\",\"name\":\"Colombia realiz\u00f3 su \u00faltima pr\u00e1ctica en Bogot\u00e1 -\",\"isPartOf\":{\"@id\":\"https:\/\/futbolhoy.co\/#website\"},\"primaryImageOfPage\":{\"@id\":\"https:\/\/futbolhoy.co\/index.php\/2021\/10\/05\/colombia-realizo-su-ultima-practica-en-bogota\/#primaryimage\"},\"image\":{\"@id\":\"https:\/\/futbolhoy.co\/index.php\/2021\/10\/05\/colombia-realizo-su-ultima-practica-en-bogota\/#primaryimage\"},\"thumbnailUrl\":\"https:\/\/futbolhoy.co\/wp-content\/uploads\/2021\/10\/Colombia.png\",\"datePublished\":\"2021-10-05T17:43:12+00:00\",\"dateModified\":\"2021-10-06T18:07:53+00:00\",\"breadcrumb\":{\"@id\":\"https:\/\/futbolhoy.co\/index.php\/2021\/10\/05\/colombia-realizo-su-ultima-practica-en-bogota\/#breadcrumb\"},\"inLanguage\":\"es\",\"potentialAction\":[{\"@type\":\"ReadAction\",\"target\":[\"https:\/\/futbolhoy.co\/index.php\/2021\/10\/05\/colombia-realizo-su-ultima-practica-en-bogota\/\"]}]},{\"@type\":\"ImageObject\",\"inLanguage\":\"es\",\"@id\":\"https:\/\/futbolhoy.co\/index.php\/2021\/10\/05\/colombia-realizo-su-ultima-practica-en-bogota\/#primaryimage\",\"url\":\"https:\/\/futbolhoy.co\/wp-content\/uploads\/2021\/10\/Colombia.png\",\"contentUrl\":\"https:\/\/futbolhoy.co\/wp-content\/uploads\/2021\/10\/Colombia.png\",\"width\":1270,\"height\":839},{\"@type\":\"BreadcrumbList\",\"@id\":\"https:\/\/futbolhoy.co\/index.php\/2021\/10\/05\/colombia-realizo-su-ultima-practica-en-bogota\/#breadcrumb\",\"itemListElement\":[{\"@type\":\"ListItem\",\"position\":1,\"name\":\"Portada\",\"item\":\"https:\/\/futbolhoy.co\/\"},{\"@type\":\"ListItem\",\"position\":2,\"name\":\"Colombia realiz\u00f3 su \u00faltima pr\u00e1ctica en Bogot\u00e1\"}]},{\"@type\":\"WebSite\",\"@id\":\"https:\/\/futbolhoy.co\/#website\",\"url\":\"https:\/\/futbolhoy.co\/\",\"name\":\"FutbolHoy\",\"description\":\"\",\"publisher\":{\"@id\":\"https:\/\/futbolhoy.co\/#organization\"},\"potentialAction\":[{\"@type\":\"SearchAction\",\"target\":{\"@type\":\"EntryPoint\",\"urlTemplate\":\"https:\/\/futbolhoy.co\/?s={search_term_string}\"},\"query-input\":{\"@type\":\"PropertyValueSpecification\",\"valueRequired\":true,\"valueName\":\"search_term_string\"}}],\"inLanguage\":\"es\"},{\"@type\":\"Organization\",\"@id\":\"https:\/\/futbolhoy.co\/#organization\",\"name\":\"Futbolhoy.co\",\"url\":\"https:\/\/futbolhoy.co\/\",\"logo\":{\"@type\":\"ImageObject\",\"inLanguage\":\"es\",\"@id\":\"https:\/\/futbolhoy.co\/#\/schema\/logo\/image\/\",\"url\":\"https:\/\/futbolhoy.co\/wp-content\/uploads\/2018\/08\/17426380_1906371736249227_6326180412931521141_n.jpg\",\"contentUrl\":\"https:\/\/futbolhoy.co\/wp-content\/uploads\/2018\/08\/17426380_1906371736249227_6326180412931521141_n.jpg\",\"width\":960,\"height\":960,\"caption\":\"Futbolhoy.co\"},\"image\":{\"@id\":\"https:\/\/futbolhoy.co\/#\/schema\/logo\/image\/\"},\"sameAs\":[\"https:\/\/www.facebook.com\/FutbolHoyCol\/\",\"https:\/\/x.com\/FutbolHoyCol\",\"https:\/\/www.instagram.com\/futbolhoycol\/\"]},{\"@type\":\"Person\",\"@id\":\"https:\/\/futbolhoy.co\/#\/schema\/person\/c4a353a512b127643723a34bb1812f7d\",\"name\":\"Laura Hern\u00e1ndez\",\"image\":{\"@type\":\"ImageObject\",\"inLanguage\":\"es\",\"@id\":\"https:\/\/futbolhoy.co\/#\/schema\/person\/image\/\",\"url\":\"https:\/\/secure.gravatar.com\/avatar\/d25959a15b9b293a743f99181c7cfd01?s=96&d=mm&r=g\",\"contentUrl\":\"https:\/\/secure.gravatar.com\/avatar\/d25959a15b9b293a743f99181c7cfd01?s=96&d=mm&r=g\",\"caption\":\"Laura Hern\u00e1ndez\"}}]}<\/script>\n<!-- \/ Yoast SEO plugin. -->","yoast_head_json":{"title":"Colombia realiz\u00f3 su \u00faltima pr\u00e1ctica en Bogot\u00e1 -","robots":{"index":"index","follow":"follow","max-snippet":"max-snippet:-1","max-image-preview":"max-image-preview:large","max-video-preview":"max-video-preview:-1"},"canonical":"https:\/\/futbolhoy.co\/index.php\/2021\/10\/05\/colombia-realizo-su-ultima-practica-en-bogota\/","og_locale":"es_ES","og_type":"article","og_title":"Colombia realiz\u00f3 su \u00faltima pr\u00e1ctica en Bogot\u00e1 -","og_url":"https:\/\/futbolhoy.co\/index.php\/2021\/10\/05\/colombia-realizo-su-ultima-practica-en-bogota\/","article_publisher":"https:\/\/www.facebook.com\/FutbolHoyCol\/","article_published_time":"2021-10-05T17:43:12+00:00","article_modified_time":"2021-10-06T18:07:53+00:00","og_image":[{"width":1024,"height":676,"url":"https:\/\/futbolhoy.co\/wp-content\/uploads\/2021\/10\/Colombia-1024x676.png","type":"image\/png"}],"author":"Laura Hern\u00e1ndez","twitter_card":"summary_large_image","twitter_creator":"@FutbolHoyCol","twitter_site":"@FutbolHoyCol","twitter_misc":{"Escrito por":"Laura Hern\u00e1ndez","Tiempo de lectura":"2 minutos"},"schema":{"@context":"https:\/\/schema.org","@graph":[{"@type":"Article","@id":"https:\/\/futbolhoy.co\/index.php\/2021\/10\/05\/colombia-realizo-su-ultima-practica-en-bogota\/#article","isPartOf":{"@id":"https:\/\/futbolhoy.co\/index.php\/2021\/10\/05\/colombia-realizo-su-ultima-practica-en-bogota\/"},"author":{"name":"Laura Hern\u00e1ndez","@id":"https:\/\/futbolhoy.co\/#\/schema\/person\/c4a353a512b127643723a34bb1812f7d"},"headline":"Colombia realiz\u00f3 su \u00faltima pr\u00e1ctica en Bogot\u00e1","datePublished":"2021-10-05T17:43:12+00:00","dateModified":"2021-10-06T18:07:53+00:00","mainEntityOfPage":{"@id":"https:\/\/futbolhoy.co\/index.php\/2021\/10\/05\/colombia-realizo-su-ultima-practica-en-bogota\/"},"wordCount":8,"commentCount":0,"publisher":{"@id":"https:\/\/futbolhoy.co\/#organization"},"image":{"@id":"https:\/\/futbolhoy.co\/index.php\/2021\/10\/05\/colombia-realizo-su-ultima-practica-en-bogota\/#primaryimage"},"thumbnailUrl":"https:\/\/futbolhoy.co\/wp-content\/uploads\/2021\/10\/Colombia.png","keywords":["Selecci\u00f3n Colombia","Uruguay"],"articleSection":["Colombia"],"inLanguage":"es","potentialAction":[{"@type":"CommentAction","name":"Comment","target":["https:\/\/futbolhoy.co\/index.php\/2021\/10\/05\/colombia-realizo-su-ultima-practica-en-bogota\/#respond"]}]},{"@type":"WebPage","@id":"https:\/\/futbolhoy.co\/index.php\/2021\/10\/05\/colombia-realizo-su-ultima-practica-en-bogota\/","url":"https:\/\/futbolhoy.co\/index.php\/2021\/10\/05\/colombia-realizo-su-ultima-practica-en-bogota\/","name":"Colombia realiz\u00f3 su \u00faltima pr\u00e1ctica en Bogot\u00e1 -","isPartOf":{"@id":"https:\/\/futbolhoy.co\/#website"},"primaryImageOfPage":{"@id":"https:\/\/futbolhoy.co\/index.php\/2021\/10\/05\/colombia-realizo-su-ultima-practica-en-bogota\/#primaryimage"},"image":{"@id":"https:\/\/futbolhoy.co\/index.php\/2021\/10\/05\/colombia-realizo-su-ultima-practica-en-bogota\/#primaryimage"},"thumbnailUrl":"https:\/\/futbolhoy.co\/wp-content\/uploads\/2021\/10\/Colombia.png","datePublished":"2021-10-05T17:43:12+00:00","dateModified":"2021-10-06T18:07:53+00:00","breadcrumb":{"@id":"https:\/\/futbolhoy.co\/index.php\/2021\/10\/05\/colombia-realizo-su-ultima-practica-en-bogota\/#breadcrumb"},"inLanguage":"es","potentialAction":[{"@type":"ReadAction","target":["https:\/\/futbolhoy.co\/index.php\/2021\/10\/05\/colombia-realizo-su-ultima-practica-en-bogota\/"]}]},{"@type":"ImageObject","inLanguage":"es","@id":"https:\/\/futbolhoy.co\/index.php\/2021\/10\/05\/colombia-realizo-su-ultima-practica-en-bogota\/#primaryimage","url":"https:\/\/futbolhoy.co\/wp-content\/uploads\/2021\/10\/Colombia.png","contentUrl":"https:\/\/futbolhoy.co\/wp-content\/uploads\/2021\/10\/Colombia.png","width":1270,"height":839},{"@type":"BreadcrumbList","@id":"https:\/\/futbolhoy.co\/index.php\/2021\/10\/05\/colombia-realizo-su-ultima-practica-en-bogota\/#breadcrumb","itemListElement":[{"@type":"ListItem","position":1,"name":"Portada","item":"https:\/\/futbolhoy.co\/"},{"@type":"ListItem","position":2,"name":"Colombia realiz\u00f3 su \u00faltima pr\u00e1ctica en Bogot\u00e1"}]},{"@type":"WebSite","@id":"https:\/\/futbolhoy.co\/#website","url":"https:\/\/futbolhoy.co\/","name":"FutbolHoy","description":"","publisher":{"@id":"https:\/\/futbolhoy.co\/#organization"},"potentialAction":[{"@type":"SearchAction","target":{"@type":"EntryPoint","urlTemplate":"https:\/\/futbolhoy.co\/?s={search_term_string}"},"query-input":{"@type":"PropertyValueSpecification","valueRequired":true,"valueName":"search_term_string"}}],"inLanguage":"es"},{"@type":"Organization","@id":"https:\/\/futbolhoy.co\/#organization","name":"Futbolhoy.co","url":"https:\/\/futbolhoy.co\/","logo":{"@type":"ImageObject","inLanguage":"es","@id":"https:\/\/futbolhoy.co\/#\/schema\/logo\/image\/","url":"https:\/\/futbolhoy.co\/wp-content\/uploads\/2018\/08\/17426380_1906371736249227_6326180412931521141_n.jpg","contentUrl":"https:\/\/futbolhoy.co\/wp-content\/uploads\/2018\/08\/17426380_1906371736249227_6326180412931521141_n.jpg","width":960,"height":960,"caption":"Futbolhoy.co"},"image":{"@id":"https:\/\/futbolhoy.co\/#\/schema\/logo\/image\/"},"sameAs":["https:\/\/www.facebook.com\/FutbolHoyCol\/","https:\/\/x.com\/FutbolHoyCol","https:\/\/www.instagram.com\/futbolhoycol\/"]},{"@type":"Person","@id":"https:\/\/futbolhoy.co\/#\/schema\/person\/c4a353a512b127643723a34bb1812f7d","name":"Laura Hern\u00e1ndez","image":{"@type":"ImageObject","inLanguage":"es","@id":"https:\/\/futbolhoy.co\/#\/schema\/person\/image\/","url":"https:\/\/secure.gravatar.com\/avatar\/d25959a15b9b293a743f99181c7cfd01?s=96&d=mm&r=g","contentUrl":"https:\/\/secure.gravatar.com\/avatar\/d25959a15b9b293a743f99181c7cfd01?s=96&d=mm&r=g","caption":"Laura Hern\u00e1ndez"}}]}},"publishpress_future_action":{"enabled":false,"date":"2026-05-02 03:32:16","action":"change-status","newStatus":"draft","terms":[],"taxonomy":"category","extraData":[]},"publishpress_future_workflow_manual_trigger":{"enabledWorkflows":[]},"_links":{"self":[{"href":"https:\/\/futbolhoy.co\/index.php\/wp-json\/wp\/v2\/posts\/70839","targetHints":{"allow":["GET"]}}],"collection":[{"href":"https:\/\/futbolhoy.co\/index.php\/wp-json\/wp\/v2\/posts"}],"about":[{"href":"https:\/\/futbolhoy.co\/index.php\/wp-json\/wp\/v2\/types\/post"}],"author":[{"embeddable":true,"href":"https:\/\/futbolhoy.co\/index.php\/wp-json\/wp\/v2\/users\/5"}],"replies":[{"embeddable":true,"href":"https:\/\/futbolhoy.co\/index.php\/wp-json\/wp\/v2\/comments?post=70839"}],"version-history":[{"count":1,"href":"https:\/\/futbolhoy.co\/index.php\/wp-json\/wp\/v2\/posts\/70839\/revisions"}],"predecessor-version":[{"id":70848,"href":"https:\/\/futbolhoy.co\/index.php\/wp-json\/wp\/v2\/posts\/70839\/revisions\/70848"}],"wp:featuredmedia":[{"embeddable":true,"href":"https:\/\/futbolhoy.co\/index.php\/wp-json\/wp\/v2\/media\/70840"}],"wp:attachment":[{"href":"https:\/\/futbolhoy.co\/index.php\/wp-json\/wp\/v2\/media?parent=70839"}],"wp:term":[{"taxonomy":"category","embeddable":true,"href":"https:\/\/futbolhoy.co\/index.php\/wp-json\/wp\/v2\/categories?post=70839"},{"taxonomy":"post_tag","embeddable":true,"href":"https:\/\/futbolhoy.co\/index.php\/wp-json\/wp\/v2\/tags?post=70839"}],"curies":[{"name":"wp","href":"https:\/\/api.w.org\/{rel}","templated":true}]}}