{"id":70870,"date":"2021-10-06T17:58:07","date_gmt":"2021-10-06T22:58:07","guid":{"rendered":"https:\/\/futbolhoy.co\/?p=70870"},"modified":"2021-10-07T09:06:33","modified_gmt":"2021-10-07T14:06:33","slug":"70870","status":"publish","type":"post","link":"https:\/\/futbolhoy.co\/index.php\/2021\/10\/06\/70870\/","title":{"rendered":"Rueda: \"Tenemos que pensar solo en Uruguay\""},"content":{"rendered":"<!--[if lt IE 9]><script>document.createElement('audio');<\/script><![endif]-->\n<audio class=\"wp-audio-shortcode\" id=\"audio-70870-1\" preload=\"none\" style=\"width: 100%;\" controls=\"controls\"><source type=\"audio\/mpeg\" src=\"https:\/\/futbolhoy.co\/wp-content\/uploads\/2021\/10\/uo2zrDrpbOjMyox7.mp3?_=1\" \/><a href=\"https:\/\/futbolhoy.co\/wp-content\/uploads\/2021\/10\/uo2zrDrpbOjMyox7.mp3\">https:\/\/futbolhoy.co\/wp-content\/uploads\/2021\/10\/uo2zrDrpbOjMyox7.mp3<\/a><\/audio>\n<p style=\"text-align: justify;\"><span style=\"font-family: helvetica, arial, sans-serif;\">El t\u00e9cnico de la <strong>Selecci\u00f3n Colombia, Reinaldo Rueda<\/strong>, asegur\u00f3 en conferencia de prensa desde <strong>Montevideo<\/strong> que le ha pedido a sus jugadores centrarse en el compromiso de este jueves ante <strong>Uruguay<\/strong> y que no piensen en los pr\u00f3ximos duelos de esta triple jornada de <strong>Eliminatorias.<\/strong><\/span><\/p>\n<p style=\"text-align: justify;\"><span style=\"font-family: helvetica, arial, sans-serif;\">\"Necesitamos jugadores que no piensen en <strong>Brasil<\/strong> y se focalicen en el duelo contra Uruguay, no es f\u00e1cil. Ayer le dec\u00eda a <strong>Juan Guillermo (Cuadrado)<\/strong> que yo quiero que ellos solo piensen en Uruguay y se a\u00edslen de los otros dos juegos, no es f\u00e1cil\", coment\u00f3 el vallecaucano.<\/span><\/p>\n<p style=\"text-align: justify;\"><span style=\"font-family: helvetica, arial, sans-serif;\">Rueda resalt\u00f3 que para esto ser\u00e1 clave que los hombres de mayor experiencia, tales como D<strong>avid Ospina, Cuadrado y Falcao,<\/strong> le transmitan esto a sus compa\u00f1eros.<\/span><\/p>\n<p style=\"text-align: justify;\"><span style=\"font-family: helvetica, arial, sans-serif;\">Para el estratega, la Selecci\u00f3n siempre ha sido fiel a su estilo de juego, algo que buscar\u00e1 mantener este jueves. \"Colombia siempre intenta ser fiel a lo que sienten sus jugadores, a lo que les gusta a sus jugadores, hacer un buen juego, con inteligencia, partiendo del orden\".<\/span><\/p>\n<p style=\"text-align: justify;\"><span style=\"font-family: helvetica, arial, sans-serif;\">Mientras que de los resultados recientes en Uruguay, donde Colombia ha sufrido ca\u00eddas en los \u00faltimos a\u00f1os, asegur\u00f3 que es una tarea pendiente, tanto suya como del f\u00fatbol colombiano. \"Ganar en Uruguay es una asignatura pendiente, no solo de Reinaldo Rueda, sino de todo el f\u00fatbol colombiano\".<\/span><\/p>\n<p style=\"text-align: justify;\"><span style=\"font-family: helvetica, arial, sans-serif;\">Sobre la baja de<strong> Miguel \u00c1ngel Borja,<\/strong> el vallecaucano asegur\u00f3 que conf\u00eda en los delanteros citados, dando a entender que por ahora no sumar\u00e1 un nuevo convocado al grupo.<\/span><\/p>\n","protected":false},"excerpt":{"rendered":"<p>El t\u00e9cnico de la Selecci\u00f3n Colombia, Reinaldo Rueda, asegur\u00f3 en conferencia de prensa desde Montevideo que le ha pedido a sus jugadores centrarse en el compromiso de este jueves ante Uruguay y que no piensen en los pr\u00f3ximos duelos de esta triple jornada de Eliminatorias. \"Necesitamos jugadores que no piensen en Brasil y se focalicen [&hellip;]<\/p>\n","protected":false},"author":5,"featured_media":70871,"comment_status":"open","ping_status":"open","sticky":false,"template":"","format":"video","meta":{"_acf_changed":false,"footnotes":""},"categories":[418],"tags":[96,127],"class_list":{"0":"post-70870","1":"post","2":"type-post","3":"status-publish","4":"format-video","5":"has-post-thumbnail","7":"category-colombia","8":"tag-reinaldo-rueda","9":"tag-seleccion-colombia","10":"post_format-post-format-video"},"acf":[],"yoast_head":"<!-- This site is optimized with the Yoast SEO plugin v26.8 - https:\/\/yoast.com\/product\/yoast-seo-wordpress\/ -->\n<title>Rueda: &quot;Tenemos que pensar solo en Uruguay&quot; -<\/title>\n<meta name=\"robots\" content=\"index, follow, max-snippet:-1, max-image-preview:large, max-video-preview:-1\" \/>\n<link rel=\"canonical\" href=\"https:\/\/futbolhoy.co\/index.php\/2021\/10\/06\/70870\/\" \/>\n<meta property=\"og:locale\" content=\"es_ES\" \/>\n<meta property=\"og:type\" content=\"article\" \/>\n<meta property=\"og:title\" content=\"Rueda: &quot;Tenemos que pensar solo en Uruguay&quot; -\" \/>\n<meta property=\"og:description\" content=\"El t\u00e9cnico de la Selecci\u00f3n Colombia, Reinaldo Rueda, asegur\u00f3 en conferencia de prensa desde Montevideo que le ha pedido a sus jugadores centrarse en el compromiso de este jueves ante Uruguay y que no piensen en los pr\u00f3ximos duelos de esta triple jornada de Eliminatorias. &quot;Necesitamos jugadores que no piensen en Brasil y se focalicen [&hellip;]\" \/>\n<meta property=\"og:url\" content=\"https:\/\/futbolhoy.co\/index.php\/2021\/10\/06\/70870\/\" \/>\n<meta property=\"article:publisher\" content=\"https:\/\/www.facebook.com\/FutbolHoyCol\/\" \/>\n<meta property=\"article:published_time\" content=\"2021-10-06T22:58:07+00:00\" \/>\n<meta property=\"article:modified_time\" content=\"2021-10-07T14:06:33+00:00\" \/>\n<meta property=\"og:image\" content=\"https:\/\/futbolhoy.co\/wp-content\/uploads\/2021\/10\/Rueda-2.png\" \/>\n\t<meta property=\"og:image:width\" content=\"1180\" \/>\n\t<meta property=\"og:image:height\" content=\"675\" \/>\n\t<meta property=\"og:image:type\" content=\"image\/png\" \/>\n<meta name=\"author\" content=\"Laura Hern\u00e1ndez\" \/>\n<meta name=\"twitter:card\" content=\"summary_large_image\" \/>\n<meta name=\"twitter:creator\" content=\"@FutbolHoyCol\" \/>\n<meta name=\"twitter:site\" content=\"@FutbolHoyCol\" \/>\n<meta name=\"twitter:label1\" content=\"Escrito por\" \/>\n\t<meta name=\"twitter:data1\" content=\"Laura Hern\u00e1ndez\" \/>\n\t<meta name=\"twitter:label2\" content=\"Tiempo de lectura\" \/>\n\t<meta name=\"twitter:data2\" content=\"2 minutos\" \/>\n<script type=\"application\/ld+json\" class=\"yoast-schema-graph\">{\"@context\":\"https:\/\/schema.org\",\"@graph\":[{\"@type\":\"Article\",\"@id\":\"https:\/\/futbolhoy.co\/index.php\/2021\/10\/06\/70870\/#article\",\"isPartOf\":{\"@id\":\"https:\/\/futbolhoy.co\/index.php\/2021\/10\/06\/70870\/\"},\"author\":{\"name\":\"Laura Hern\u00e1ndez\",\"@id\":\"https:\/\/futbolhoy.co\/#\/schema\/person\/c4a353a512b127643723a34bb1812f7d\"},\"headline\":\"Rueda: \\\"Tenemos que pensar solo en Uruguay\\\"\",\"datePublished\":\"2021-10-06T22:58:07+00:00\",\"dateModified\":\"2021-10-07T14:06:33+00:00\",\"mainEntityOfPage\":{\"@id\":\"https:\/\/futbolhoy.co\/index.php\/2021\/10\/06\/70870\/\"},\"wordCount\":275,\"commentCount\":0,\"publisher\":{\"@id\":\"https:\/\/futbolhoy.co\/#organization\"},\"image\":{\"@id\":\"https:\/\/futbolhoy.co\/index.php\/2021\/10\/06\/70870\/#primaryimage\"},\"thumbnailUrl\":\"https:\/\/futbolhoy.co\/wp-content\/uploads\/2021\/10\/Rueda-2.png\",\"keywords\":[\"Reinaldo Rueda\",\"Selecci\u00f3n Colombia\"],\"articleSection\":[\"Colombia\"],\"inLanguage\":\"es\",\"potentialAction\":[{\"@type\":\"CommentAction\",\"name\":\"Comment\",\"target\":[\"https:\/\/futbolhoy.co\/index.php\/2021\/10\/06\/70870\/#respond\"]}]},{\"@type\":\"WebPage\",\"@id\":\"https:\/\/futbolhoy.co\/index.php\/2021\/10\/06\/70870\/\",\"url\":\"https:\/\/futbolhoy.co\/index.php\/2021\/10\/06\/70870\/\",\"name\":\"Rueda: \\\"Tenemos que pensar solo en Uruguay\\\" -\",\"isPartOf\":{\"@id\":\"https:\/\/futbolhoy.co\/#website\"},\"primaryImageOfPage\":{\"@id\":\"https:\/\/futbolhoy.co\/index.php\/2021\/10\/06\/70870\/#primaryimage\"},\"image\":{\"@id\":\"https:\/\/futbolhoy.co\/index.php\/2021\/10\/06\/70870\/#primaryimage\"},\"thumbnailUrl\":\"https:\/\/futbolhoy.co\/wp-content\/uploads\/2021\/10\/Rueda-2.png\",\"datePublished\":\"2021-10-06T22:58:07+00:00\",\"dateModified\":\"2021-10-07T14:06:33+00:00\",\"breadcrumb\":{\"@id\":\"https:\/\/futbolhoy.co\/index.php\/2021\/10\/06\/70870\/#breadcrumb\"},\"inLanguage\":\"es\",\"potentialAction\":[{\"@type\":\"ReadAction\",\"target\":[\"https:\/\/futbolhoy.co\/index.php\/2021\/10\/06\/70870\/\"]}]},{\"@type\":\"ImageObject\",\"inLanguage\":\"es\",\"@id\":\"https:\/\/futbolhoy.co\/index.php\/2021\/10\/06\/70870\/#primaryimage\",\"url\":\"https:\/\/futbolhoy.co\/wp-content\/uploads\/2021\/10\/Rueda-2.png\",\"contentUrl\":\"https:\/\/futbolhoy.co\/wp-content\/uploads\/2021\/10\/Rueda-2.png\",\"width\":1180,\"height\":675},{\"@type\":\"BreadcrumbList\",\"@id\":\"https:\/\/futbolhoy.co\/index.php\/2021\/10\/06\/70870\/#breadcrumb\",\"itemListElement\":[{\"@type\":\"ListItem\",\"position\":1,\"name\":\"Portada\",\"item\":\"https:\/\/futbolhoy.co\/\"},{\"@type\":\"ListItem\",\"position\":2,\"name\":\"Rueda: \u00abTenemos que pensar solo en Uruguay\u00bb\"}]},{\"@type\":\"WebSite\",\"@id\":\"https:\/\/futbolhoy.co\/#website\",\"url\":\"https:\/\/futbolhoy.co\/\",\"name\":\"FutbolHoy\",\"description\":\"\",\"publisher\":{\"@id\":\"https:\/\/futbolhoy.co\/#organization\"},\"potentialAction\":[{\"@type\":\"SearchAction\",\"target\":{\"@type\":\"EntryPoint\",\"urlTemplate\":\"https:\/\/futbolhoy.co\/?s={search_term_string}\"},\"query-input\":{\"@type\":\"PropertyValueSpecification\",\"valueRequired\":true,\"valueName\":\"search_term_string\"}}],\"inLanguage\":\"es\"},{\"@type\":\"Organization\",\"@id\":\"https:\/\/futbolhoy.co\/#organization\",\"name\":\"Futbolhoy.co\",\"url\":\"https:\/\/futbolhoy.co\/\",\"logo\":{\"@type\":\"ImageObject\",\"inLanguage\":\"es\",\"@id\":\"https:\/\/futbolhoy.co\/#\/schema\/logo\/image\/\",\"url\":\"https:\/\/futbolhoy.co\/wp-content\/uploads\/2018\/08\/17426380_1906371736249227_6326180412931521141_n.jpg\",\"contentUrl\":\"https:\/\/futbolhoy.co\/wp-content\/uploads\/2018\/08\/17426380_1906371736249227_6326180412931521141_n.jpg\",\"width\":960,\"height\":960,\"caption\":\"Futbolhoy.co\"},\"image\":{\"@id\":\"https:\/\/futbolhoy.co\/#\/schema\/logo\/image\/\"},\"sameAs\":[\"https:\/\/www.facebook.com\/FutbolHoyCol\/\",\"https:\/\/x.com\/FutbolHoyCol\",\"https:\/\/www.instagram.com\/futbolhoycol\/\"]},{\"@type\":\"Person\",\"@id\":\"https:\/\/futbolhoy.co\/#\/schema\/person\/c4a353a512b127643723a34bb1812f7d\",\"name\":\"Laura Hern\u00e1ndez\",\"image\":{\"@type\":\"ImageObject\",\"inLanguage\":\"es\",\"@id\":\"https:\/\/futbolhoy.co\/#\/schema\/person\/image\/\",\"url\":\"https:\/\/secure.gravatar.com\/avatar\/d25959a15b9b293a743f99181c7cfd01?s=96&d=mm&r=g\",\"contentUrl\":\"https:\/\/secure.gravatar.com\/avatar\/d25959a15b9b293a743f99181c7cfd01?s=96&d=mm&r=g\",\"caption\":\"Laura Hern\u00e1ndez\"}}]}<\/script>\n<!-- \/ Yoast SEO plugin. -->","yoast_head_json":{"title":"Rueda: \"Tenemos que pensar solo en Uruguay\" -","robots":{"index":"index","follow":"follow","max-snippet":"max-snippet:-1","max-image-preview":"max-image-preview:large","max-video-preview":"max-video-preview:-1"},"canonical":"https:\/\/futbolhoy.co\/index.php\/2021\/10\/06\/70870\/","og_locale":"es_ES","og_type":"article","og_title":"Rueda: \"Tenemos que pensar solo en Uruguay\" -","og_description":"El t\u00e9cnico de la Selecci\u00f3n Colombia, Reinaldo Rueda, asegur\u00f3 en conferencia de prensa desde Montevideo que le ha pedido a sus jugadores centrarse en el compromiso de este jueves ante Uruguay y que no piensen en los pr\u00f3ximos duelos de esta triple jornada de Eliminatorias. \"Necesitamos jugadores que no piensen en Brasil y se focalicen [&hellip;]","og_url":"https:\/\/futbolhoy.co\/index.php\/2021\/10\/06\/70870\/","article_publisher":"https:\/\/www.facebook.com\/FutbolHoyCol\/","article_published_time":"2021-10-06T22:58:07+00:00","article_modified_time":"2021-10-07T14:06:33+00:00","og_image":[{"width":1180,"height":675,"url":"https:\/\/futbolhoy.co\/wp-content\/uploads\/2021\/10\/Rueda-2.png","type":"image\/png"}],"author":"Laura Hern\u00e1ndez","twitter_card":"summary_large_image","twitter_creator":"@FutbolHoyCol","twitter_site":"@FutbolHoyCol","twitter_misc":{"Escrito por":"Laura Hern\u00e1ndez","Tiempo de lectura":"2 minutos"},"schema":{"@context":"https:\/\/schema.org","@graph":[{"@type":"Article","@id":"https:\/\/futbolhoy.co\/index.php\/2021\/10\/06\/70870\/#article","isPartOf":{"@id":"https:\/\/futbolhoy.co\/index.php\/2021\/10\/06\/70870\/"},"author":{"name":"Laura Hern\u00e1ndez","@id":"https:\/\/futbolhoy.co\/#\/schema\/person\/c4a353a512b127643723a34bb1812f7d"},"headline":"Rueda: \"Tenemos que pensar solo en Uruguay\"","datePublished":"2021-10-06T22:58:07+00:00","dateModified":"2021-10-07T14:06:33+00:00","mainEntityOfPage":{"@id":"https:\/\/futbolhoy.co\/index.php\/2021\/10\/06\/70870\/"},"wordCount":275,"commentCount":0,"publisher":{"@id":"https:\/\/futbolhoy.co\/#organization"},"image":{"@id":"https:\/\/futbolhoy.co\/index.php\/2021\/10\/06\/70870\/#primaryimage"},"thumbnailUrl":"https:\/\/futbolhoy.co\/wp-content\/uploads\/2021\/10\/Rueda-2.png","keywords":["Reinaldo Rueda","Selecci\u00f3n Colombia"],"articleSection":["Colombia"],"inLanguage":"es","potentialAction":[{"@type":"CommentAction","name":"Comment","target":["https:\/\/futbolhoy.co\/index.php\/2021\/10\/06\/70870\/#respond"]}]},{"@type":"WebPage","@id":"https:\/\/futbolhoy.co\/index.php\/2021\/10\/06\/70870\/","url":"https:\/\/futbolhoy.co\/index.php\/2021\/10\/06\/70870\/","name":"Rueda: \"Tenemos que pensar solo en Uruguay\" -","isPartOf":{"@id":"https:\/\/futbolhoy.co\/#website"},"primaryImageOfPage":{"@id":"https:\/\/futbolhoy.co\/index.php\/2021\/10\/06\/70870\/#primaryimage"},"image":{"@id":"https:\/\/futbolhoy.co\/index.php\/2021\/10\/06\/70870\/#primaryimage"},"thumbnailUrl":"https:\/\/futbolhoy.co\/wp-content\/uploads\/2021\/10\/Rueda-2.png","datePublished":"2021-10-06T22:58:07+00:00","dateModified":"2021-10-07T14:06:33+00:00","breadcrumb":{"@id":"https:\/\/futbolhoy.co\/index.php\/2021\/10\/06\/70870\/#breadcrumb"},"inLanguage":"es","potentialAction":[{"@type":"ReadAction","target":["https:\/\/futbolhoy.co\/index.php\/2021\/10\/06\/70870\/"]}]},{"@type":"ImageObject","inLanguage":"es","@id":"https:\/\/futbolhoy.co\/index.php\/2021\/10\/06\/70870\/#primaryimage","url":"https:\/\/futbolhoy.co\/wp-content\/uploads\/2021\/10\/Rueda-2.png","contentUrl":"https:\/\/futbolhoy.co\/wp-content\/uploads\/2021\/10\/Rueda-2.png","width":1180,"height":675},{"@type":"BreadcrumbList","@id":"https:\/\/futbolhoy.co\/index.php\/2021\/10\/06\/70870\/#breadcrumb","itemListElement":[{"@type":"ListItem","position":1,"name":"Portada","item":"https:\/\/futbolhoy.co\/"},{"@type":"ListItem","position":2,"name":"Rueda: \u00abTenemos que pensar solo en Uruguay\u00bb"}]},{"@type":"WebSite","@id":"https:\/\/futbolhoy.co\/#website","url":"https:\/\/futbolhoy.co\/","name":"FutbolHoy","description":"","publisher":{"@id":"https:\/\/futbolhoy.co\/#organization"},"potentialAction":[{"@type":"SearchAction","target":{"@type":"EntryPoint","urlTemplate":"https:\/\/futbolhoy.co\/?s={search_term_string}"},"query-input":{"@type":"PropertyValueSpecification","valueRequired":true,"valueName":"search_term_string"}}],"inLanguage":"es"},{"@type":"Organization","@id":"https:\/\/futbolhoy.co\/#organization","name":"Futbolhoy.co","url":"https:\/\/futbolhoy.co\/","logo":{"@type":"ImageObject","inLanguage":"es","@id":"https:\/\/futbolhoy.co\/#\/schema\/logo\/image\/","url":"https:\/\/futbolhoy.co\/wp-content\/uploads\/2018\/08\/17426380_1906371736249227_6326180412931521141_n.jpg","contentUrl":"https:\/\/futbolhoy.co\/wp-content\/uploads\/2018\/08\/17426380_1906371736249227_6326180412931521141_n.jpg","width":960,"height":960,"caption":"Futbolhoy.co"},"image":{"@id":"https:\/\/futbolhoy.co\/#\/schema\/logo\/image\/"},"sameAs":["https:\/\/www.facebook.com\/FutbolHoyCol\/","https:\/\/x.com\/FutbolHoyCol","https:\/\/www.instagram.com\/futbolhoycol\/"]},{"@type":"Person","@id":"https:\/\/futbolhoy.co\/#\/schema\/person\/c4a353a512b127643723a34bb1812f7d","name":"Laura Hern\u00e1ndez","image":{"@type":"ImageObject","inLanguage":"es","@id":"https:\/\/futbolhoy.co\/#\/schema\/person\/image\/","url":"https:\/\/secure.gravatar.com\/avatar\/d25959a15b9b293a743f99181c7cfd01?s=96&d=mm&r=g","contentUrl":"https:\/\/secure.gravatar.com\/avatar\/d25959a15b9b293a743f99181c7cfd01?s=96&d=mm&r=g","caption":"Laura Hern\u00e1ndez"}}]}},"publishpress_future_action":{"enabled":false,"date":"2026-05-02 04:47:13","action":"change-status","newStatus":"draft","terms":[],"taxonomy":"category","extraData":[]},"publishpress_future_workflow_manual_trigger":{"enabledWorkflows":[]},"_links":{"self":[{"href":"https:\/\/futbolhoy.co\/index.php\/wp-json\/wp\/v2\/posts\/70870","targetHints":{"allow":["GET"]}}],"collection":[{"href":"https:\/\/futbolhoy.co\/index.php\/wp-json\/wp\/v2\/posts"}],"about":[{"href":"https:\/\/futbolhoy.co\/index.php\/wp-json\/wp\/v2\/types\/post"}],"author":[{"embeddable":true,"href":"https:\/\/futbolhoy.co\/index.php\/wp-json\/wp\/v2\/users\/5"}],"replies":[{"embeddable":true,"href":"https:\/\/futbolhoy.co\/index.php\/wp-json\/wp\/v2\/comments?post=70870"}],"version-history":[{"count":4,"href":"https:\/\/futbolhoy.co\/index.php\/wp-json\/wp\/v2\/posts\/70870\/revisions"}],"predecessor-version":[{"id":70876,"href":"https:\/\/futbolhoy.co\/index.php\/wp-json\/wp\/v2\/posts\/70870\/revisions\/70876"}],"wp:featuredmedia":[{"embeddable":true,"href":"https:\/\/futbolhoy.co\/index.php\/wp-json\/wp\/v2\/media\/70871"}],"wp:attachment":[{"href":"https:\/\/futbolhoy.co\/index.php\/wp-json\/wp\/v2\/media?parent=70870"}],"wp:term":[{"taxonomy":"category","embeddable":true,"href":"https:\/\/futbolhoy.co\/index.php\/wp-json\/wp\/v2\/categories?post=70870"},{"taxonomy":"post_tag","embeddable":true,"href":"https:\/\/futbolhoy.co\/index.php\/wp-json\/wp\/v2\/tags?post=70870"}],"curies":[{"name":"wp","href":"https:\/\/api.w.org\/{rel}","templated":true}]}}