{"id":7104,"date":"2017-10-04T16:45:39","date_gmt":"2017-10-04T21:45:39","guid":{"rendered":"http:\/\/futbolhoy.co\/?p=7104"},"modified":"2017-10-04T16:45:39","modified_gmt":"2017-10-04T21:45:39","slug":"conozco-de-presiones-y-se-lo-que-nos-jugamos-pizzi","status":"publish","type":"post","link":"https:\/\/futbolhoy.co\/index.php\/2017\/10\/04\/conozco-de-presiones-y-se-lo-que-nos-jugamos-pizzi\/","title":{"rendered":"\"Conozco de presiones y se lo que nos jugamos\u201d, Pizzi"},"content":{"rendered":"<p style=\"text-align: justify;\">El seleccionador de Chile, el argentino Juan Antonio Pizzi, afirm\u00f3 que no le pesa la presi\u00f3n por la delicada situaci\u00f3n de 'la Roja' en las eliminatorias mundialistas, porque lleva muchos a\u00f1os en el mundo del f\u00fatbol y ha vivido episodios m\u00e1s hostiles.<\/p>\n<p style=\"text-align: justify;\">\"Yo no necesito abstraerme, me he criado en este ambiente, incluso m\u00e1s hostil. En el f\u00fatbol argentino es m\u00e1s hostil que ac\u00e1\", afirm\u00f3 Pizzi en rueda de prensa.<\/p>\n<p style=\"text-align: justify;\">\"He hecho pr\u00e1cticamente toda mi carrera en Europa, conozco las presiones. He dirigido y jugado en los equipos m\u00e1s grandes del mundo. S\u00e9 la repercusi\u00f3n que tiene todo lo que hacemos y no me sorprende\", a\u00f1adi\u00f3 el entrenador que tiene a Chile sexto en la tabla de posiciones de\u00a0la eliminatoria suramericana\u00a0con 23 puntos, y cerrar\u00e1 su participaci\u00f3n recibiendo a Ecuador y visitando a Brasil.<\/p>\n<p style=\"text-align: justify;\">Pizzi dijo que el plantel est\u00e1 comprometido y deseoso de obtener un buen resultado y recalc\u00f3 que tanto los jugadores como el cuerpo t\u00e9cnico sienten que es una situaci\u00f3n de \"vida o muerte\".<\/p>\n","protected":false},"excerpt":{"rendered":"<p>El seleccionador de Chile, el argentino Juan Antonio Pizzi, afirm\u00f3 que no le pesa la presi\u00f3n por la delicada situaci\u00f3n de 'la Roja' en las eliminatorias mundialistas, porque lleva muchos a\u00f1os en el mundo del f\u00fatbol y ha vivido episodios m\u00e1s hostiles. \"Yo no necesito abstraerme, me he criado en este ambiente, incluso m\u00e1s hostil. [&hellip;]<\/p>\n","protected":false},"author":5,"featured_media":7105,"comment_status":"open","ping_status":"open","sticky":false,"template":"","format":"standard","meta":{"_acf_changed":false,"footnotes":""},"categories":[6],"tags":[297],"class_list":{"0":"post-7104","1":"post","2":"type-post","3":"status-publish","4":"format-standard","5":"has-post-thumbnail","7":"category-mundial","8":"tag-seleccion-chilena"},"acf":[],"yoast_head":"<!-- This site is optimized with the Yoast SEO plugin v26.8 - https:\/\/yoast.com\/product\/yoast-seo-wordpress\/ -->\n<title>&quot;Conozco de presiones y se lo que nos jugamos\u201d, Pizzi -<\/title>\n<meta name=\"robots\" content=\"index, follow, max-snippet:-1, max-image-preview:large, max-video-preview:-1\" \/>\n<link rel=\"canonical\" href=\"https:\/\/futbolhoy.co\/index.php\/2017\/10\/04\/conozco-de-presiones-y-se-lo-que-nos-jugamos-pizzi\/\" \/>\n<meta property=\"og:locale\" content=\"es_ES\" \/>\n<meta property=\"og:type\" content=\"article\" \/>\n<meta property=\"og:title\" content=\"&quot;Conozco de presiones y se lo que nos jugamos\u201d, Pizzi -\" \/>\n<meta property=\"og:description\" content=\"El seleccionador de Chile, el argentino Juan Antonio Pizzi, afirm\u00f3 que no le pesa la presi\u00f3n por la delicada situaci\u00f3n de &#039;la Roja&#039; en las eliminatorias mundialistas, porque lleva muchos a\u00f1os en el mundo del f\u00fatbol y ha vivido episodios m\u00e1s hostiles. &quot;Yo no necesito abstraerme, me he criado en este ambiente, incluso m\u00e1s hostil. [&hellip;]\" \/>\n<meta property=\"og:url\" content=\"https:\/\/futbolhoy.co\/index.php\/2017\/10\/04\/conozco-de-presiones-y-se-lo-que-nos-jugamos-pizzi\/\" \/>\n<meta property=\"article:publisher\" content=\"https:\/\/www.facebook.com\/FutbolHoyCol\/\" \/>\n<meta property=\"article:published_time\" content=\"2017-10-04T21:45:39+00:00\" \/>\n<meta property=\"og:image\" content=\"https:\/\/futbolhoy.co\/wp-content\/uploads\/2017\/10\/IMG_20171004_164427.jpg\" \/>\n\t<meta property=\"og:image:width\" content=\"1000\" \/>\n\t<meta property=\"og:image:height\" content=\"667\" \/>\n\t<meta property=\"og:image:type\" content=\"image\/jpeg\" \/>\n<meta name=\"author\" content=\"Laura Hern\u00e1ndez\" \/>\n<meta name=\"twitter:card\" content=\"summary_large_image\" \/>\n<meta name=\"twitter:creator\" content=\"@FutbolHoyCol\" \/>\n<meta name=\"twitter:site\" content=\"@FutbolHoyCol\" \/>\n<meta name=\"twitter:label1\" content=\"Escrito por\" \/>\n\t<meta name=\"twitter:data1\" content=\"Laura Hern\u00e1ndez\" \/>\n\t<meta name=\"twitter:label2\" content=\"Tiempo de lectura\" \/>\n\t<meta name=\"twitter:data2\" content=\"1 minuto\" \/>\n<script type=\"application\/ld+json\" class=\"yoast-schema-graph\">{\"@context\":\"https:\/\/schema.org\",\"@graph\":[{\"@type\":\"Article\",\"@id\":\"https:\/\/futbolhoy.co\/index.php\/2017\/10\/04\/conozco-de-presiones-y-se-lo-que-nos-jugamos-pizzi\/#article\",\"isPartOf\":{\"@id\":\"https:\/\/futbolhoy.co\/index.php\/2017\/10\/04\/conozco-de-presiones-y-se-lo-que-nos-jugamos-pizzi\/\"},\"author\":{\"name\":\"Laura Hern\u00e1ndez\",\"@id\":\"https:\/\/futbolhoy.co\/#\/schema\/person\/c4a353a512b127643723a34bb1812f7d\"},\"headline\":\"\\\"Conozco de presiones y se lo que nos jugamos\u201d, Pizzi\",\"datePublished\":\"2017-10-04T21:45:39+00:00\",\"mainEntityOfPage\":{\"@id\":\"https:\/\/futbolhoy.co\/index.php\/2017\/10\/04\/conozco-de-presiones-y-se-lo-que-nos-jugamos-pizzi\/\"},\"wordCount\":193,\"commentCount\":0,\"publisher\":{\"@id\":\"https:\/\/futbolhoy.co\/#organization\"},\"image\":{\"@id\":\"https:\/\/futbolhoy.co\/index.php\/2017\/10\/04\/conozco-de-presiones-y-se-lo-que-nos-jugamos-pizzi\/#primaryimage\"},\"thumbnailUrl\":\"https:\/\/futbolhoy.co\/wp-content\/uploads\/2017\/10\/IMG_20171004_164427.jpg\",\"keywords\":[\"Selecci\u00f3n chilena\"],\"articleSection\":[\"Mundial\"],\"inLanguage\":\"es\",\"potentialAction\":[{\"@type\":\"CommentAction\",\"name\":\"Comment\",\"target\":[\"https:\/\/futbolhoy.co\/index.php\/2017\/10\/04\/conozco-de-presiones-y-se-lo-que-nos-jugamos-pizzi\/#respond\"]}]},{\"@type\":\"WebPage\",\"@id\":\"https:\/\/futbolhoy.co\/index.php\/2017\/10\/04\/conozco-de-presiones-y-se-lo-que-nos-jugamos-pizzi\/\",\"url\":\"https:\/\/futbolhoy.co\/index.php\/2017\/10\/04\/conozco-de-presiones-y-se-lo-que-nos-jugamos-pizzi\/\",\"name\":\"\\\"Conozco de presiones y se lo que nos jugamos\u201d, Pizzi -\",\"isPartOf\":{\"@id\":\"https:\/\/futbolhoy.co\/#website\"},\"primaryImageOfPage\":{\"@id\":\"https:\/\/futbolhoy.co\/index.php\/2017\/10\/04\/conozco-de-presiones-y-se-lo-que-nos-jugamos-pizzi\/#primaryimage\"},\"image\":{\"@id\":\"https:\/\/futbolhoy.co\/index.php\/2017\/10\/04\/conozco-de-presiones-y-se-lo-que-nos-jugamos-pizzi\/#primaryimage\"},\"thumbnailUrl\":\"https:\/\/futbolhoy.co\/wp-content\/uploads\/2017\/10\/IMG_20171004_164427.jpg\",\"datePublished\":\"2017-10-04T21:45:39+00:00\",\"breadcrumb\":{\"@id\":\"https:\/\/futbolhoy.co\/index.php\/2017\/10\/04\/conozco-de-presiones-y-se-lo-que-nos-jugamos-pizzi\/#breadcrumb\"},\"inLanguage\":\"es\",\"potentialAction\":[{\"@type\":\"ReadAction\",\"target\":[\"https:\/\/futbolhoy.co\/index.php\/2017\/10\/04\/conozco-de-presiones-y-se-lo-que-nos-jugamos-pizzi\/\"]}]},{\"@type\":\"ImageObject\",\"inLanguage\":\"es\",\"@id\":\"https:\/\/futbolhoy.co\/index.php\/2017\/10\/04\/conozco-de-presiones-y-se-lo-que-nos-jugamos-pizzi\/#primaryimage\",\"url\":\"https:\/\/futbolhoy.co\/wp-content\/uploads\/2017\/10\/IMG_20171004_164427.jpg\",\"contentUrl\":\"https:\/\/futbolhoy.co\/wp-content\/uploads\/2017\/10\/IMG_20171004_164427.jpg\",\"width\":1000,\"height\":667},{\"@type\":\"BreadcrumbList\",\"@id\":\"https:\/\/futbolhoy.co\/index.php\/2017\/10\/04\/conozco-de-presiones-y-se-lo-que-nos-jugamos-pizzi\/#breadcrumb\",\"itemListElement\":[{\"@type\":\"ListItem\",\"position\":1,\"name\":\"Portada\",\"item\":\"https:\/\/futbolhoy.co\/\"},{\"@type\":\"ListItem\",\"position\":2,\"name\":\"\u00abConozco de presiones y se lo que nos jugamos\u201d, Pizzi\"}]},{\"@type\":\"WebSite\",\"@id\":\"https:\/\/futbolhoy.co\/#website\",\"url\":\"https:\/\/futbolhoy.co\/\",\"name\":\"FutbolHoy\",\"description\":\"\",\"publisher\":{\"@id\":\"https:\/\/futbolhoy.co\/#organization\"},\"potentialAction\":[{\"@type\":\"SearchAction\",\"target\":{\"@type\":\"EntryPoint\",\"urlTemplate\":\"https:\/\/futbolhoy.co\/?s={search_term_string}\"},\"query-input\":{\"@type\":\"PropertyValueSpecification\",\"valueRequired\":true,\"valueName\":\"search_term_string\"}}],\"inLanguage\":\"es\"},{\"@type\":\"Organization\",\"@id\":\"https:\/\/futbolhoy.co\/#organization\",\"name\":\"Futbolhoy.co\",\"url\":\"https:\/\/futbolhoy.co\/\",\"logo\":{\"@type\":\"ImageObject\",\"inLanguage\":\"es\",\"@id\":\"https:\/\/futbolhoy.co\/#\/schema\/logo\/image\/\",\"url\":\"https:\/\/futbolhoy.co\/wp-content\/uploads\/2018\/08\/17426380_1906371736249227_6326180412931521141_n.jpg\",\"contentUrl\":\"https:\/\/futbolhoy.co\/wp-content\/uploads\/2018\/08\/17426380_1906371736249227_6326180412931521141_n.jpg\",\"width\":960,\"height\":960,\"caption\":\"Futbolhoy.co\"},\"image\":{\"@id\":\"https:\/\/futbolhoy.co\/#\/schema\/logo\/image\/\"},\"sameAs\":[\"https:\/\/www.facebook.com\/FutbolHoyCol\/\",\"https:\/\/x.com\/FutbolHoyCol\",\"https:\/\/www.instagram.com\/futbolhoycol\/\"]},{\"@type\":\"Person\",\"@id\":\"https:\/\/futbolhoy.co\/#\/schema\/person\/c4a353a512b127643723a34bb1812f7d\",\"name\":\"Laura Hern\u00e1ndez\",\"image\":{\"@type\":\"ImageObject\",\"inLanguage\":\"es\",\"@id\":\"https:\/\/futbolhoy.co\/#\/schema\/person\/image\/\",\"url\":\"https:\/\/secure.gravatar.com\/avatar\/d25959a15b9b293a743f99181c7cfd01?s=96&d=mm&r=g\",\"contentUrl\":\"https:\/\/secure.gravatar.com\/avatar\/d25959a15b9b293a743f99181c7cfd01?s=96&d=mm&r=g\",\"caption\":\"Laura Hern\u00e1ndez\"}}]}<\/script>\n<!-- \/ Yoast SEO plugin. -->","yoast_head_json":{"title":"\"Conozco de presiones y se lo que nos jugamos\u201d, Pizzi -","robots":{"index":"index","follow":"follow","max-snippet":"max-snippet:-1","max-image-preview":"max-image-preview:large","max-video-preview":"max-video-preview:-1"},"canonical":"https:\/\/futbolhoy.co\/index.php\/2017\/10\/04\/conozco-de-presiones-y-se-lo-que-nos-jugamos-pizzi\/","og_locale":"es_ES","og_type":"article","og_title":"\"Conozco de presiones y se lo que nos jugamos\u201d, Pizzi -","og_description":"El seleccionador de Chile, el argentino Juan Antonio Pizzi, afirm\u00f3 que no le pesa la presi\u00f3n por la delicada situaci\u00f3n de 'la Roja' en las eliminatorias mundialistas, porque lleva muchos a\u00f1os en el mundo del f\u00fatbol y ha vivido episodios m\u00e1s hostiles. \"Yo no necesito abstraerme, me he criado en este ambiente, incluso m\u00e1s hostil. [&hellip;]","og_url":"https:\/\/futbolhoy.co\/index.php\/2017\/10\/04\/conozco-de-presiones-y-se-lo-que-nos-jugamos-pizzi\/","article_publisher":"https:\/\/www.facebook.com\/FutbolHoyCol\/","article_published_time":"2017-10-04T21:45:39+00:00","og_image":[{"width":1000,"height":667,"url":"https:\/\/futbolhoy.co\/wp-content\/uploads\/2017\/10\/IMG_20171004_164427.jpg","type":"image\/jpeg"}],"author":"Laura Hern\u00e1ndez","twitter_card":"summary_large_image","twitter_creator":"@FutbolHoyCol","twitter_site":"@FutbolHoyCol","twitter_misc":{"Escrito por":"Laura Hern\u00e1ndez","Tiempo de lectura":"1 minuto"},"schema":{"@context":"https:\/\/schema.org","@graph":[{"@type":"Article","@id":"https:\/\/futbolhoy.co\/index.php\/2017\/10\/04\/conozco-de-presiones-y-se-lo-que-nos-jugamos-pizzi\/#article","isPartOf":{"@id":"https:\/\/futbolhoy.co\/index.php\/2017\/10\/04\/conozco-de-presiones-y-se-lo-que-nos-jugamos-pizzi\/"},"author":{"name":"Laura Hern\u00e1ndez","@id":"https:\/\/futbolhoy.co\/#\/schema\/person\/c4a353a512b127643723a34bb1812f7d"},"headline":"\"Conozco de presiones y se lo que nos jugamos\u201d, Pizzi","datePublished":"2017-10-04T21:45:39+00:00","mainEntityOfPage":{"@id":"https:\/\/futbolhoy.co\/index.php\/2017\/10\/04\/conozco-de-presiones-y-se-lo-que-nos-jugamos-pizzi\/"},"wordCount":193,"commentCount":0,"publisher":{"@id":"https:\/\/futbolhoy.co\/#organization"},"image":{"@id":"https:\/\/futbolhoy.co\/index.php\/2017\/10\/04\/conozco-de-presiones-y-se-lo-que-nos-jugamos-pizzi\/#primaryimage"},"thumbnailUrl":"https:\/\/futbolhoy.co\/wp-content\/uploads\/2017\/10\/IMG_20171004_164427.jpg","keywords":["Selecci\u00f3n chilena"],"articleSection":["Mundial"],"inLanguage":"es","potentialAction":[{"@type":"CommentAction","name":"Comment","target":["https:\/\/futbolhoy.co\/index.php\/2017\/10\/04\/conozco-de-presiones-y-se-lo-que-nos-jugamos-pizzi\/#respond"]}]},{"@type":"WebPage","@id":"https:\/\/futbolhoy.co\/index.php\/2017\/10\/04\/conozco-de-presiones-y-se-lo-que-nos-jugamos-pizzi\/","url":"https:\/\/futbolhoy.co\/index.php\/2017\/10\/04\/conozco-de-presiones-y-se-lo-que-nos-jugamos-pizzi\/","name":"\"Conozco de presiones y se lo que nos jugamos\u201d, Pizzi -","isPartOf":{"@id":"https:\/\/futbolhoy.co\/#website"},"primaryImageOfPage":{"@id":"https:\/\/futbolhoy.co\/index.php\/2017\/10\/04\/conozco-de-presiones-y-se-lo-que-nos-jugamos-pizzi\/#primaryimage"},"image":{"@id":"https:\/\/futbolhoy.co\/index.php\/2017\/10\/04\/conozco-de-presiones-y-se-lo-que-nos-jugamos-pizzi\/#primaryimage"},"thumbnailUrl":"https:\/\/futbolhoy.co\/wp-content\/uploads\/2017\/10\/IMG_20171004_164427.jpg","datePublished":"2017-10-04T21:45:39+00:00","breadcrumb":{"@id":"https:\/\/futbolhoy.co\/index.php\/2017\/10\/04\/conozco-de-presiones-y-se-lo-que-nos-jugamos-pizzi\/#breadcrumb"},"inLanguage":"es","potentialAction":[{"@type":"ReadAction","target":["https:\/\/futbolhoy.co\/index.php\/2017\/10\/04\/conozco-de-presiones-y-se-lo-que-nos-jugamos-pizzi\/"]}]},{"@type":"ImageObject","inLanguage":"es","@id":"https:\/\/futbolhoy.co\/index.php\/2017\/10\/04\/conozco-de-presiones-y-se-lo-que-nos-jugamos-pizzi\/#primaryimage","url":"https:\/\/futbolhoy.co\/wp-content\/uploads\/2017\/10\/IMG_20171004_164427.jpg","contentUrl":"https:\/\/futbolhoy.co\/wp-content\/uploads\/2017\/10\/IMG_20171004_164427.jpg","width":1000,"height":667},{"@type":"BreadcrumbList","@id":"https:\/\/futbolhoy.co\/index.php\/2017\/10\/04\/conozco-de-presiones-y-se-lo-que-nos-jugamos-pizzi\/#breadcrumb","itemListElement":[{"@type":"ListItem","position":1,"name":"Portada","item":"https:\/\/futbolhoy.co\/"},{"@type":"ListItem","position":2,"name":"\u00abConozco de presiones y se lo que nos jugamos\u201d, Pizzi"}]},{"@type":"WebSite","@id":"https:\/\/futbolhoy.co\/#website","url":"https:\/\/futbolhoy.co\/","name":"FutbolHoy","description":"","publisher":{"@id":"https:\/\/futbolhoy.co\/#organization"},"potentialAction":[{"@type":"SearchAction","target":{"@type":"EntryPoint","urlTemplate":"https:\/\/futbolhoy.co\/?s={search_term_string}"},"query-input":{"@type":"PropertyValueSpecification","valueRequired":true,"valueName":"search_term_string"}}],"inLanguage":"es"},{"@type":"Organization","@id":"https:\/\/futbolhoy.co\/#organization","name":"Futbolhoy.co","url":"https:\/\/futbolhoy.co\/","logo":{"@type":"ImageObject","inLanguage":"es","@id":"https:\/\/futbolhoy.co\/#\/schema\/logo\/image\/","url":"https:\/\/futbolhoy.co\/wp-content\/uploads\/2018\/08\/17426380_1906371736249227_6326180412931521141_n.jpg","contentUrl":"https:\/\/futbolhoy.co\/wp-content\/uploads\/2018\/08\/17426380_1906371736249227_6326180412931521141_n.jpg","width":960,"height":960,"caption":"Futbolhoy.co"},"image":{"@id":"https:\/\/futbolhoy.co\/#\/schema\/logo\/image\/"},"sameAs":["https:\/\/www.facebook.com\/FutbolHoyCol\/","https:\/\/x.com\/FutbolHoyCol","https:\/\/www.instagram.com\/futbolhoycol\/"]},{"@type":"Person","@id":"https:\/\/futbolhoy.co\/#\/schema\/person\/c4a353a512b127643723a34bb1812f7d","name":"Laura Hern\u00e1ndez","image":{"@type":"ImageObject","inLanguage":"es","@id":"https:\/\/futbolhoy.co\/#\/schema\/person\/image\/","url":"https:\/\/secure.gravatar.com\/avatar\/d25959a15b9b293a743f99181c7cfd01?s=96&d=mm&r=g","contentUrl":"https:\/\/secure.gravatar.com\/avatar\/d25959a15b9b293a743f99181c7cfd01?s=96&d=mm&r=g","caption":"Laura Hern\u00e1ndez"}}]}},"publishpress_future_action":{"enabled":false,"date":"2026-05-02 04:35:05","action":"change-status","newStatus":"draft","terms":[],"taxonomy":"category","extraData":[]},"publishpress_future_workflow_manual_trigger":{"enabledWorkflows":[]},"_links":{"self":[{"href":"https:\/\/futbolhoy.co\/index.php\/wp-json\/wp\/v2\/posts\/7104","targetHints":{"allow":["GET"]}}],"collection":[{"href":"https:\/\/futbolhoy.co\/index.php\/wp-json\/wp\/v2\/posts"}],"about":[{"href":"https:\/\/futbolhoy.co\/index.php\/wp-json\/wp\/v2\/types\/post"}],"author":[{"embeddable":true,"href":"https:\/\/futbolhoy.co\/index.php\/wp-json\/wp\/v2\/users\/5"}],"replies":[{"embeddable":true,"href":"https:\/\/futbolhoy.co\/index.php\/wp-json\/wp\/v2\/comments?post=7104"}],"version-history":[{"count":1,"href":"https:\/\/futbolhoy.co\/index.php\/wp-json\/wp\/v2\/posts\/7104\/revisions"}],"predecessor-version":[{"id":7106,"href":"https:\/\/futbolhoy.co\/index.php\/wp-json\/wp\/v2\/posts\/7104\/revisions\/7106"}],"wp:featuredmedia":[{"embeddable":true,"href":"https:\/\/futbolhoy.co\/index.php\/wp-json\/wp\/v2\/media\/7105"}],"wp:attachment":[{"href":"https:\/\/futbolhoy.co\/index.php\/wp-json\/wp\/v2\/media?parent=7104"}],"wp:term":[{"taxonomy":"category","embeddable":true,"href":"https:\/\/futbolhoy.co\/index.php\/wp-json\/wp\/v2\/categories?post=7104"},{"taxonomy":"post_tag","embeddable":true,"href":"https:\/\/futbolhoy.co\/index.php\/wp-json\/wp\/v2\/tags?post=7104"}],"curies":[{"name":"wp","href":"https:\/\/api.w.org\/{rel}","templated":true}]}}