{"id":71390,"date":"2021-10-18T09:35:10","date_gmt":"2021-10-18T14:35:10","guid":{"rendered":"https:\/\/futbolhoy.co\/?p=71390"},"modified":"2021-10-19T12:03:24","modified_gmt":"2021-10-19T17:03:24","slug":"vivo-un-sueno-frank-castaneda","status":"publish","type":"post","link":"https:\/\/futbolhoy.co\/index.php\/2021\/10\/18\/vivo-un-sueno-frank-castaneda\/","title":{"rendered":"Vivo un sue\u00f1o: Frank Casta\u00f1eda"},"content":{"rendered":"<p style=\"text-align: justify;\"><span style=\"font-family: helvetica, arial, sans-serif;\">El colombiano <strong>Frank Casta\u00f1eda,<\/strong> capit\u00e1n del <strong>Sheriff Tiraspol<\/strong> de <strong>Moldavia,<\/strong> asegur\u00f3 que est\u00e1 viviendo un sue\u00f1o con la buena campa\u00f1a de su equipo en la fase de grupos de la <strong>Liga de campeones<\/strong> y espera alg\u00fan d\u00eda un llamado a la selecci\u00f3n.<\/span><\/p>\n<p style=\"text-align: justify;\"><span style=\"font-family: helvetica, arial, sans-serif;\">\u201cEstamos viviendo un sue\u00f1o y lo intento asimilar. Cuando pasen unos meses me dar\u00e9 cuenta de la magnitud de lo que hicimos, como fue ganarle al <strong>Real Madrid<\/strong> en su cancha, y de lo que estamos haciendo en la Champions\u201d, sostuvo el delantero en entrevista con la agencia de noticias <em>AFP.<\/em><\/span><\/p>\n<p style=\"text-align: justify;\"><span style=\"font-family: helvetica, arial, sans-serif;\">\u201cEste buen momento no lo veo como una revancha. En el <strong>Deportivo Cali<\/strong> no pude debutar como profesional y te queda un sabor amargo porque quer\u00eda debutar en el equipo de mis amores y no se pudo. Pero haber llegado a un partido de Champions en campo del Real Madrid y ganarle supera todas las expectativas como jugador profesional (\u2026.) Ah\u00ed no importa si quer\u00edas debutar en el equipo de tus amores o en otro. Lo que importa es lo que est\u00e1s viviendo, que supera todo lo pasado\u201d, agreg\u00f3.<\/span><\/p>\n<p style=\"text-align: justify;\"><span style=\"font-family: helvetica, arial, sans-serif;\">Casta\u00f1eda tambi\u00e9n se refiri\u00f3 a la selecci\u00f3n Colombia y el deseo de estar en una convocatoria, sobre lo que coment\u00f3: \u201cEs un sue\u00f1o que sigue latente, que quiero cumplir, pero soy consciente de que todo es un proceso y tengo que esperar el momento que me toque. Tengo que seguir trabajando duro, dar el paso de jugar en un equipo m\u00e1s grande en <strong>Europa,<\/strong> continuar creciendo y s\u00e9 que el llamado de la selecci\u00f3n se va a dar\u201d, puntualiz\u00f3.<\/span><\/p>\n<p style=\"text-align: justify;\"><span style=\"font-family: helvetica, arial, sans-serif;\">Sheriff, con los colombianos Casta\u00f1eda y <strong>Danilo Arboleda,<\/strong> lidera el <strong>Grupo D<\/strong> de Liga de Campeones con seis puntos, tres m\u00e1s que el segundo, Real Madrid, a la espera de la tercera fecha, donde los moldavos visitar\u00e1n este martes al<strong> Inter de Mil\u00e1n.<\/strong><\/span><\/p>\n","protected":false},"excerpt":{"rendered":"<p>El colombiano Frank Casta\u00f1eda, capit\u00e1n del Sheriff Tiraspol de Moldavia, asegur\u00f3 que est\u00e1 viviendo un sue\u00f1o con la buena campa\u00f1a de su equipo en la fase de grupos de la Liga de campeones y espera alg\u00fan d\u00eda un llamado a la selecci\u00f3n. \u201cEstamos viviendo un sue\u00f1o y lo intento asimilar. Cuando pasen unos meses me [&hellip;]<\/p>\n","protected":false},"author":5,"featured_media":71391,"comment_status":"open","ping_status":"open","sticky":false,"template":"","format":"standard","meta":{"_acf_changed":false,"footnotes":""},"categories":[4],"tags":[81,2239,2240],"class_list":{"0":"post-71390","1":"post","2":"type-post","3":"status-publish","4":"format-standard","5":"has-post-thumbnail","7":"category-champions-league","8":"tag-champions-league","9":"tag-frank-castaneda","10":"tag-sheriff"},"acf":[],"yoast_head":"<!-- This site is optimized with the Yoast SEO plugin v26.8 - https:\/\/yoast.com\/product\/yoast-seo-wordpress\/ -->\n<title>Vivo un sue\u00f1o: Frank Casta\u00f1eda -<\/title>\n<meta name=\"robots\" content=\"index, follow, max-snippet:-1, max-image-preview:large, max-video-preview:-1\" \/>\n<link rel=\"canonical\" href=\"https:\/\/futbolhoy.co\/index.php\/2021\/10\/18\/vivo-un-sueno-frank-castaneda\/\" \/>\n<meta property=\"og:locale\" content=\"es_ES\" \/>\n<meta property=\"og:type\" content=\"article\" \/>\n<meta property=\"og:title\" content=\"Vivo un sue\u00f1o: Frank Casta\u00f1eda -\" \/>\n<meta property=\"og:description\" content=\"El colombiano Frank Casta\u00f1eda, capit\u00e1n del Sheriff Tiraspol de Moldavia, asegur\u00f3 que est\u00e1 viviendo un sue\u00f1o con la buena campa\u00f1a de su equipo en la fase de grupos de la Liga de campeones y espera alg\u00fan d\u00eda un llamado a la selecci\u00f3n. \u201cEstamos viviendo un sue\u00f1o y lo intento asimilar. Cuando pasen unos meses me [&hellip;]\" \/>\n<meta property=\"og:url\" content=\"https:\/\/futbolhoy.co\/index.php\/2021\/10\/18\/vivo-un-sueno-frank-castaneda\/\" \/>\n<meta property=\"article:publisher\" content=\"https:\/\/www.facebook.com\/FutbolHoyCol\/\" \/>\n<meta property=\"article:published_time\" content=\"2021-10-18T14:35:10+00:00\" \/>\n<meta property=\"article:modified_time\" content=\"2021-10-19T17:03:24+00:00\" \/>\n<meta property=\"og:image\" content=\"https:\/\/futbolhoy.co\/wp-content\/uploads\/2021\/10\/Casta.png\" \/>\n\t<meta property=\"og:image:width\" content=\"892\" \/>\n\t<meta property=\"og:image:height\" content=\"754\" \/>\n\t<meta property=\"og:image:type\" content=\"image\/png\" \/>\n<meta name=\"author\" content=\"Laura Hern\u00e1ndez\" \/>\n<meta name=\"twitter:card\" content=\"summary_large_image\" \/>\n<meta name=\"twitter:creator\" content=\"@FutbolHoyCol\" \/>\n<meta name=\"twitter:site\" content=\"@FutbolHoyCol\" \/>\n<meta name=\"twitter:label1\" content=\"Escrito por\" \/>\n\t<meta name=\"twitter:data1\" content=\"Laura Hern\u00e1ndez\" \/>\n\t<meta name=\"twitter:label2\" content=\"Tiempo de lectura\" \/>\n\t<meta name=\"twitter:data2\" content=\"2 minutos\" \/>\n<script type=\"application\/ld+json\" class=\"yoast-schema-graph\">{\"@context\":\"https:\/\/schema.org\",\"@graph\":[{\"@type\":\"Article\",\"@id\":\"https:\/\/futbolhoy.co\/index.php\/2021\/10\/18\/vivo-un-sueno-frank-castaneda\/#article\",\"isPartOf\":{\"@id\":\"https:\/\/futbolhoy.co\/index.php\/2021\/10\/18\/vivo-un-sueno-frank-castaneda\/\"},\"author\":{\"name\":\"Laura Hern\u00e1ndez\",\"@id\":\"https:\/\/futbolhoy.co\/#\/schema\/person\/c4a353a512b127643723a34bb1812f7d\"},\"headline\":\"Vivo un sue\u00f1o: Frank Casta\u00f1eda\",\"datePublished\":\"2021-10-18T14:35:10+00:00\",\"dateModified\":\"2021-10-19T17:03:24+00:00\",\"mainEntityOfPage\":{\"@id\":\"https:\/\/futbolhoy.co\/index.php\/2021\/10\/18\/vivo-un-sueno-frank-castaneda\/\"},\"wordCount\":331,\"commentCount\":0,\"publisher\":{\"@id\":\"https:\/\/futbolhoy.co\/#organization\"},\"image\":{\"@id\":\"https:\/\/futbolhoy.co\/index.php\/2021\/10\/18\/vivo-un-sueno-frank-castaneda\/#primaryimage\"},\"thumbnailUrl\":\"https:\/\/futbolhoy.co\/wp-content\/uploads\/2021\/10\/Casta.png\",\"keywords\":[\"Champions League\",\"Frank Casta\u00f1eda\",\"Sheriff\"],\"articleSection\":[\"Champions League\"],\"inLanguage\":\"es\",\"potentialAction\":[{\"@type\":\"CommentAction\",\"name\":\"Comment\",\"target\":[\"https:\/\/futbolhoy.co\/index.php\/2021\/10\/18\/vivo-un-sueno-frank-castaneda\/#respond\"]}]},{\"@type\":\"WebPage\",\"@id\":\"https:\/\/futbolhoy.co\/index.php\/2021\/10\/18\/vivo-un-sueno-frank-castaneda\/\",\"url\":\"https:\/\/futbolhoy.co\/index.php\/2021\/10\/18\/vivo-un-sueno-frank-castaneda\/\",\"name\":\"Vivo un sue\u00f1o: Frank Casta\u00f1eda -\",\"isPartOf\":{\"@id\":\"https:\/\/futbolhoy.co\/#website\"},\"primaryImageOfPage\":{\"@id\":\"https:\/\/futbolhoy.co\/index.php\/2021\/10\/18\/vivo-un-sueno-frank-castaneda\/#primaryimage\"},\"image\":{\"@id\":\"https:\/\/futbolhoy.co\/index.php\/2021\/10\/18\/vivo-un-sueno-frank-castaneda\/#primaryimage\"},\"thumbnailUrl\":\"https:\/\/futbolhoy.co\/wp-content\/uploads\/2021\/10\/Casta.png\",\"datePublished\":\"2021-10-18T14:35:10+00:00\",\"dateModified\":\"2021-10-19T17:03:24+00:00\",\"breadcrumb\":{\"@id\":\"https:\/\/futbolhoy.co\/index.php\/2021\/10\/18\/vivo-un-sueno-frank-castaneda\/#breadcrumb\"},\"inLanguage\":\"es\",\"potentialAction\":[{\"@type\":\"ReadAction\",\"target\":[\"https:\/\/futbolhoy.co\/index.php\/2021\/10\/18\/vivo-un-sueno-frank-castaneda\/\"]}]},{\"@type\":\"ImageObject\",\"inLanguage\":\"es\",\"@id\":\"https:\/\/futbolhoy.co\/index.php\/2021\/10\/18\/vivo-un-sueno-frank-castaneda\/#primaryimage\",\"url\":\"https:\/\/futbolhoy.co\/wp-content\/uploads\/2021\/10\/Casta.png\",\"contentUrl\":\"https:\/\/futbolhoy.co\/wp-content\/uploads\/2021\/10\/Casta.png\",\"width\":892,\"height\":754},{\"@type\":\"BreadcrumbList\",\"@id\":\"https:\/\/futbolhoy.co\/index.php\/2021\/10\/18\/vivo-un-sueno-frank-castaneda\/#breadcrumb\",\"itemListElement\":[{\"@type\":\"ListItem\",\"position\":1,\"name\":\"Portada\",\"item\":\"https:\/\/futbolhoy.co\/\"},{\"@type\":\"ListItem\",\"position\":2,\"name\":\"Vivo un sue\u00f1o: Frank Casta\u00f1eda\"}]},{\"@type\":\"WebSite\",\"@id\":\"https:\/\/futbolhoy.co\/#website\",\"url\":\"https:\/\/futbolhoy.co\/\",\"name\":\"FutbolHoy\",\"description\":\"\",\"publisher\":{\"@id\":\"https:\/\/futbolhoy.co\/#organization\"},\"potentialAction\":[{\"@type\":\"SearchAction\",\"target\":{\"@type\":\"EntryPoint\",\"urlTemplate\":\"https:\/\/futbolhoy.co\/?s={search_term_string}\"},\"query-input\":{\"@type\":\"PropertyValueSpecification\",\"valueRequired\":true,\"valueName\":\"search_term_string\"}}],\"inLanguage\":\"es\"},{\"@type\":\"Organization\",\"@id\":\"https:\/\/futbolhoy.co\/#organization\",\"name\":\"Futbolhoy.co\",\"url\":\"https:\/\/futbolhoy.co\/\",\"logo\":{\"@type\":\"ImageObject\",\"inLanguage\":\"es\",\"@id\":\"https:\/\/futbolhoy.co\/#\/schema\/logo\/image\/\",\"url\":\"https:\/\/futbolhoy.co\/wp-content\/uploads\/2018\/08\/17426380_1906371736249227_6326180412931521141_n.jpg\",\"contentUrl\":\"https:\/\/futbolhoy.co\/wp-content\/uploads\/2018\/08\/17426380_1906371736249227_6326180412931521141_n.jpg\",\"width\":960,\"height\":960,\"caption\":\"Futbolhoy.co\"},\"image\":{\"@id\":\"https:\/\/futbolhoy.co\/#\/schema\/logo\/image\/\"},\"sameAs\":[\"https:\/\/www.facebook.com\/FutbolHoyCol\/\",\"https:\/\/x.com\/FutbolHoyCol\",\"https:\/\/www.instagram.com\/futbolhoycol\/\"]},{\"@type\":\"Person\",\"@id\":\"https:\/\/futbolhoy.co\/#\/schema\/person\/c4a353a512b127643723a34bb1812f7d\",\"name\":\"Laura Hern\u00e1ndez\",\"image\":{\"@type\":\"ImageObject\",\"inLanguage\":\"es\",\"@id\":\"https:\/\/futbolhoy.co\/#\/schema\/person\/image\/\",\"url\":\"https:\/\/secure.gravatar.com\/avatar\/d25959a15b9b293a743f99181c7cfd01?s=96&d=mm&r=g\",\"contentUrl\":\"https:\/\/secure.gravatar.com\/avatar\/d25959a15b9b293a743f99181c7cfd01?s=96&d=mm&r=g\",\"caption\":\"Laura Hern\u00e1ndez\"}}]}<\/script>\n<!-- \/ Yoast SEO plugin. -->","yoast_head_json":{"title":"Vivo un sue\u00f1o: Frank Casta\u00f1eda -","robots":{"index":"index","follow":"follow","max-snippet":"max-snippet:-1","max-image-preview":"max-image-preview:large","max-video-preview":"max-video-preview:-1"},"canonical":"https:\/\/futbolhoy.co\/index.php\/2021\/10\/18\/vivo-un-sueno-frank-castaneda\/","og_locale":"es_ES","og_type":"article","og_title":"Vivo un sue\u00f1o: Frank Casta\u00f1eda -","og_description":"El colombiano Frank Casta\u00f1eda, capit\u00e1n del Sheriff Tiraspol de Moldavia, asegur\u00f3 que est\u00e1 viviendo un sue\u00f1o con la buena campa\u00f1a de su equipo en la fase de grupos de la Liga de campeones y espera alg\u00fan d\u00eda un llamado a la selecci\u00f3n. \u201cEstamos viviendo un sue\u00f1o y lo intento asimilar. Cuando pasen unos meses me [&hellip;]","og_url":"https:\/\/futbolhoy.co\/index.php\/2021\/10\/18\/vivo-un-sueno-frank-castaneda\/","article_publisher":"https:\/\/www.facebook.com\/FutbolHoyCol\/","article_published_time":"2021-10-18T14:35:10+00:00","article_modified_time":"2021-10-19T17:03:24+00:00","og_image":[{"width":892,"height":754,"url":"https:\/\/futbolhoy.co\/wp-content\/uploads\/2021\/10\/Casta.png","type":"image\/png"}],"author":"Laura Hern\u00e1ndez","twitter_card":"summary_large_image","twitter_creator":"@FutbolHoyCol","twitter_site":"@FutbolHoyCol","twitter_misc":{"Escrito por":"Laura Hern\u00e1ndez","Tiempo de lectura":"2 minutos"},"schema":{"@context":"https:\/\/schema.org","@graph":[{"@type":"Article","@id":"https:\/\/futbolhoy.co\/index.php\/2021\/10\/18\/vivo-un-sueno-frank-castaneda\/#article","isPartOf":{"@id":"https:\/\/futbolhoy.co\/index.php\/2021\/10\/18\/vivo-un-sueno-frank-castaneda\/"},"author":{"name":"Laura Hern\u00e1ndez","@id":"https:\/\/futbolhoy.co\/#\/schema\/person\/c4a353a512b127643723a34bb1812f7d"},"headline":"Vivo un sue\u00f1o: Frank Casta\u00f1eda","datePublished":"2021-10-18T14:35:10+00:00","dateModified":"2021-10-19T17:03:24+00:00","mainEntityOfPage":{"@id":"https:\/\/futbolhoy.co\/index.php\/2021\/10\/18\/vivo-un-sueno-frank-castaneda\/"},"wordCount":331,"commentCount":0,"publisher":{"@id":"https:\/\/futbolhoy.co\/#organization"},"image":{"@id":"https:\/\/futbolhoy.co\/index.php\/2021\/10\/18\/vivo-un-sueno-frank-castaneda\/#primaryimage"},"thumbnailUrl":"https:\/\/futbolhoy.co\/wp-content\/uploads\/2021\/10\/Casta.png","keywords":["Champions League","Frank Casta\u00f1eda","Sheriff"],"articleSection":["Champions League"],"inLanguage":"es","potentialAction":[{"@type":"CommentAction","name":"Comment","target":["https:\/\/futbolhoy.co\/index.php\/2021\/10\/18\/vivo-un-sueno-frank-castaneda\/#respond"]}]},{"@type":"WebPage","@id":"https:\/\/futbolhoy.co\/index.php\/2021\/10\/18\/vivo-un-sueno-frank-castaneda\/","url":"https:\/\/futbolhoy.co\/index.php\/2021\/10\/18\/vivo-un-sueno-frank-castaneda\/","name":"Vivo un sue\u00f1o: Frank Casta\u00f1eda -","isPartOf":{"@id":"https:\/\/futbolhoy.co\/#website"},"primaryImageOfPage":{"@id":"https:\/\/futbolhoy.co\/index.php\/2021\/10\/18\/vivo-un-sueno-frank-castaneda\/#primaryimage"},"image":{"@id":"https:\/\/futbolhoy.co\/index.php\/2021\/10\/18\/vivo-un-sueno-frank-castaneda\/#primaryimage"},"thumbnailUrl":"https:\/\/futbolhoy.co\/wp-content\/uploads\/2021\/10\/Casta.png","datePublished":"2021-10-18T14:35:10+00:00","dateModified":"2021-10-19T17:03:24+00:00","breadcrumb":{"@id":"https:\/\/futbolhoy.co\/index.php\/2021\/10\/18\/vivo-un-sueno-frank-castaneda\/#breadcrumb"},"inLanguage":"es","potentialAction":[{"@type":"ReadAction","target":["https:\/\/futbolhoy.co\/index.php\/2021\/10\/18\/vivo-un-sueno-frank-castaneda\/"]}]},{"@type":"ImageObject","inLanguage":"es","@id":"https:\/\/futbolhoy.co\/index.php\/2021\/10\/18\/vivo-un-sueno-frank-castaneda\/#primaryimage","url":"https:\/\/futbolhoy.co\/wp-content\/uploads\/2021\/10\/Casta.png","contentUrl":"https:\/\/futbolhoy.co\/wp-content\/uploads\/2021\/10\/Casta.png","width":892,"height":754},{"@type":"BreadcrumbList","@id":"https:\/\/futbolhoy.co\/index.php\/2021\/10\/18\/vivo-un-sueno-frank-castaneda\/#breadcrumb","itemListElement":[{"@type":"ListItem","position":1,"name":"Portada","item":"https:\/\/futbolhoy.co\/"},{"@type":"ListItem","position":2,"name":"Vivo un sue\u00f1o: Frank Casta\u00f1eda"}]},{"@type":"WebSite","@id":"https:\/\/futbolhoy.co\/#website","url":"https:\/\/futbolhoy.co\/","name":"FutbolHoy","description":"","publisher":{"@id":"https:\/\/futbolhoy.co\/#organization"},"potentialAction":[{"@type":"SearchAction","target":{"@type":"EntryPoint","urlTemplate":"https:\/\/futbolhoy.co\/?s={search_term_string}"},"query-input":{"@type":"PropertyValueSpecification","valueRequired":true,"valueName":"search_term_string"}}],"inLanguage":"es"},{"@type":"Organization","@id":"https:\/\/futbolhoy.co\/#organization","name":"Futbolhoy.co","url":"https:\/\/futbolhoy.co\/","logo":{"@type":"ImageObject","inLanguage":"es","@id":"https:\/\/futbolhoy.co\/#\/schema\/logo\/image\/","url":"https:\/\/futbolhoy.co\/wp-content\/uploads\/2018\/08\/17426380_1906371736249227_6326180412931521141_n.jpg","contentUrl":"https:\/\/futbolhoy.co\/wp-content\/uploads\/2018\/08\/17426380_1906371736249227_6326180412931521141_n.jpg","width":960,"height":960,"caption":"Futbolhoy.co"},"image":{"@id":"https:\/\/futbolhoy.co\/#\/schema\/logo\/image\/"},"sameAs":["https:\/\/www.facebook.com\/FutbolHoyCol\/","https:\/\/x.com\/FutbolHoyCol","https:\/\/www.instagram.com\/futbolhoycol\/"]},{"@type":"Person","@id":"https:\/\/futbolhoy.co\/#\/schema\/person\/c4a353a512b127643723a34bb1812f7d","name":"Laura Hern\u00e1ndez","image":{"@type":"ImageObject","inLanguage":"es","@id":"https:\/\/futbolhoy.co\/#\/schema\/person\/image\/","url":"https:\/\/secure.gravatar.com\/avatar\/d25959a15b9b293a743f99181c7cfd01?s=96&d=mm&r=g","contentUrl":"https:\/\/secure.gravatar.com\/avatar\/d25959a15b9b293a743f99181c7cfd01?s=96&d=mm&r=g","caption":"Laura Hern\u00e1ndez"}}]}},"publishpress_future_action":{"enabled":false,"date":"2026-05-02 05:06:31","action":"change-status","newStatus":"draft","terms":[],"taxonomy":"category","extraData":[]},"publishpress_future_workflow_manual_trigger":{"enabledWorkflows":[]},"_links":{"self":[{"href":"https:\/\/futbolhoy.co\/index.php\/wp-json\/wp\/v2\/posts\/71390","targetHints":{"allow":["GET"]}}],"collection":[{"href":"https:\/\/futbolhoy.co\/index.php\/wp-json\/wp\/v2\/posts"}],"about":[{"href":"https:\/\/futbolhoy.co\/index.php\/wp-json\/wp\/v2\/types\/post"}],"author":[{"embeddable":true,"href":"https:\/\/futbolhoy.co\/index.php\/wp-json\/wp\/v2\/users\/5"}],"replies":[{"embeddable":true,"href":"https:\/\/futbolhoy.co\/index.php\/wp-json\/wp\/v2\/comments?post=71390"}],"version-history":[{"count":1,"href":"https:\/\/futbolhoy.co\/index.php\/wp-json\/wp\/v2\/posts\/71390\/revisions"}],"predecessor-version":[{"id":71392,"href":"https:\/\/futbolhoy.co\/index.php\/wp-json\/wp\/v2\/posts\/71390\/revisions\/71392"}],"wp:featuredmedia":[{"embeddable":true,"href":"https:\/\/futbolhoy.co\/index.php\/wp-json\/wp\/v2\/media\/71391"}],"wp:attachment":[{"href":"https:\/\/futbolhoy.co\/index.php\/wp-json\/wp\/v2\/media?parent=71390"}],"wp:term":[{"taxonomy":"category","embeddable":true,"href":"https:\/\/futbolhoy.co\/index.php\/wp-json\/wp\/v2\/categories?post=71390"},{"taxonomy":"post_tag","embeddable":true,"href":"https:\/\/futbolhoy.co\/index.php\/wp-json\/wp\/v2\/tags?post=71390"}],"curies":[{"name":"wp","href":"https:\/\/api.w.org\/{rel}","templated":true}]}}