{"id":71434,"date":"2021-10-19T14:46:11","date_gmt":"2021-10-19T19:46:11","guid":{"rendered":"https:\/\/futbolhoy.co\/?p=71434"},"modified":"2021-10-20T11:45:26","modified_gmt":"2021-10-20T16:45:26","slug":"championsleague","status":"publish","type":"post","link":"https:\/\/futbolhoy.co\/index.php\/2021\/10\/19\/championsleague\/","title":{"rendered":"D\u00edaz brilla en Champions"},"content":{"rendered":"<p style=\"text-align: justify;\"><span style=\"font-family: helvetica, arial, sans-serif;\">El colombiano <strong>Luis D\u00edaz<\/strong> le dio la victoria al <strong>Porto<\/strong> 1-0 sobre el <strong>Milan,<\/strong> en partido por la tercera fecha del Grupo B de la <strong>Liga de Campeones.<\/strong><\/span><\/p>\n<p style=\"text-align: justify;\"><span style=\"font-family: helvetica, arial, sans-serif;\"><strong>D\u00edaz,<\/strong> que anot\u00f3 el tanto a los 65 minutos, complet\u00f3 7 goles en la temporada, el primero en <strong>Champions.<\/strong><\/span><\/p>\n<p style=\"text-align: justify;\"><span style=\"font-family: helvetica, arial, sans-serif;\">En el equipo portugu\u00e9s tambi\u00e9n fue titular <strong>Matheus Uribe<\/strong>, quien termin\u00f3 amonestado.<\/span><\/p>\n<p style=\"text-align: justify;\"><span style=\"font-family: helvetica, arial, sans-serif;\">Con esta victoria, <strong>Porto<\/strong> lleg\u00f3 a 4 puntos en su zona y conserv\u00f3 el tercer puesto.<\/span><\/p>\n<p style=\"text-align: justify;\"><span style=\"font-family: helvetica, arial, sans-serif;\">En otros partidos, <strong>Liverpool<\/strong> derrot\u00f3 como visitante 2-3 al <strong>Atl\u00e9tico de Madrid.<\/strong> Los ingleses dominan su grupo con 9 puntos, mientras que los espa\u00f1oles se quedaron con 4.<\/span><\/p>\n<p style=\"text-align: justify;\"><span style=\"font-family: helvetica, arial, sans-serif;\">Entretanto, el <strong>Sheriff,<\/strong> con los colombianos <strong>Frank Casta\u00f1eda<\/strong> y <strong>Danilo Arboleda<\/strong>, cay\u00f3 3-1 en su visita al <strong>Inter de Mil\u00e1n<\/strong>, resultado que lo mantiene en lo m\u00e1s alto del Grupo D con 6 puntos.<\/span><\/p>\n<p style=\"text-align: justify;\"><span style=\"font-family: helvetica, arial, sans-serif;\">En esta misma zona el <strong>Real Madrid<\/strong> gole\u00f3 como visitante 0-5 al <strong>Shakhtar Donestk<\/strong>, con un doblete de <strong>Vinicius Junior<\/strong>, para llegar a seis puntos en la segunda posici\u00f3n. Inter figura tercero con 4 puntos y los ucranianos son \u00faltimos sin unidades.<\/span><\/p>\n<p style=\"text-align: justify;\"><span style=\"font-family: helvetica, arial, sans-serif;\"><strong>Par\u00eds Saint-Germain<\/strong> remont\u00f3 con un doblete de <strong>Lionel Messi<\/strong>, uno desde el punto penal, 3-2 sobre el <strong>Leipzig<\/strong> y sigue al frente del Grupo A con 7 puntos.<\/span><\/p>\n<p style=\"text-align: justify;\"><span style=\"font-family: helvetica, arial, sans-serif;\"><strong>Kylian Mbapp\u00e9<\/strong> marc\u00f3 un gol y desperdici\u00f3 un penal en tiempo de reposici\u00f3n.<\/span><\/p>\n<p style=\"text-align: justify;\"><span style=\"font-family: helvetica, arial, sans-serif;\">En este mismo grupo <strong>\u00c9der \u00c1lvarez Balanta<\/strong> fue titular y estuvo en el campo de juego 68 minutos, en la goleada del <strong>Manchester City<\/strong> 1-5 sobre <strong>Brujas,<\/strong> en partido por el Grupo G. En el club belga permaneci\u00f3 en el banco, <strong>Jos\u00e9 Heriberto Izquierdo<\/strong>.<\/span><\/p>\n<p style=\"text-align: justify;\"><span style=\"font-family: helvetica, arial, sans-serif;\">Los ingleses son segundos con 6 puntos; mientras que <strong>Brujas<\/strong> aparece tercero con 4 unidades.<\/span><\/p>\n<p style=\"text-align: justify;\"><span style=\"font-family: helvetica, arial, sans-serif;\">Finalmente, <strong>Ajax<\/strong> gole\u00f3 4-0 al <strong>Borussia Dortmund<\/strong> y se fue en solitario en punta del Grupo C con 9 puntos, tres m\u00e1s que los alemanes en la segunda plaza.<\/span><\/p>\n<p style=\"text-align: justify;\"><span style=\"font-family: helvetica, arial, sans-serif;\"><strong>Sporting Lisboa<\/strong> gole\u00f3 1-4 al <strong>Besiktas,<\/strong> resultado que dej\u00f3 a los portugueses terceros con 3 puntos y a los turcos, coleros sin sumar.<\/span><\/p>\n","protected":false},"excerpt":{"rendered":"<p>El colombiano Luis D\u00edaz le dio la victoria al Porto 1-0 sobre el Milan, en partido por la tercera fecha del Grupo B de la Liga de Campeones. D\u00edaz, que anot\u00f3 el tanto a los 65 minutos, complet\u00f3 7 goles en la temporada, el primero en Champions. En el equipo portugu\u00e9s tambi\u00e9n fue titular Matheus [&hellip;]<\/p>\n","protected":false},"author":5,"featured_media":71440,"comment_status":"open","ping_status":"open","sticky":false,"template":"","format":"standard","meta":{"_acf_changed":false,"footnotes":""},"categories":[418],"tags":[],"class_list":{"0":"post-71434","1":"post","2":"type-post","3":"status-publish","4":"format-standard","5":"has-post-thumbnail","7":"category-colombia"},"acf":[],"yoast_head":"<!-- This site is optimized with the Yoast SEO plugin v26.8 - https:\/\/yoast.com\/product\/yoast-seo-wordpress\/ -->\n<title>D\u00edaz brilla en Champions -<\/title>\n<meta name=\"robots\" content=\"index, follow, max-snippet:-1, max-image-preview:large, max-video-preview:-1\" \/>\n<link rel=\"canonical\" href=\"https:\/\/futbolhoy.co\/index.php\/2021\/10\/19\/championsleague\/\" \/>\n<meta property=\"og:locale\" content=\"es_ES\" \/>\n<meta property=\"og:type\" content=\"article\" \/>\n<meta property=\"og:title\" content=\"D\u00edaz brilla en Champions -\" \/>\n<meta property=\"og:description\" content=\"El colombiano Luis D\u00edaz le dio la victoria al Porto 1-0 sobre el Milan, en partido por la tercera fecha del Grupo B de la Liga de Campeones. D\u00edaz, que anot\u00f3 el tanto a los 65 minutos, complet\u00f3 7 goles en la temporada, el primero en Champions. En el equipo portugu\u00e9s tambi\u00e9n fue titular Matheus [&hellip;]\" \/>\n<meta property=\"og:url\" content=\"https:\/\/futbolhoy.co\/index.php\/2021\/10\/19\/championsleague\/\" \/>\n<meta property=\"article:publisher\" content=\"https:\/\/www.facebook.com\/FutbolHoyCol\/\" \/>\n<meta property=\"article:published_time\" content=\"2021-10-19T19:46:11+00:00\" \/>\n<meta property=\"article:modified_time\" content=\"2021-10-20T16:45:26+00:00\" \/>\n<meta property=\"og:image\" content=\"https:\/\/futbolhoy.co\/wp-content\/uploads\/2021\/10\/FCFyePSXIAUCzyi.jpg\" \/>\n\t<meta property=\"og:image:width\" content=\"680\" \/>\n\t<meta property=\"og:image:height\" content=\"680\" \/>\n\t<meta property=\"og:image:type\" content=\"image\/jpeg\" \/>\n<meta name=\"author\" content=\"Laura Hern\u00e1ndez\" \/>\n<meta name=\"twitter:card\" content=\"summary_large_image\" \/>\n<meta name=\"twitter:creator\" content=\"@FutbolHoyCol\" \/>\n<meta name=\"twitter:site\" content=\"@FutbolHoyCol\" \/>\n<meta name=\"twitter:label1\" content=\"Escrito por\" \/>\n\t<meta name=\"twitter:data1\" content=\"Laura Hern\u00e1ndez\" \/>\n\t<meta name=\"twitter:label2\" content=\"Tiempo de lectura\" \/>\n\t<meta name=\"twitter:data2\" content=\"2 minutos\" \/>\n<script type=\"application\/ld+json\" class=\"yoast-schema-graph\">{\"@context\":\"https:\/\/schema.org\",\"@graph\":[{\"@type\":\"Article\",\"@id\":\"https:\/\/futbolhoy.co\/index.php\/2021\/10\/19\/championsleague\/#article\",\"isPartOf\":{\"@id\":\"https:\/\/futbolhoy.co\/index.php\/2021\/10\/19\/championsleague\/\"},\"author\":{\"name\":\"Laura Hern\u00e1ndez\",\"@id\":\"https:\/\/futbolhoy.co\/#\/schema\/person\/c4a353a512b127643723a34bb1812f7d\"},\"headline\":\"D\u00edaz brilla en Champions\",\"datePublished\":\"2021-10-19T19:46:11+00:00\",\"dateModified\":\"2021-10-20T16:45:26+00:00\",\"mainEntityOfPage\":{\"@id\":\"https:\/\/futbolhoy.co\/index.php\/2021\/10\/19\/championsleague\/\"},\"wordCount\":336,\"commentCount\":0,\"publisher\":{\"@id\":\"https:\/\/futbolhoy.co\/#organization\"},\"image\":{\"@id\":\"https:\/\/futbolhoy.co\/index.php\/2021\/10\/19\/championsleague\/#primaryimage\"},\"thumbnailUrl\":\"https:\/\/futbolhoy.co\/wp-content\/uploads\/2021\/10\/FCFyePSXIAUCzyi.jpg\",\"articleSection\":[\"Colombia\"],\"inLanguage\":\"es\",\"potentialAction\":[{\"@type\":\"CommentAction\",\"name\":\"Comment\",\"target\":[\"https:\/\/futbolhoy.co\/index.php\/2021\/10\/19\/championsleague\/#respond\"]}]},{\"@type\":\"WebPage\",\"@id\":\"https:\/\/futbolhoy.co\/index.php\/2021\/10\/19\/championsleague\/\",\"url\":\"https:\/\/futbolhoy.co\/index.php\/2021\/10\/19\/championsleague\/\",\"name\":\"D\u00edaz brilla en Champions -\",\"isPartOf\":{\"@id\":\"https:\/\/futbolhoy.co\/#website\"},\"primaryImageOfPage\":{\"@id\":\"https:\/\/futbolhoy.co\/index.php\/2021\/10\/19\/championsleague\/#primaryimage\"},\"image\":{\"@id\":\"https:\/\/futbolhoy.co\/index.php\/2021\/10\/19\/championsleague\/#primaryimage\"},\"thumbnailUrl\":\"https:\/\/futbolhoy.co\/wp-content\/uploads\/2021\/10\/FCFyePSXIAUCzyi.jpg\",\"datePublished\":\"2021-10-19T19:46:11+00:00\",\"dateModified\":\"2021-10-20T16:45:26+00:00\",\"breadcrumb\":{\"@id\":\"https:\/\/futbolhoy.co\/index.php\/2021\/10\/19\/championsleague\/#breadcrumb\"},\"inLanguage\":\"es\",\"potentialAction\":[{\"@type\":\"ReadAction\",\"target\":[\"https:\/\/futbolhoy.co\/index.php\/2021\/10\/19\/championsleague\/\"]}]},{\"@type\":\"ImageObject\",\"inLanguage\":\"es\",\"@id\":\"https:\/\/futbolhoy.co\/index.php\/2021\/10\/19\/championsleague\/#primaryimage\",\"url\":\"https:\/\/futbolhoy.co\/wp-content\/uploads\/2021\/10\/FCFyePSXIAUCzyi.jpg\",\"contentUrl\":\"https:\/\/futbolhoy.co\/wp-content\/uploads\/2021\/10\/FCFyePSXIAUCzyi.jpg\",\"width\":680,\"height\":680},{\"@type\":\"BreadcrumbList\",\"@id\":\"https:\/\/futbolhoy.co\/index.php\/2021\/10\/19\/championsleague\/#breadcrumb\",\"itemListElement\":[{\"@type\":\"ListItem\",\"position\":1,\"name\":\"Portada\",\"item\":\"https:\/\/futbolhoy.co\/\"},{\"@type\":\"ListItem\",\"position\":2,\"name\":\"D\u00edaz brilla en Champions\"}]},{\"@type\":\"WebSite\",\"@id\":\"https:\/\/futbolhoy.co\/#website\",\"url\":\"https:\/\/futbolhoy.co\/\",\"name\":\"FutbolHoy\",\"description\":\"\",\"publisher\":{\"@id\":\"https:\/\/futbolhoy.co\/#organization\"},\"potentialAction\":[{\"@type\":\"SearchAction\",\"target\":{\"@type\":\"EntryPoint\",\"urlTemplate\":\"https:\/\/futbolhoy.co\/?s={search_term_string}\"},\"query-input\":{\"@type\":\"PropertyValueSpecification\",\"valueRequired\":true,\"valueName\":\"search_term_string\"}}],\"inLanguage\":\"es\"},{\"@type\":\"Organization\",\"@id\":\"https:\/\/futbolhoy.co\/#organization\",\"name\":\"Futbolhoy.co\",\"url\":\"https:\/\/futbolhoy.co\/\",\"logo\":{\"@type\":\"ImageObject\",\"inLanguage\":\"es\",\"@id\":\"https:\/\/futbolhoy.co\/#\/schema\/logo\/image\/\",\"url\":\"https:\/\/futbolhoy.co\/wp-content\/uploads\/2018\/08\/17426380_1906371736249227_6326180412931521141_n.jpg\",\"contentUrl\":\"https:\/\/futbolhoy.co\/wp-content\/uploads\/2018\/08\/17426380_1906371736249227_6326180412931521141_n.jpg\",\"width\":960,\"height\":960,\"caption\":\"Futbolhoy.co\"},\"image\":{\"@id\":\"https:\/\/futbolhoy.co\/#\/schema\/logo\/image\/\"},\"sameAs\":[\"https:\/\/www.facebook.com\/FutbolHoyCol\/\",\"https:\/\/x.com\/FutbolHoyCol\",\"https:\/\/www.instagram.com\/futbolhoycol\/\"]},{\"@type\":\"Person\",\"@id\":\"https:\/\/futbolhoy.co\/#\/schema\/person\/c4a353a512b127643723a34bb1812f7d\",\"name\":\"Laura Hern\u00e1ndez\",\"image\":{\"@type\":\"ImageObject\",\"inLanguage\":\"es\",\"@id\":\"https:\/\/futbolhoy.co\/#\/schema\/person\/image\/\",\"url\":\"https:\/\/secure.gravatar.com\/avatar\/d25959a15b9b293a743f99181c7cfd01?s=96&d=mm&r=g\",\"contentUrl\":\"https:\/\/secure.gravatar.com\/avatar\/d25959a15b9b293a743f99181c7cfd01?s=96&d=mm&r=g\",\"caption\":\"Laura Hern\u00e1ndez\"}}]}<\/script>\n<!-- \/ Yoast SEO plugin. -->","yoast_head_json":{"title":"D\u00edaz brilla en Champions -","robots":{"index":"index","follow":"follow","max-snippet":"max-snippet:-1","max-image-preview":"max-image-preview:large","max-video-preview":"max-video-preview:-1"},"canonical":"https:\/\/futbolhoy.co\/index.php\/2021\/10\/19\/championsleague\/","og_locale":"es_ES","og_type":"article","og_title":"D\u00edaz brilla en Champions -","og_description":"El colombiano Luis D\u00edaz le dio la victoria al Porto 1-0 sobre el Milan, en partido por la tercera fecha del Grupo B de la Liga de Campeones. D\u00edaz, que anot\u00f3 el tanto a los 65 minutos, complet\u00f3 7 goles en la temporada, el primero en Champions. En el equipo portugu\u00e9s tambi\u00e9n fue titular Matheus [&hellip;]","og_url":"https:\/\/futbolhoy.co\/index.php\/2021\/10\/19\/championsleague\/","article_publisher":"https:\/\/www.facebook.com\/FutbolHoyCol\/","article_published_time":"2021-10-19T19:46:11+00:00","article_modified_time":"2021-10-20T16:45:26+00:00","og_image":[{"width":680,"height":680,"url":"https:\/\/futbolhoy.co\/wp-content\/uploads\/2021\/10\/FCFyePSXIAUCzyi.jpg","type":"image\/jpeg"}],"author":"Laura Hern\u00e1ndez","twitter_card":"summary_large_image","twitter_creator":"@FutbolHoyCol","twitter_site":"@FutbolHoyCol","twitter_misc":{"Escrito por":"Laura Hern\u00e1ndez","Tiempo de lectura":"2 minutos"},"schema":{"@context":"https:\/\/schema.org","@graph":[{"@type":"Article","@id":"https:\/\/futbolhoy.co\/index.php\/2021\/10\/19\/championsleague\/#article","isPartOf":{"@id":"https:\/\/futbolhoy.co\/index.php\/2021\/10\/19\/championsleague\/"},"author":{"name":"Laura Hern\u00e1ndez","@id":"https:\/\/futbolhoy.co\/#\/schema\/person\/c4a353a512b127643723a34bb1812f7d"},"headline":"D\u00edaz brilla en Champions","datePublished":"2021-10-19T19:46:11+00:00","dateModified":"2021-10-20T16:45:26+00:00","mainEntityOfPage":{"@id":"https:\/\/futbolhoy.co\/index.php\/2021\/10\/19\/championsleague\/"},"wordCount":336,"commentCount":0,"publisher":{"@id":"https:\/\/futbolhoy.co\/#organization"},"image":{"@id":"https:\/\/futbolhoy.co\/index.php\/2021\/10\/19\/championsleague\/#primaryimage"},"thumbnailUrl":"https:\/\/futbolhoy.co\/wp-content\/uploads\/2021\/10\/FCFyePSXIAUCzyi.jpg","articleSection":["Colombia"],"inLanguage":"es","potentialAction":[{"@type":"CommentAction","name":"Comment","target":["https:\/\/futbolhoy.co\/index.php\/2021\/10\/19\/championsleague\/#respond"]}]},{"@type":"WebPage","@id":"https:\/\/futbolhoy.co\/index.php\/2021\/10\/19\/championsleague\/","url":"https:\/\/futbolhoy.co\/index.php\/2021\/10\/19\/championsleague\/","name":"D\u00edaz brilla en Champions -","isPartOf":{"@id":"https:\/\/futbolhoy.co\/#website"},"primaryImageOfPage":{"@id":"https:\/\/futbolhoy.co\/index.php\/2021\/10\/19\/championsleague\/#primaryimage"},"image":{"@id":"https:\/\/futbolhoy.co\/index.php\/2021\/10\/19\/championsleague\/#primaryimage"},"thumbnailUrl":"https:\/\/futbolhoy.co\/wp-content\/uploads\/2021\/10\/FCFyePSXIAUCzyi.jpg","datePublished":"2021-10-19T19:46:11+00:00","dateModified":"2021-10-20T16:45:26+00:00","breadcrumb":{"@id":"https:\/\/futbolhoy.co\/index.php\/2021\/10\/19\/championsleague\/#breadcrumb"},"inLanguage":"es","potentialAction":[{"@type":"ReadAction","target":["https:\/\/futbolhoy.co\/index.php\/2021\/10\/19\/championsleague\/"]}]},{"@type":"ImageObject","inLanguage":"es","@id":"https:\/\/futbolhoy.co\/index.php\/2021\/10\/19\/championsleague\/#primaryimage","url":"https:\/\/futbolhoy.co\/wp-content\/uploads\/2021\/10\/FCFyePSXIAUCzyi.jpg","contentUrl":"https:\/\/futbolhoy.co\/wp-content\/uploads\/2021\/10\/FCFyePSXIAUCzyi.jpg","width":680,"height":680},{"@type":"BreadcrumbList","@id":"https:\/\/futbolhoy.co\/index.php\/2021\/10\/19\/championsleague\/#breadcrumb","itemListElement":[{"@type":"ListItem","position":1,"name":"Portada","item":"https:\/\/futbolhoy.co\/"},{"@type":"ListItem","position":2,"name":"D\u00edaz brilla en Champions"}]},{"@type":"WebSite","@id":"https:\/\/futbolhoy.co\/#website","url":"https:\/\/futbolhoy.co\/","name":"FutbolHoy","description":"","publisher":{"@id":"https:\/\/futbolhoy.co\/#organization"},"potentialAction":[{"@type":"SearchAction","target":{"@type":"EntryPoint","urlTemplate":"https:\/\/futbolhoy.co\/?s={search_term_string}"},"query-input":{"@type":"PropertyValueSpecification","valueRequired":true,"valueName":"search_term_string"}}],"inLanguage":"es"},{"@type":"Organization","@id":"https:\/\/futbolhoy.co\/#organization","name":"Futbolhoy.co","url":"https:\/\/futbolhoy.co\/","logo":{"@type":"ImageObject","inLanguage":"es","@id":"https:\/\/futbolhoy.co\/#\/schema\/logo\/image\/","url":"https:\/\/futbolhoy.co\/wp-content\/uploads\/2018\/08\/17426380_1906371736249227_6326180412931521141_n.jpg","contentUrl":"https:\/\/futbolhoy.co\/wp-content\/uploads\/2018\/08\/17426380_1906371736249227_6326180412931521141_n.jpg","width":960,"height":960,"caption":"Futbolhoy.co"},"image":{"@id":"https:\/\/futbolhoy.co\/#\/schema\/logo\/image\/"},"sameAs":["https:\/\/www.facebook.com\/FutbolHoyCol\/","https:\/\/x.com\/FutbolHoyCol","https:\/\/www.instagram.com\/futbolhoycol\/"]},{"@type":"Person","@id":"https:\/\/futbolhoy.co\/#\/schema\/person\/c4a353a512b127643723a34bb1812f7d","name":"Laura Hern\u00e1ndez","image":{"@type":"ImageObject","inLanguage":"es","@id":"https:\/\/futbolhoy.co\/#\/schema\/person\/image\/","url":"https:\/\/secure.gravatar.com\/avatar\/d25959a15b9b293a743f99181c7cfd01?s=96&d=mm&r=g","contentUrl":"https:\/\/secure.gravatar.com\/avatar\/d25959a15b9b293a743f99181c7cfd01?s=96&d=mm&r=g","caption":"Laura Hern\u00e1ndez"}}]}},"publishpress_future_action":{"enabled":false,"date":"2026-05-04 09:05:12","action":"change-status","newStatus":"draft","terms":[],"taxonomy":"category","extraData":[]},"publishpress_future_workflow_manual_trigger":{"enabledWorkflows":[]},"_links":{"self":[{"href":"https:\/\/futbolhoy.co\/index.php\/wp-json\/wp\/v2\/posts\/71434","targetHints":{"allow":["GET"]}}],"collection":[{"href":"https:\/\/futbolhoy.co\/index.php\/wp-json\/wp\/v2\/posts"}],"about":[{"href":"https:\/\/futbolhoy.co\/index.php\/wp-json\/wp\/v2\/types\/post"}],"author":[{"embeddable":true,"href":"https:\/\/futbolhoy.co\/index.php\/wp-json\/wp\/v2\/users\/5"}],"replies":[{"embeddable":true,"href":"https:\/\/futbolhoy.co\/index.php\/wp-json\/wp\/v2\/comments?post=71434"}],"version-history":[{"count":4,"href":"https:\/\/futbolhoy.co\/index.php\/wp-json\/wp\/v2\/posts\/71434\/revisions"}],"predecessor-version":[{"id":71445,"href":"https:\/\/futbolhoy.co\/index.php\/wp-json\/wp\/v2\/posts\/71434\/revisions\/71445"}],"wp:featuredmedia":[{"embeddable":true,"href":"https:\/\/futbolhoy.co\/index.php\/wp-json\/wp\/v2\/media\/71440"}],"wp:attachment":[{"href":"https:\/\/futbolhoy.co\/index.php\/wp-json\/wp\/v2\/media?parent=71434"}],"wp:term":[{"taxonomy":"category","embeddable":true,"href":"https:\/\/futbolhoy.co\/index.php\/wp-json\/wp\/v2\/categories?post=71434"},{"taxonomy":"post_tag","embeddable":true,"href":"https:\/\/futbolhoy.co\/index.php\/wp-json\/wp\/v2\/tags?post=71434"}],"curies":[{"name":"wp","href":"https:\/\/api.w.org\/{rel}","templated":true}]}}